{"id":579,"date":"2026-01-26T20:35:09","date_gmt":"2026-01-26T23:35:09","guid":{"rendered":"https:\/\/www.ufsm.br\/projetos\/institucional\/observatorio-crise\/?p=579"},"modified":"2026-01-26T20:45:30","modified_gmt":"2026-01-26T23:45:30","slug":"sete-anos-da-tragedia-de-brumadinho-o-que-aprendemos-com-o-desastre","status":"publish","type":"post","link":"https:\/\/www.ufsm.br\/projetos\/institucional\/observatorio-crise\/2026\/01\/26\/sete-anos-da-tragedia-de-brumadinho-o-que-aprendemos-com-o-desastre","title":{"rendered":"Sete anos da trag\u00e9dia de Brumadinho: o que aprendemos com o desastre"},"content":{"rendered":"\n<p><span style=\"font-weight: 400\">H\u00e1 sete anos, precisamente no dia 25 de janeiro de 2019, o Brasil vivenciou um dos maiores desastres ambientais da minera\u00e7\u00e3o do pa\u00eds, o rompimento da barragem\u00a0 em Brumadinho (MG), controlada pela Vale S.A. A gravidade do acontecimento fica expl\u00edcita diante da recente <\/span><a href=\"https:\/\/g1.globo.com\/mg\/minas-gerais\/noticia\/2026\/01\/25\/brumadinho-apos-sete-anos-bombeiros-encerram-buscas-por-vitimas-da-tragedia-duas-pessoas-nao-foram-encontradas.ghtml\"><span style=\"font-weight: 400\">not\u00edcia do portal G1<\/span><\/a><span style=\"font-weight: 400\"> de que apenas agora <\/span><span style=\"font-weight: 400\">o Corpo de Bombeiros de Minas Gerais encerrou seu trabalho de buscas por v\u00edtimas da trag\u00e9dia &#8211; ap\u00f3s 2.558 dias, mais de 10 milh\u00f5es de metros c\u00fabicos de rejeitos de minera\u00e7\u00e3o vistoriados e 268 corpos encontrados &#8211;<\/span><span style=\"font-weight: 400\">, consolidando a <\/span><span style=\"font-weight: 400\">maior opera\u00e7\u00e3o de buscas da hist\u00f3ria do Brasil. <\/span><span style=\"font-weight: 400\">Para al\u00e9m das mortes, a<\/span><a href=\"https:\/\/diplomatique.org.br\/memorial-brumadinho-memoria-e-luta-por-justica-sete-anos-apos-a-tragedia\/\"><span style=\"font-weight: 400\"> cidade sofreu grandes impactos ambientais<\/span><\/a><span style=\"font-weight: 400\"> e at\u00e9 hoje a popula\u00e7\u00e3o precisa beber \u00e1gua mineral, fornecida pela Vale. <\/span><span style=\"font-weight: 400\">Em relat\u00f3rio recente, <\/span><a href=\"https:\/\/mab.org.br\/wp-content\/uploads\/2026\/01\/Balanco-7-anos-do-crime.pdf\"><span style=\"font-weight: 400\">o MAB (Movimento dos Atingidos por Barragens)<\/span><\/a><span style=\"font-weight: 400\"> aponta para a lentid\u00e3o nas obras e projetos de recupera\u00e7\u00e3o, a exemplo da taxa de apenas 38% da repara\u00e7\u00e3o socioambiental conclu\u00edda.<\/span><\/p>\n<p>\u00a0<\/p>\n<figure id=\"attachment_580\" aria-describedby=\"caption-attachment-580\" style=\"width: 1024px\" class=\"wp-caption aligncenter\"><img fetchpriority=\"high\" decoding=\"async\" class=\"size-large wp-image-580\" src=\"https:\/\/www.ufsm.br\/app\/uploads\/sites\/880\/2026\/01\/Fenda-1536x640-1-1024x427.png\" alt=\"\" width=\"1024\" height=\"427\" srcset=\"https:\/\/www.ufsm.br\/app\/uploads\/sites\/880\/2026\/01\/Fenda-1536x640-1-1024x427.png 1024w, https:\/\/www.ufsm.br\/app\/uploads\/sites\/880\/2026\/01\/Fenda-1536x640-1-300x125.png 300w, https:\/\/www.ufsm.br\/app\/uploads\/sites\/880\/2026\/01\/Fenda-1536x640-1-768x320.png 768w, https:\/\/www.ufsm.br\/app\/uploads\/sites\/880\/2026\/01\/Fenda-1536x640-1.png 1536w\" sizes=\"(max-width: 1024px) 100vw, 1024px\" \/><figcaption id=\"caption-attachment-580\" class=\"wp-caption-text\">&#8220;Fenda&#8221; (Memorial Brumadinho)<\/figcaption><\/figure>\n<p>\u00a0<\/p>\n<p><span style=\"font-weight: 400\">Em 2023, um termo de compromisso intermediado pelo Minist\u00e9rio P\u00fablico criou o <\/span><a href=\"https:\/\/memorialbrumadinho.org.br\/\"><span style=\"font-weight: 400\">Memorial Brumadinho<\/span><\/a><span style=\"font-weight: 400\">, constru\u00eddo no local onde a trag\u00e9dia ocorreu e fruto da mobiliza\u00e7\u00e3o da Associa\u00e7\u00e3o dos Familiares de V\u00edtimas e Atingidos pelo Rompimento da Barragem Mina C\u00f3rrego do Feij\u00e3o em Brumadinho (Avabrum). <\/span><span style=\"font-weight: 400\">Aberto ao p\u00fablico h\u00e1 um ano e <\/span><span style=\"font-weight: 400\">constituindo um marco de mem\u00f3ria e luta por justi\u00e7a, a iniciativa busca preservar a mem\u00f3ria dos trabalhadores, turistas e moradores da comunidade, cujas vidas foram interrompidas naquele dia. Mais do que somente um espa\u00e7o de mem\u00f3rias e lembran\u00e7as, o Memorial promove iniciativas de reflex\u00e3o (como exposi\u00e7\u00f5es, a\u00e7\u00f5es educativas e culturais) sobre uma das maiores trag\u00e9dias humanit\u00e1rias do pa\u00eds. <\/span><span style=\"font-weight: 400\">No <\/span><span style=\"font-weight: 400\">Monumento<\/span><span style=\"font-weight: 400\"> tudo comunica: informa\u00e7\u00e3o, arquitetura e geografia se unem em um prop\u00f3sito de mem\u00f3ria viva, apresentada pela perspectiva daqueles diretamente atingidos pela trag\u00e9dia. Uma verdadeira li\u00e7\u00e3o sobre a import\u00e2ncia da participa\u00e7\u00e3o desse p\u00fablico na governan\u00e7a do Memorial.<\/span><\/p>\n<p>\u00a0<\/p>\n<figure id=\"attachment_584\" aria-describedby=\"caption-attachment-584\" style=\"width: 1024px\" class=\"wp-caption aligncenter\"><img decoding=\"async\" class=\"size-large wp-image-584\" src=\"https:\/\/www.ufsm.br\/app\/uploads\/sites\/880\/2026\/01\/Memorial-1024x281.jpg\" alt=\"\" width=\"1024\" height=\"281\" srcset=\"https:\/\/www.ufsm.br\/app\/uploads\/sites\/880\/2026\/01\/Memorial-1024x281.jpg 1024w, https:\/\/www.ufsm.br\/app\/uploads\/sites\/880\/2026\/01\/Memorial-300x82.jpg 300w, https:\/\/www.ufsm.br\/app\/uploads\/sites\/880\/2026\/01\/Memorial-768x211.jpg 768w, https:\/\/www.ufsm.br\/app\/uploads\/sites\/880\/2026\/01\/Memorial-1536x422.jpg 1536w, https:\/\/www.ufsm.br\/app\/uploads\/sites\/880\/2026\/01\/Memorial.jpg 1920w\" sizes=\"(max-width: 1024px) 100vw, 1024px\" \/><figcaption id=\"caption-attachment-584\" class=\"wp-caption-text\">Espelho d&#8217;\u00e1gua, Sala Mem\u00f3ria e Mirante (Memorial Brumadinho)<\/figcaption><\/figure>\n<p>\u00a0<\/p>\n<p><span style=\"font-weight: 400\">O aprendizado central de um fato t\u00e3o devastador deve estar na import\u00e2ncia da preven\u00e7\u00e3o de crises e na mitiga\u00e7\u00e3o de danos, caso elas sejam inevit\u00e1veis. Para isso, uma boa <\/span><span style=\"font-weight: 400\">gest\u00e3o de risco<\/span><span style=\"font-weight: 400\"> baseia-se em informa\u00e7\u00f5es confi\u00e1veis, claras e tempestivas. Para sua efetividade, \u00e9 essencial uma comunica\u00e7\u00e3o multissetorial que seja n\u00e3o apenas cont\u00ednua e din\u00e2mica, mas tamb\u00e9m humanizada e personalizada para cada contexto. Com a\u00e7\u00f5es respons\u00e1veis \u00e9 poss\u00edvel transformar alertas t\u00e9cnicos em preven\u00e7\u00e3o real. O caso Brumadinho imp\u00f5e que a gest\u00e3o de risco e crise jamais seja vista como um simples protocolo, mas como um compromisso \u00e9tico constante.<\/span><\/p>\n<p><span style=\"font-weight: 400\">\u00a0<\/span><\/p>\n<p><span style=\"font-weight: 400\">Infelizmente, no exato dia em que se recordam os sete anos da trag\u00e9dia de Brumadinho, <\/span><span style=\"font-weight: 400\">um <\/span><a href=\"https:\/\/oglobo.globo.com\/brasil\/noticia\/2026\/01\/25\/reservatorio-da-vale-se-rompe-e-atinge-area-da-csn-em-mg-no-dia-em-que-brumadinho-completa-sete-anos.ghtml\"><span style=\"font-weight: 400\">reservat\u00f3rio da Vale transbordou<\/span><\/a><span style=\"font-weight: 400\">, no limite entre Congonhas e Ouro Preto, na Regi\u00e3o Central de Minas Gerais, e provocou o alagamento de \u00e1reas da CSN Minera\u00e7\u00e3o. Sem registro de danos diretos \u00e0 popula\u00e7\u00e3o, o epis\u00f3dio reacende o alerta sobre os riscos da minera\u00e7\u00e3o e sobre a import\u00e2ncia da gest\u00e3o de riscos.\u00a0<\/span><\/p>\n","protected":false},"excerpt":{"rendered":"<p>H\u00e1 sete anos, precisamente no dia 25 de janeiro de 2019, o Brasil vivenciou um dos maiores desastres ambientais da minera\u00e7\u00e3o do pa\u00eds, o rompimento da barragem\u00a0 em Brumadinho (MG), controlada pela Vale S.A. A gravidade do acontecimento fica expl\u00edcita diante da recente not\u00edcia do portal G1 de que apenas agora o Corpo de Bombeiros [&hellip;]<\/p>\n","protected":false},"author":315,"featured_media":0,"comment_status":"closed","ping_status":"closed","sticky":false,"template":"","format":"standard","meta":{"footnotes":""},"categories":[2],"tags":[24],"class_list":["post-579","post","type-post","status-publish","format-standard","hentry","category-noticias","tag-noticia"],"acf":[],"_links":{"self":[{"href":"https:\/\/www.ufsm.br\/projetos\/institucional\/observatorio-crise\/wp-json\/wp\/v2\/posts\/579","targetHints":{"allow":["GET"]}}],"collection":[{"href":"https:\/\/www.ufsm.br\/projetos\/institucional\/observatorio-crise\/wp-json\/wp\/v2\/posts"}],"about":[{"href":"https:\/\/www.ufsm.br\/projetos\/institucional\/observatorio-crise\/wp-json\/wp\/v2\/types\/post"}],"author":[{"embeddable":true,"href":"https:\/\/www.ufsm.br\/projetos\/institucional\/observatorio-crise\/wp-json\/wp\/v2\/users\/315"}],"replies":[{"embeddable":true,"href":"https:\/\/www.ufsm.br\/projetos\/institucional\/observatorio-crise\/wp-json\/wp\/v2\/comments?post=579"}],"version-history":[{"count":0,"href":"https:\/\/www.ufsm.br\/projetos\/institucional\/observatorio-crise\/wp-json\/wp\/v2\/posts\/579\/revisions"}],"wp:attachment":[{"href":"https:\/\/www.ufsm.br\/projetos\/institucional\/observatorio-crise\/wp-json\/wp\/v2\/media?parent=579"}],"wp:term":[{"taxonomy":"category","embeddable":true,"href":"https:\/\/www.ufsm.br\/projetos\/institucional\/observatorio-crise\/wp-json\/wp\/v2\/categories?post=579"},{"taxonomy":"post_tag","embeddable":true,"href":"https:\/\/www.ufsm.br\/projetos\/institucional\/observatorio-crise\/wp-json\/wp\/v2\/tags?post=579"}],"curies":[{"name":"wp","href":"https:\/\/api.w.org\/{rel}","templated":true}]}}