{"id":688,"date":"2026-09-02T14:47:28","date_gmt":"2026-09-02T17:47:28","guid":{"rendered":"https:\/\/www.ufsm.br\/projetos\/institucional\/observatorio-crise\/?p=688"},"modified":"2026-09-02T14:47:59","modified_gmt":"2026-09-02T17:47:59","slug":"grupo-de-pesquisa-crise-com-ufsm-convida-comunidade-a-colaborar-em-estudo-que-mapeia-referencias-brasileiras-em-comunicacao-do-risco-e-de-crise","status":"publish","type":"post","link":"https:\/\/www.ufsm.br\/projetos\/institucional\/observatorio-crise\/2026\/09\/02\/grupo-de-pesquisa-crise-com-ufsm-convida-comunidade-a-colaborar-em-estudo-que-mapeia-referencias-brasileiras-em-comunicacao-do-risco-e-de-crise","title":{"rendered":"Grupo de Pesquisa Crise.Com (UFSM) convida comunidade a colaborar em estudo que mapeia refer\u00eancias brasileiras em comunica\u00e7\u00e3o do risco e de crise"},"content":{"rendered":"\n<p><strong><img fetchpriority=\"high\" decoding=\"async\" class=\"alignright size-full wp-image-689\" src=\"https:\/\/www.ufsm.br\/app\/uploads\/sites\/880\/2026\/09\/Crise.Com-.jpg\" alt=\"\" width=\"500\" height=\"500\" srcset=\"https:\/\/www.ufsm.br\/app\/uploads\/sites\/880\/2026\/09\/Crise.Com-.jpg 500w, https:\/\/www.ufsm.br\/app\/uploads\/sites\/880\/2026\/09\/Crise.Com--300x300.jpg 300w, https:\/\/www.ufsm.br\/app\/uploads\/sites\/880\/2026\/09\/Crise.Com--150x150.jpg 150w\" sizes=\"(max-width: 500px) 100vw, 500px\" \/><\/strong>O <strong>Grupo de Pesquisa Crise.Com (UFSM\/CNPq) <\/strong>est\u00e1 desenvolvendo estudo que visa mapear e difundir as principais refer\u00eancias nacionais &#8211; pioneiras e contempor\u00e2neas &#8211; respons\u00e1veis pelo avan\u00e7o e pela consolida\u00e7\u00e3o da \u00e1rea de comunica\u00e7\u00e3o do risco e comunica\u00e7\u00e3o de crise no Brasil nos \u00faltimos 30 anos.<\/p>\n<p>A pesquisa tem por objetivos tra\u00e7ar o panorama de contribui\u00e7\u00f5es, reconhecer os esfor\u00e7os ao longo do tempo, inspirar novas iniciativas e colaborar para a legitima\u00e7\u00e3o do campo.<\/p>\n<p>Nesta fase, os pesquisadores solicitam a colabora\u00e7\u00e3o da comunidade para a<strong> indica\u00e7\u00e3o de nomes de pessoas com as respectivas filia\u00e7\u00f5es acad\u00eamicas\/profissionais e suas contribui\u00e7\u00f5es para a \u00e1rea<\/strong> (autoria de livros, cap\u00edtulos e artigos cient\u00edficos, desenvolvimento de pesquisas, doc\u00eancia, atua\u00e7\u00e3o profissional, etc.).<\/p>\n<p>No formul\u00e1rio, <strong>\u00e9 poss\u00edvel indicar o nome de at\u00e9 cinco pessoas (escritores, professores, consultores, pesquisadores e outros profissionais)<\/strong> que tenham contribu\u00eddo ou contribuem para a \u00e1rea de comunica\u00e7\u00e3o do risco e comunica\u00e7\u00e3o de crise no Brasil.<\/p>\n<p><strong>\u00a0<\/strong><\/p>\n<p><strong>Formul\u00e1rio para indica\u00e7\u00f5es: <\/strong><a href=\"https:\/\/forms.gle\/D5idVanUSy2iAbwd6\">https:\/\/forms.gle\/D5idVanUSy2iAbwd6<\/a><\/p>\n<p><strong>Para saber mais sobre o projeto:<\/strong> <a href=\"https:\/\/portal.ufsm.br\/projetos\/publico\/projetos\/view.html?idProjeto=429299\">https:\/\/portal.ufsm.br\/projetos\/publico\/projetos\/view.html?idProjeto=429299<\/a><\/p>\n","protected":false},"excerpt":{"rendered":"<p>O Grupo de Pesquisa Crise.Com (UFSM\/CNPq) est\u00e1 desenvolvendo estudo que visa mapear e difundir as principais refer\u00eancias nacionais &#8211; pioneiras e contempor\u00e2neas &#8211; respons\u00e1veis pelo avan\u00e7o e pela consolida\u00e7\u00e3o da \u00e1rea de comunica\u00e7\u00e3o do risco e comunica\u00e7\u00e3o de crise no Brasil nos \u00faltimos 30 anos. A pesquisa tem por objetivos tra\u00e7ar o panorama de contribui\u00e7\u00f5es, [&hellip;]<\/p>\n","protected":false},"author":315,"featured_media":0,"comment_status":"closed","ping_status":"closed","sticky":false,"template":"","format":"standard","meta":{"footnotes":""},"categories":[2],"tags":[24],"class_list":["post-688","post","type-post","status-publish","format-standard","hentry","category-noticias","tag-noticia"],"acf":[],"_links":{"self":[{"href":"https:\/\/www.ufsm.br\/projetos\/institucional\/observatorio-crise\/wp-json\/wp\/v2\/posts\/688","targetHints":{"allow":["GET"]}}],"collection":[{"href":"https:\/\/www.ufsm.br\/projetos\/institucional\/observatorio-crise\/wp-json\/wp\/v2\/posts"}],"about":[{"href":"https:\/\/www.ufsm.br\/projetos\/institucional\/observatorio-crise\/wp-json\/wp\/v2\/types\/post"}],"author":[{"embeddable":true,"href":"https:\/\/www.ufsm.br\/projetos\/institucional\/observatorio-crise\/wp-json\/wp\/v2\/users\/315"}],"replies":[{"embeddable":true,"href":"https:\/\/www.ufsm.br\/projetos\/institucional\/observatorio-crise\/wp-json\/wp\/v2\/comments?post=688"}],"version-history":[{"count":0,"href":"https:\/\/www.ufsm.br\/projetos\/institucional\/observatorio-crise\/wp-json\/wp\/v2\/posts\/688\/revisions"}],"wp:attachment":[{"href":"https:\/\/www.ufsm.br\/projetos\/institucional\/observatorio-crise\/wp-json\/wp\/v2\/media?parent=688"}],"wp:term":[{"taxonomy":"category","embeddable":true,"href":"https:\/\/www.ufsm.br\/projetos\/institucional\/observatorio-crise\/wp-json\/wp\/v2\/categories?post=688"},{"taxonomy":"post_tag","embeddable":true,"href":"https:\/\/www.ufsm.br\/projetos\/institucional\/observatorio-crise\/wp-json\/wp\/v2\/tags?post=688"}],"curies":[{"name":"wp","href":"https:\/\/api.w.org\/{rel}","templated":true}]}}