{"id":635,"date":"2026-09-01T21:30:31","date_gmt":"2026-09-02T00:30:31","guid":{"rendered":"https:\/\/www.ufsm.br\/projetos\/institucional\/ovan\/?p=635"},"modified":"2026-09-01T21:48:33","modified_gmt":"2026-09-02T00:48:33","slug":"ovan-presente-no-44o-seurs-em-curitiba-pr","status":"publish","type":"post","link":"https:\/\/www.ufsm.br\/projetos\/institucional\/ovan\/2026\/09\/01\/ovan-presente-no-44o-seurs-em-curitiba-pr","title":{"rendered":"OVAN presente no 44\u00ba SEURS em Curitiba"},"content":{"rendered":"\t\t<div data-elementor-type=\"wp-post\" data-elementor-id=\"635\" class=\"elementor elementor-635\">\n\t\t\t\t\t\t<section class=\"elementor-section elementor-top-section elementor-element elementor-element-27237fa elementor-section-boxed elementor-section-height-default elementor-section-height-default\" data-id=\"27237fa\" data-element_type=\"section\">\n\t\t\t\t\t\t<div class=\"elementor-container elementor-column-gap-default\">\n\t\t\t\t\t<div class=\"elementor-column elementor-col-50 elementor-top-column elementor-element elementor-element-4e3c97a\" data-id=\"4e3c97a\" data-element_type=\"column\">\n\t\t\t<div class=\"elementor-widget-wrap elementor-element-populated\">\n\t\t\t\t\t\t<div class=\"elementor-element elementor-element-1069092 elementor-widget elementor-widget-text-editor\" data-id=\"1069092\" data-element_type=\"widget\" data-widget_type=\"text-editor.default\">\n\t\t\t\t<div class=\"elementor-widget-container\">\n\t\t\t\t\t\t\t<p>Entre os dias 11 e 13 de agosto de 2026, em Curitiba (PR), aconteceu o <b>44\u00ba Semin\u00e1rio de Extens\u00e3o Universit\u00e1ria da Regi\u00e3o Sul<\/b> (SEURS), com o tema <b>\u201cA Extens\u00e3o em defesa da vida: territ\u00f3rios em di\u00e1logo\u201d.<\/b><\/p><p>Representando o Observat\u00f3rio de Vigil\u00e2ncia Alimentar e Nutricional (OVAN), a integrante Camila Zanon Bertin participou deste importante espa\u00e7o de di\u00e1logo, troca de experi\u00eancias e fortalecimento da extens\u00e3o universit\u00e1ria.<\/p><p>O trabalho <strong>\u201cAcesso aos Equipamentos P\u00fablicos de Seguran\u00e7a Alimentar e Nutricional em Santa Maria &#8211; RS: Uma An\u00e1lise Via Georreferenciamento Aplicado&#8221; <\/strong>foi indicado pelo Centro de Ci\u00eancias da Sa\u00fade (CCS) para representar a Universidade Federal de Santa Maria (UFSM) no 44\u00ba SEURS, destacando a relev\u00e2ncia das a\u00e7\u00f5es desenvolvidas no \u00e2mbito da universidade e sua contribui\u00e7\u00e3o para a Seguran\u00e7a Alimentar e Nutricional.<\/p><p>O encontro reafirma a import\u00e2ncia da extens\u00e3o como instrumento de aproxima\u00e7\u00e3o entre universidade e sociedade, promovendo a constru\u00e7\u00e3o coletiva de conhecimentos e a\u00e7\u00f5es comprometidas com a transforma\u00e7\u00e3o dos territ\u00f3rios.<\/p>\t\t\t\t\t\t<\/div>\n\t\t\t\t<\/div>\n\t\t\t\t\t<\/div>\n\t\t<\/div>\n\t\t\t\t<div class=\"elementor-column elementor-col-50 elementor-top-column elementor-element elementor-element-36bbc41\" data-id=\"36bbc41\" data-element_type=\"column\">\n\t\t\t<div class=\"elementor-widget-wrap elementor-element-populated\">\n\t\t\t\t\t\t<div class=\"elementor-element elementor-element-115ba89 elementor-widget__width-initial elementor-widget elementor-widget-image\" data-id=\"115ba89\" data-element_type=\"widget\" data-widget_type=\"image.default\">\n\t\t\t\t<div class=\"elementor-widget-container\">\n\t\t\t\t\t\t\t\t\t\t\t\t\t<img fetchpriority=\"high\" decoding=\"async\" width=\"1024\" height=\"828\" src=\"https:\/\/www.ufsm.br\/app\/uploads\/sites\/869\/2026\/09\/WhatsApp-Image-2026-09-01-at-10.50.19-1024x828.jpeg\" class=\"attachment-large size-large wp-image-636\" alt=\"\" srcset=\"https:\/\/www.ufsm.br\/app\/uploads\/sites\/869\/2026\/09\/WhatsApp-Image-2026-09-01-at-10.50.19-1024x828.jpeg 1024w, https:\/\/www.ufsm.br\/app\/uploads\/sites\/869\/2026\/09\/WhatsApp-Image-2026-09-01-at-10.50.19-300x243.jpeg 300w, https:\/\/www.ufsm.br\/app\/uploads\/sites\/869\/2026\/09\/WhatsApp-Image-2026-09-01-at-10.50.19-768x621.jpeg 768w, https:\/\/www.ufsm.br\/app\/uploads\/sites\/869\/2026\/09\/WhatsApp-Image-2026-09-01-at-10.50.19.jpeg 1088w\" sizes=\"(max-width: 1024px) 100vw, 1024px\" \/>\t\t\t\t\t\t\t\t\t\t\t\t\t<\/div>\n\t\t\t\t<\/div>\n\t\t\t\t<div class=\"elementor-element elementor-element-708356f elementor-widget__width-initial elementor-widget elementor-widget-image\" data-id=\"708356f\" data-element_type=\"widget\" data-widget_type=\"image.default\">\n\t\t\t\t<div class=\"elementor-widget-container\">\n\t\t\t\t\t\t\t\t\t\t\t\t\t<img decoding=\"async\" width=\"900\" height=\"486\" src=\"https:\/\/www.ufsm.br\/app\/uploads\/sites\/869\/2026\/09\/image.jpeg\" class=\"attachment-large size-large wp-image-637\" alt=\"\" srcset=\"https:\/\/www.ufsm.br\/app\/uploads\/sites\/869\/2026\/09\/image.jpeg 900w, https:\/\/www.ufsm.br\/app\/uploads\/sites\/869\/2026\/09\/image-300x162.jpeg 300w, https:\/\/www.ufsm.br\/app\/uploads\/sites\/869\/2026\/09\/image-768x415.jpeg 768w\" sizes=\"(max-width: 900px) 100vw, 900px\" \/>\t\t\t\t\t\t\t\t\t\t\t\t\t<\/div>\n\t\t\t\t<\/div>\n\t\t\t\t\t<\/div>\n\t\t<\/div>\n\t\t\t\t\t<\/div>\n\t\t<\/section>\n\t\t\t\t<\/div>\n\t\t","protected":false},"excerpt":{"rendered":"<p>Entre os dias 11 e 13 de agosto de 2026, em Curitiba (PR), aconteceu o 44\u00ba Semin\u00e1rio de Extens\u00e3o Universit\u00e1ria da Regi\u00e3o Sul (SEURS), com o tema \u201cA Extens\u00e3o em defesa da vida: territ\u00f3rios em di\u00e1logo\u201d. Representando o Observat\u00f3rio de Vigil\u00e2ncia Alimentar e Nutricional (OVAN), a integrante Camila Zanon Bertin participou deste importante espa\u00e7o de [&hellip;]<\/p>\n","protected":false},"author":9741,"featured_media":0,"comment_status":"closed","ping_status":"closed","sticky":false,"template":"","format":"standard","meta":{"footnotes":""},"categories":[1],"tags":[],"class_list":["post-635","post","type-post","status-publish","format-standard","hentry","category-sem-categoria"],"acf":[],"_links":{"self":[{"href":"https:\/\/www.ufsm.br\/projetos\/institucional\/ovan\/wp-json\/wp\/v2\/posts\/635","targetHints":{"allow":["GET"]}}],"collection":[{"href":"https:\/\/www.ufsm.br\/projetos\/institucional\/ovan\/wp-json\/wp\/v2\/posts"}],"about":[{"href":"https:\/\/www.ufsm.br\/projetos\/institucional\/ovan\/wp-json\/wp\/v2\/types\/post"}],"author":[{"embeddable":true,"href":"https:\/\/www.ufsm.br\/projetos\/institucional\/ovan\/wp-json\/wp\/v2\/users\/9741"}],"replies":[{"embeddable":true,"href":"https:\/\/www.ufsm.br\/projetos\/institucional\/ovan\/wp-json\/wp\/v2\/comments?post=635"}],"version-history":[{"count":0,"href":"https:\/\/www.ufsm.br\/projetos\/institucional\/ovan\/wp-json\/wp\/v2\/posts\/635\/revisions"}],"wp:attachment":[{"href":"https:\/\/www.ufsm.br\/projetos\/institucional\/ovan\/wp-json\/wp\/v2\/media?parent=635"}],"wp:term":[{"taxonomy":"category","embeddable":true,"href":"https:\/\/www.ufsm.br\/projetos\/institucional\/ovan\/wp-json\/wp\/v2\/categories?post=635"},{"taxonomy":"post_tag","embeddable":true,"href":"https:\/\/www.ufsm.br\/projetos\/institucional\/ovan\/wp-json\/wp\/v2\/tags?post=635"}],"curies":[{"name":"wp","href":"https:\/\/api.w.org\/{rel}","templated":true}]}}