{"id":444,"date":"2018-10-24T14:24:35","date_gmt":"2018-10-24T17:24:35","guid":{"rendered":"https:\/\/www.ufsm.br\/reitoria\/avaliacao\/csaccr\/?p=444"},"modified":"2020-08-21T15:14:31","modified_gmt":"2020-08-21T18:14:31","slug":"inovacao-curricular-o-protagonismo-de-professores-e-alunos","status":"publish","type":"post","link":"https:\/\/www.ufsm.br\/reitoria\/avaliacao\/csaccr\/2018\/10\/24\/inovacao-curricular-o-protagonismo-de-professores-e-alunos","title":{"rendered":"Inova\u00e7\u00e3o Curricular: o protagonismo de professores e alunos"},"content":{"rendered":"\n<p>No contexto de uma sociedade &#8211; e de uma universidade &#8211; que se querem mais din\u00e2micas, com foco na forma\u00e7\u00e3o pessoal e profissional de pessoas e cidad\u00e3os proativos e comprometidos com a transforma\u00e7\u00e3o, a Unidade de Apoio Pedag\u00f3gico do Centro de Ci\u00eancias Rurais, juntamente com a Comiss\u00e3o Setorial de Avalia\u00e7\u00e3o\/CCR e Pr\u00f3-Reitoria de Gradua\u00e7\u00e3o\/UFSM, e contando com o apoio das demais Unidades de Apoio Peda<span class=\"text_exposed_show\">g\u00f3gico, N\u00facleos de Apoio Pedag\u00f3gico e Departamentos de Ensino dos Col\u00e9gios, promovem &#8220;Inova\u00e7\u00e3o Curricular: o protagonismo de professores e alunos&#8221;. Conduzindo os trabalhos, estar\u00e1 o Prof. Dr. Mauricio Vit\u00f3ria Fagundes (Universidade Federal do Paran\u00e1 &#8211; Litoral), autor do livro Mudar a Universidade \u00e9 Poss\u00edvel? Desafios e Tens\u00f5es de um Projeto Pol\u00edtico Pedag\u00f3gico (2013). A palestra acontecer\u00e1 dia 30 de outubro, \u00e0s 16h, no Audit\u00f3rio Flavio Miguel Schneider (junto ao pr\u00e9dio 42\/CCR).<\/span><\/p>\n<p>\u00a0<\/p>\n<p>As inscri\u00e7\u00f5es s\u00e3o gratuitas e podem ser feitas atrav\u00e9s do\u00a0<a href=\"https:\/\/docs.google.com\/forms\/d\/e\/1FAIpQLSd1Kr-MNqijJ6W6M5ewSkv_UJ0OEbdUlb2rtemon8Ag0vBhRg\/viewform\">LINK<\/a>.<\/p>\n","protected":false},"excerpt":{"rendered":"<p>No contexto de uma sociedade &#8211; e de uma universidade &#8211; que se querem mais din\u00e2micas, com foco na forma\u00e7\u00e3o pessoal e profissional de pessoas e cidad\u00e3os proativos e comprometidos com a transforma\u00e7\u00e3o, a Unidade de Apoio Pedag\u00f3gico do Centro de Ci\u00eancias Rurais, juntamente com a Comiss\u00e3o Setorial de Avalia\u00e7\u00e3o\/CCR e Pr\u00f3-Reitoria de Gradua\u00e7\u00e3o\/UFSM, e [&hellip;]<\/p>\n","protected":false},"author":723,"featured_media":0,"comment_status":"closed","ping_status":"closed","sticky":false,"template":"","format":"standard","meta":{"footnotes":""},"categories":[11],"tags":[],"class_list":["post-444","post","type-post","status-publish","format-standard","hentry","category-noticias"],"acf":[],"_links":{"self":[{"href":"https:\/\/www.ufsm.br\/reitoria\/avaliacao\/csaccr\/wp-json\/wp\/v2\/posts\/444","targetHints":{"allow":["GET"]}}],"collection":[{"href":"https:\/\/www.ufsm.br\/reitoria\/avaliacao\/csaccr\/wp-json\/wp\/v2\/posts"}],"about":[{"href":"https:\/\/www.ufsm.br\/reitoria\/avaliacao\/csaccr\/wp-json\/wp\/v2\/types\/post"}],"author":[{"embeddable":true,"href":"https:\/\/www.ufsm.br\/reitoria\/avaliacao\/csaccr\/wp-json\/wp\/v2\/users\/723"}],"replies":[{"embeddable":true,"href":"https:\/\/www.ufsm.br\/reitoria\/avaliacao\/csaccr\/wp-json\/wp\/v2\/comments?post=444"}],"version-history":[{"count":0,"href":"https:\/\/www.ufsm.br\/reitoria\/avaliacao\/csaccr\/wp-json\/wp\/v2\/posts\/444\/revisions"}],"wp:attachment":[{"href":"https:\/\/www.ufsm.br\/reitoria\/avaliacao\/csaccr\/wp-json\/wp\/v2\/media?parent=444"}],"wp:term":[{"taxonomy":"category","embeddable":true,"href":"https:\/\/www.ufsm.br\/reitoria\/avaliacao\/csaccr\/wp-json\/wp\/v2\/categories?post=444"},{"taxonomy":"post_tag","embeddable":true,"href":"https:\/\/www.ufsm.br\/reitoria\/avaliacao\/csaccr\/wp-json\/wp\/v2\/tags?post=444"}],"curies":[{"name":"wp","href":"https:\/\/api.w.org\/{rel}","templated":true}]}}