{"id":1185,"date":"2024-11-13T14:44:31","date_gmt":"2024-11-13T17:44:31","guid":{"rendered":"https:\/\/www.ufsm.br\/reitoria\/avaliacao\/csace\/?p=1185"},"modified":"2024-11-13T14:44:33","modified_gmt":"2024-11-13T17:44:33","slug":"caice-csa-ce-seleciona-bolsista-para-a-area-de-comunicacao","status":"publish","type":"post","link":"https:\/\/www.ufsm.br\/reitoria\/avaliacao\/csace\/2024\/11\/13\/caice-csa-ce-seleciona-bolsista-para-a-area-de-comunicacao","title":{"rendered":"CAICE\/CSA-CE seleciona bolsista para a \u00c1rea de Comunica\u00e7\u00e3o"},"content":{"rendered":"\n<p>A Comiss\u00e3o Setorial de Avalia\u00e7\u00e3o do Centro de Educa\u00e7\u00e3o (CAICE\/CSA-CE) torna p\u00fablica a abertura de inscri\u00e7\u00f5es para sele\u00e7\u00e3o de 01 (um) BOLSISTA PRAE \u2013 \u00c1REA: COMUNICA\u00c7\u00c3O, destinado exclusivamente <span lang=\"pt-BR\">a<\/span>\u00a0acad\u00eamicas(os) dos cursos de<strong> Desenho Industrial,<\/strong> <strong>Jornalismo<\/strong>, <strong>Produ\u00e7\u00e3o Editorial<\/strong>, <strong>Publicidade e Propaganda<\/strong> e <strong>Rela\u00e7\u00f5es P\u00fablicas<\/strong>, para atuar na Secretaria da CAICE\/CSA-CE, junto aos processos de Avalia\u00e7\u00e3o e Autoavalia\u00e7\u00e3o Institucional e aos projetos de pesquisa,\u00a0 implementados por esta Comiss\u00e3o.<\/p>\n<p align=\"justify\"><b>1. CRONOGRAMA<\/b><\/p>\n<table style=\"width: 100%;height: 508px\" width=\"588\" cellspacing=\"0\" cellpadding=\"7\">\n<tbody>\n<tr style=\"height: 68px\" valign=\"top\">\n<td style=\"height: 68px\" bgcolor=\"#ffffff\" width=\"352\">\n<p align=\"center\"><b>ATIVIDADE<\/b><\/p>\n<\/td>\n<td style=\"height: 68px\" bgcolor=\"#ffffff\" width=\"206\">\n<p align=\"center\"><b>PER\u00cdODO<\/b><\/p>\n<\/td>\n<\/tr>\n<tr style=\"height: 68px\" valign=\"top\">\n<td style=\"height: 68px\" bgcolor=\"#ffffff\" width=\"352\">\n<p align=\"justify\">Lan\u00e7amento Chamada P\u00fablica<\/p>\n<\/td>\n<td style=\"height: 68px\" bgcolor=\"#ffffff\" width=\"206\">\n<p align=\"justify\">13\/11\/2024<\/p>\n<\/td>\n<\/tr>\n<tr style=\"height: 68px\" valign=\"top\">\n<td style=\"height: 68px\" bgcolor=\"#ffffff\" width=\"352\">\n<p align=\"justify\">Inscri\u00e7\u00e3o dos candidatos<\/p>\n<\/td>\n<td style=\"height: 68px\" bgcolor=\"#ffffff\" width=\"206\">\n<p align=\"justify\">14 a 24\/11\/2024<\/p>\n<\/td>\n<\/tr>\n<tr style=\"height: 68px\" valign=\"top\">\n<td style=\"height: 68px\" bgcolor=\"#ffffff\" width=\"352\">\n<p align=\"justify\">Entrevista individual<\/p>\n<\/td>\n<td style=\"height: 68px\" bgcolor=\"#ffffff\" width=\"206\">\n<p align=\"justify\">25\/11\/2024<\/p>\n<\/td>\n<\/tr>\n<tr style=\"height: 68px\" valign=\"top\">\n<td style=\"height: 68px\" bgcolor=\"#ffffff\" width=\"352\">\n<p align=\"justify\">An\u00e1lise do curr\u00edculo e avalia\u00e7\u00e3o dos candidatos<\/p>\n<\/td>\n<td style=\"height: 68px\" bgcolor=\"#ffffff\" width=\"206\">\n<p align=\"justify\">26\/11\/2024<\/p>\n<\/td>\n<\/tr>\n<tr style=\"height: 68px\" valign=\"top\">\n<td style=\"height: 68px\" bgcolor=\"#ffffff\" width=\"352\">\n<p align=\"justify\">Divulga\u00e7\u00e3o do Resultado Final<\/p>\n<\/td>\n<td style=\"height: 68px\" bgcolor=\"#ffffff\" width=\"206\">\n<p align=\"justify\">27\/11\/2024<\/p>\n<\/td>\n<\/tr>\n<tr style=\"height: 100px\" valign=\"top\">\n<td style=\"height: 100px\" bgcolor=\"#ffffff\" width=\"352\">\n<p align=\"justify\">Per\u00edodo da bolsa<\/p>\n<\/td>\n<td style=\"height: 100px\" bgcolor=\"#ffffff\" width=\"206\">\n<p align=\"justify\">02 a 21\/12\/2024 (com possibilidade de renova\u00e7\u00e3o a partir de mar\u00e7o de 2025)<\/p>\n<\/td>\n<\/tr>\n<\/tbody>\n<\/table>\n<p align=\"justify\">Os candidatos dever\u00e3o preencher o formul\u00e1rio de inscri\u00e7\u00e3o entre os dias 14 e 24 de novembro de 2024, acessando-o atrav\u00e9s do link <a href=\"https:\/\/forms.gle\/kXFp4uASePkjiKhS6\">https:\/\/forms.gle\/YFCVqgwi9njZbfhr7<\/a>.<\/p>\n<p align=\"justify\">Para acessar o a Chamada P\u00fablica na \u00edntegra, clique <a href=\"https:\/\/www.ufsm.br\/app\/uploads\/sites\/733\/2024\/11\/Edital-01-2024_Bolsista_Comunicacao_CAICE_2024.pdf\">aqui<\/a>.<\/p>\n<p align=\"justify\">Maiores informa\u00e7\u00f5es atrav\u00e9s do e-mail\u00a0<a href=\"https:\/\/www.ufsm.br\/reitoria\/avaliacao\/csace\/2023\/08\/14\/caiceufsm@ufsm.br\">caiceufsm@ufsm.br<\/a>.<\/p>\n\n\n","protected":false},"excerpt":{"rendered":"<p>Inscri\u00e7\u00f5es v\u00e3o de 14 a 24 de novembro de 2024<\/p>\n","protected":false},"author":5710,"featured_media":0,"comment_status":"closed","ping_status":"closed","sticky":false,"template":"","format":"standard","meta":{"footnotes":""},"categories":[82,103,11,1],"tags":[70,118,58,63,119],"class_list":["post-1185","post","type-post","status-publish","format-standard","hentry","category-comissao-propria-de-avaliacao","category-edital","category-noticias","category-sem-categoria","tag-bolsa","tag-bolsa-prae","tag-caice","tag-centro-de-educacao","tag-comunicacao"],"acf":[],"_links":{"self":[{"href":"https:\/\/www.ufsm.br\/reitoria\/avaliacao\/csace\/wp-json\/wp\/v2\/posts\/1185","targetHints":{"allow":["GET"]}}],"collection":[{"href":"https:\/\/www.ufsm.br\/reitoria\/avaliacao\/csace\/wp-json\/wp\/v2\/posts"}],"about":[{"href":"https:\/\/www.ufsm.br\/reitoria\/avaliacao\/csace\/wp-json\/wp\/v2\/types\/post"}],"author":[{"embeddable":true,"href":"https:\/\/www.ufsm.br\/reitoria\/avaliacao\/csace\/wp-json\/wp\/v2\/users\/5710"}],"replies":[{"embeddable":true,"href":"https:\/\/www.ufsm.br\/reitoria\/avaliacao\/csace\/wp-json\/wp\/v2\/comments?post=1185"}],"version-history":[{"count":0,"href":"https:\/\/www.ufsm.br\/reitoria\/avaliacao\/csace\/wp-json\/wp\/v2\/posts\/1185\/revisions"}],"wp:attachment":[{"href":"https:\/\/www.ufsm.br\/reitoria\/avaliacao\/csace\/wp-json\/wp\/v2\/media?parent=1185"}],"wp:term":[{"taxonomy":"category","embeddable":true,"href":"https:\/\/www.ufsm.br\/reitoria\/avaliacao\/csace\/wp-json\/wp\/v2\/categories?post=1185"},{"taxonomy":"post_tag","embeddable":true,"href":"https:\/\/www.ufsm.br\/reitoria\/avaliacao\/csace\/wp-json\/wp\/v2\/tags?post=1185"}],"curies":[{"name":"wp","href":"https:\/\/api.w.org\/{rel}","templated":true}]}}