{"id":566,"date":"2023-02-02T14:44:26","date_gmt":"2023-02-02T17:44:26","guid":{"rendered":"https:\/\/www.ufsm.br\/reitoria\/avaliacao\/csact\/?p=566"},"modified":"2023-02-02T14:51:09","modified_gmt":"2023-02-02T17:51:09","slug":"avaliacao-ensino-aprendizagem-na-ufsm-vai-ate-31-de-marco-de-2023","status":"publish","type":"post","link":"https:\/\/www.ufsm.br\/reitoria\/avaliacao\/csact\/2023\/02\/02\/avaliacao-ensino-aprendizagem-na-ufsm-vai-ate-31-de-marco-de-2023","title":{"rendered":"Avalia\u00e7\u00e3o Ensino-Aprendizagem na UFSM vai at\u00e9 31 de mar\u00e7o de 2023"},"content":{"rendered":"\n<p><span class=\"im\">Os estudantes da UFSM j\u00e1 podem avaliar as disciplinas do segundo semestre letivo de 2022. A Avalia\u00e7\u00e3o Ensino-Aprendizagem, dispon\u00edvel no aplicativo <a href=\"https:\/\/play.google.com\/store\/apps\/details?id=br.ufsm.cpd.ufsmdigital&amp;pli=1\" target=\"_blank\" rel=\"noopener\">UFSM Digital<\/a>\u00a0e no\u00a0<a href=\"https:\/\/portal.ufsm.br\/aluno\/\" target=\"_blank\" rel=\"noopener\">Portal do Aluno<\/a>, segue at\u00e9 31 de mar\u00e7o.<br \/><br \/>Desde a \u00faltima edi\u00e7\u00e3o, referente ao primeiro semestre de 2022, a avalia\u00e7\u00e3o est\u00e1 mais curta, com apenas tr\u00eas quest\u00f5es: o professor atuou de maneira satisfat\u00f3ria para o desenvolvimento da disciplina; as estrat\u00e9gias de ensino adotadas colaboraram para o alcance dos objetivos de aprendizagem; considerando o contexto do meu curso, estou satisfeito com o conte\u00fado abordado na disciplina.\u00a0As respostas podem ser dadas numa escala que vai de \u201cdiscordo totalmente\u201d a \u201cconcordo totalmente\u201d.<br \/><br \/><\/span>Al\u00e9m das quest\u00f5es objetivas, que visam avaliar a atua\u00e7\u00e3o docente, as estrat\u00e9gias de ensino e o conte\u00fado das disciplinas, h\u00e1 espa\u00e7os abertos para o envio de sugest\u00f5es e cr\u00edticas construtivas referentes \u00e0s disciplinas e\u00a0ao processo de ensino-aprendizagem do semestre. Ao digitar as respostas, os estudantes devem evitar linguagem violenta, conforme as diretrizes do\u00a0<a href=\"https:\/\/www.ufsm.br\/pro-reitorias\/proplan\/codigo-de-etica-e-convivencia-discente-da-universidade-federal-de-santa-maria\" target=\"_blank\" rel=\"noopener\">C\u00f3digo de \u00c9tica e Conviv\u00eancia Discente da UFSM<\/a>.\u00a0<\/p>\n<p>Participe, avalie, torne a UFSM e o CT melhores!<\/p>\n<div>\u00a0<\/div>\n<p><img fetchpriority=\"high\" decoding=\"async\" class=\"wp-image-567 aligncenter\" src=\"https:\/\/www.ufsm.br\/app\/uploads\/sites\/735\/2023\/02\/Carrossel-Ensino-Aprendizagem_06-1024x1021.jpg\" alt=\"\" width=\"811\" height=\"809\" srcset=\"https:\/\/www.ufsm.br\/app\/uploads\/sites\/735\/2023\/02\/Carrossel-Ensino-Aprendizagem_06-1024x1021.jpg 1024w, https:\/\/www.ufsm.br\/app\/uploads\/sites\/735\/2023\/02\/Carrossel-Ensino-Aprendizagem_06-300x300.jpg 300w, https:\/\/www.ufsm.br\/app\/uploads\/sites\/735\/2023\/02\/Carrossel-Ensino-Aprendizagem_06-150x150.jpg 150w, https:\/\/www.ufsm.br\/app\/uploads\/sites\/735\/2023\/02\/Carrossel-Ensino-Aprendizagem_06-768x766.jpg 768w, https:\/\/www.ufsm.br\/app\/uploads\/sites\/735\/2023\/02\/Carrossel-Ensino-Aprendizagem_06.jpg 1083w\" sizes=\"(max-width: 811px) 100vw, 811px\" \/><\/p>\n","protected":false},"excerpt":{"rendered":"<p>Os estudantes da UFSM j\u00e1 podem avaliar as disciplinas do segundo semestre letivo de 2022. A Avalia\u00e7\u00e3o Ensino-Aprendizagem, dispon\u00edvel no aplicativo UFSM Digital\u00a0e no\u00a0Portal do Aluno, segue at\u00e9 31 de mar\u00e7o. Desde a \u00faltima edi\u00e7\u00e3o, referente ao primeiro semestre de 2022, a avalia\u00e7\u00e3o est\u00e1 mais curta, com apenas tr\u00eas quest\u00f5es: o professor atuou de maneira [&hellip;]<\/p>\n","protected":false},"author":4772,"featured_media":0,"comment_status":"closed","ping_status":"closed","sticky":false,"template":"","format":"standard","meta":{"footnotes":""},"categories":[11],"tags":[37],"class_list":["post-566","post","type-post","status-publish","format-standard","hentry","category-noticias","tag-csa-ct"],"acf":[],"_links":{"self":[{"href":"https:\/\/www.ufsm.br\/reitoria\/avaliacao\/csact\/wp-json\/wp\/v2\/posts\/566","targetHints":{"allow":["GET"]}}],"collection":[{"href":"https:\/\/www.ufsm.br\/reitoria\/avaliacao\/csact\/wp-json\/wp\/v2\/posts"}],"about":[{"href":"https:\/\/www.ufsm.br\/reitoria\/avaliacao\/csact\/wp-json\/wp\/v2\/types\/post"}],"author":[{"embeddable":true,"href":"https:\/\/www.ufsm.br\/reitoria\/avaliacao\/csact\/wp-json\/wp\/v2\/users\/4772"}],"replies":[{"embeddable":true,"href":"https:\/\/www.ufsm.br\/reitoria\/avaliacao\/csact\/wp-json\/wp\/v2\/comments?post=566"}],"version-history":[{"count":0,"href":"https:\/\/www.ufsm.br\/reitoria\/avaliacao\/csact\/wp-json\/wp\/v2\/posts\/566\/revisions"}],"wp:attachment":[{"href":"https:\/\/www.ufsm.br\/reitoria\/avaliacao\/csact\/wp-json\/wp\/v2\/media?parent=566"}],"wp:term":[{"taxonomy":"category","embeddable":true,"href":"https:\/\/www.ufsm.br\/reitoria\/avaliacao\/csact\/wp-json\/wp\/v2\/categories?post=566"},{"taxonomy":"post_tag","embeddable":true,"href":"https:\/\/www.ufsm.br\/reitoria\/avaliacao\/csact\/wp-json\/wp\/v2\/tags?post=566"}],"curies":[{"name":"wp","href":"https:\/\/api.w.org\/{rel}","templated":true}]}}