{"id":63,"date":"2026-09-03T15:37:57","date_gmt":"2026-09-03T18:37:57","guid":{"rendered":"https:\/\/www.ufsm.br\/reitoria\/cis\/?p=63"},"modified":"2026-09-03T15:37:58","modified_gmt":"2026-09-03T18:37:58","slug":"cis-ufsm-presta-suporte-a-taes-ativos-e-aposentados-no-processo-do-rsc","status":"publish","type":"post","link":"https:\/\/www.ufsm.br\/reitoria\/cis\/2026\/09\/03\/cis-ufsm-presta-suporte-a-taes-ativos-e-aposentados-no-processo-do-rsc","title":{"rendered":"CIS\/UFSM Presta Suporte a TAEs Ativos e Aposentados no Processo do RSC"},"content":{"rendered":"\n<p class=\"wp-block-paragraph\">A Comiss\u00e3o Interna de Supervis\u00e3o do Plano de Carreira dos Cargos T\u00e9cnico-Administrativos em Educa\u00e7\u00e3o (CIS\/UFSM) est\u00e1 realizando um trabalho fundamental de apoio e orienta\u00e7\u00e3o aos servidores da institui\u00e7\u00e3o quanto ao Reconhecimento de Saberes e Compet\u00eancias (RSC). Para os servidores t\u00e9cnico-administrativos (TAEs) em atividade, a comiss\u00e3o tem prestado aux\u00edlio direto em todas as etapas de montagem e encaminhamento do processo administrativo do RSC, garantindo que os trabalhadores possam obter a certifica\u00e7\u00e3o e o devido desenvolvimento na carreira.<\/p>\n\n\n\n<p class=\"wp-block-paragraph\">Pensando tamb\u00e9m nos servidores inativos, a CIS estendeu esse suporte aos aposentados e pensionistas. Como a legisla\u00e7\u00e3o atual n\u00e3o prev\u00ea a concess\u00e3o direta do RSC a quem j\u00e1 se aposentou, a comiss\u00e3o auxilia no levantamento da documenta\u00e7\u00e3o necess\u00e1ria para que esses servidores possam ingressar na via judicial. Dessa forma, a CIS atua para que os aposentados da UFSM tenham o respaldo necess\u00e1rio ao buscar na Justi\u00e7a o direito de receber a equaliza\u00e7\u00e3o financeira referente ao reconhecimento de suas trajet\u00f3rias profissionais.<\/p>\n\n\n\n<figure class=\"wp-block-gallery has-nested-images columns-default is-cropped wp-block-gallery-1 is-layout-flex wp-block-gallery-is-layout-flex\">\n<figure class=\"wp-block-image size-large is-resized\"><img fetchpriority=\"high\" decoding=\"async\" width=\"900\" height=\"600\" data-id=\"66\" src=\"https:\/\/www.ufsm.br\/app\/uploads\/sites\/927\/2026\/09\/WhatsApp-Image-2026-09-03-at-15.15.57-1-edited.jpeg\" alt=\"\" class=\"wp-image-66\" style=\"width:521px;height:auto\" srcset=\"https:\/\/www.ufsm.br\/app\/uploads\/sites\/927\/2026\/09\/WhatsApp-Image-2026-09-03-at-15.15.57-1-edited.jpeg 900w, https:\/\/www.ufsm.br\/app\/uploads\/sites\/927\/2026\/09\/WhatsApp-Image-2026-09-03-at-15.15.57-1-edited-300x200.jpeg 300w, https:\/\/www.ufsm.br\/app\/uploads\/sites\/927\/2026\/09\/WhatsApp-Image-2026-09-03-at-15.15.57-1-edited-768x512.jpeg 768w, https:\/\/www.ufsm.br\/app\/uploads\/sites\/927\/2026\/09\/WhatsApp-Image-2026-09-03-at-15.15.57-1-edited-272x182.jpeg 272w\" sizes=\"(max-width: 900px) 100vw, 900px\" \/><\/figure>\n\n\n\n<figure class=\"wp-block-image size-large is-resized\"><img decoding=\"async\" width=\"900\" height=\"600\" data-id=\"69\" src=\"https:\/\/www.ufsm.br\/app\/uploads\/sites\/927\/2026\/09\/WhatsApp-Image-2026-09-03-at-15.15.57-edited.jpeg\" alt=\"\" class=\"wp-image-69\" style=\"width:520px;height:auto\" srcset=\"https:\/\/www.ufsm.br\/app\/uploads\/sites\/927\/2026\/09\/WhatsApp-Image-2026-09-03-at-15.15.57-edited.jpeg 900w, https:\/\/www.ufsm.br\/app\/uploads\/sites\/927\/2026\/09\/WhatsApp-Image-2026-09-03-at-15.15.57-edited-300x200.jpeg 300w, https:\/\/www.ufsm.br\/app\/uploads\/sites\/927\/2026\/09\/WhatsApp-Image-2026-09-03-at-15.15.57-edited-768x512.jpeg 768w, https:\/\/www.ufsm.br\/app\/uploads\/sites\/927\/2026\/09\/WhatsApp-Image-2026-09-03-at-15.15.57-edited-272x182.jpeg 272w\" sizes=\"(max-width: 900px) 100vw, 900px\" \/><\/figure>\n<\/figure>\n\n\n\n<p class=\"wp-block-paragraph\">(Fotos tiradas do auxilio e orienta\u00e7\u00e3o aos servidores da institui\u00e7\u00e3o na sala da CIS\/UFSM.)<\/p>\n\n\n\n<p class=\"wp-block-paragraph\"><strong>A CIS est\u00e1 dispon\u00edvel para auxilio dos servidores todos os dias das 14:00 \u00e0s 17:00 horas, sala n\u00famero 300, terceiro andar do pr\u00e9dio da reitoria campus UFSM. <\/strong> <\/p>\n\n\n\n<p class=\"wp-block-paragraph\"><\/p>\n","protected":false},"excerpt":{"rendered":"<p>A Comiss\u00e3o Interna de Supervis\u00e3o do Plano de Carreira dos Cargos T\u00e9cnico-Administrativos em Educa\u00e7\u00e3o (CIS\/UFSM) est\u00e1 realizando um trabalho fundamental de apoio e orienta\u00e7\u00e3o aos servidores da institui\u00e7\u00e3o quanto ao Reconhecimento de Saberes e Compet\u00eancias (RSC). Para os servidores t\u00e9cnico-administrativos (TAEs) em atividade, a comiss\u00e3o tem prestado aux\u00edlio direto em todas as etapas de montagem [&hellip;]<\/p>\n","protected":false},"author":9624,"featured_media":0,"comment_status":"closed","ping_status":"closed","sticky":false,"template":"","format":"standard","meta":{"footnotes":""},"categories":[1],"tags":[7,8,6],"class_list":["post-63","post","type-post","status-publish","format-standard","hentry","category-sem-categoria","tag-cis","tag-servidores","tag-taes"],"acf":[],"_links":{"self":[{"href":"https:\/\/www.ufsm.br\/reitoria\/cis\/wp-json\/wp\/v2\/posts\/63","targetHints":{"allow":["GET"]}}],"collection":[{"href":"https:\/\/www.ufsm.br\/reitoria\/cis\/wp-json\/wp\/v2\/posts"}],"about":[{"href":"https:\/\/www.ufsm.br\/reitoria\/cis\/wp-json\/wp\/v2\/types\/post"}],"author":[{"embeddable":true,"href":"https:\/\/www.ufsm.br\/reitoria\/cis\/wp-json\/wp\/v2\/users\/9624"}],"replies":[{"embeddable":true,"href":"https:\/\/www.ufsm.br\/reitoria\/cis\/wp-json\/wp\/v2\/comments?post=63"}],"version-history":[{"count":0,"href":"https:\/\/www.ufsm.br\/reitoria\/cis\/wp-json\/wp\/v2\/posts\/63\/revisions"}],"wp:attachment":[{"href":"https:\/\/www.ufsm.br\/reitoria\/cis\/wp-json\/wp\/v2\/media?parent=63"}],"wp:term":[{"taxonomy":"category","embeddable":true,"href":"https:\/\/www.ufsm.br\/reitoria\/cis\/wp-json\/wp\/v2\/categories?post=63"},{"taxonomy":"post_tag","embeddable":true,"href":"https:\/\/www.ufsm.br\/reitoria\/cis\/wp-json\/wp\/v2\/tags?post=63"}],"curies":[{"name":"wp","href":"https:\/\/api.w.org\/{rel}","templated":true}]}}