{"id":1496,"date":"2026-06-11T17:01:42","date_gmt":"2026-06-11T20:01:42","guid":{"rendered":"https:\/\/www.ufsm.br\/reitoria\/gabinete\/?p=1496"},"modified":"2026-06-11T17:01:43","modified_gmt":"2026-06-11T20:01:43","slug":"ufsm-realiza-estudo-de-campo-para-avaliar-o-fluxo-de-veiculos-nos-acessos-ao-campus","status":"publish","type":"post","link":"https:\/\/www.ufsm.br\/reitoria\/gabinete\/ufsm-realiza-estudo-de-campo-para-avaliar-o-fluxo-de-veiculos-nos-acessos-ao-campus","title":{"rendered":"UFSM realiza estudo de campo para avaliar o fluxo de ve\u00edculos nos acessos ao campus"},"content":{"rendered":"\n<p class=\"wp-block-paragraph\">Com o objetivo de diagnosticar a mobilidade urbana e planejar melhorias no tr\u00e2nsito da regi\u00e3o, o Grupo de Trabalho (GT) da UFSM respons\u00e1vel pelos estudos de mobilidade e interse\u00e7\u00e3o da av. Roraima com a RSC-287 dar\u00e1 in\u00edcio a uma nova etapa de levantamento de dados na pr\u00f3xima semana. Entre ter\u00e7a e quinta-feira (de 16 a 18 de junho), equipes realizar\u00e3o a contagem volum\u00e9trica de ve\u00edculos em pontos estrat\u00e9gicos de grande movimento. N\u00e3o haver\u00e1 interrup\u00e7\u00e3o no tr\u00e2nsito durante a realiza\u00e7\u00e3o dos estudos.<\/p>\n\n\n\n<p class=\"wp-block-paragraph\">Pontos monitorados<br>&#8211; Interse\u00e7\u00e3o da Faixa Nova de Camobi com a Av. Roraima;<br>&#8211; Interse\u00e7\u00e3o da Faixa Velha de Camobi com a Av. Roraima;<br>&#8211; Interse\u00e7\u00e3o de acesso ao Aeroporto.<\/p>\n\n\n\n<p class=\"wp-block-paragraph\">Dias e hor\u00e1rios das contagens:<br>As coletas de dados ocorrer\u00e3o nos hor\u00e1rios de pico, per\u00edodos em que o fluxo \u00e9 mais intenso:<br>&#8211; Ter\u00e7a, quarta e quinta-feira<br>&#8211; Turno da manh\u00e3: das 7h \u00e0s 9h<br>&#8211; Turno do meio-dia: das 11h30 \u00e0s 13h30<br>&#8211; Turno da tarde\/noite: das 17h30 \u00e0s 19h30<\/p>\n\n\n\n<p class=\"wp-block-paragraph\">Segundo o Prof. Tiago Marchesan, vice-reitor da UFSM, a a\u00e7\u00e3o faz parte do compromisso t\u00e9cnico da UFSM em embasar as discuss\u00f5es sobre a infraestrutura vi\u00e1ria local com dados precisos.<\/p>\n","protected":false},"excerpt":{"rendered":"<p>Com o objetivo de diagnosticar a mobilidade urbana e planejar melhorias no tr\u00e2nsito da regi\u00e3o, o Grupo de Trabalho (GT) da UFSM respons\u00e1vel pelos estudos de mobilidade e interse\u00e7\u00e3o da av. Roraima com a RSC-287 dar\u00e1 in\u00edcio a uma nova etapa de levantamento de dados na pr\u00f3xima semana. Entre ter\u00e7a e quinta-feira (de 16 a [&hellip;]<\/p>\n","protected":false},"author":278,"featured_media":0,"comment_status":"closed","ping_status":"closed","sticky":false,"template":"","format":"standard","meta":{"footnotes":""},"categories":[1],"tags":[],"class_list":["post-1496","post","type-post","status-publish","format-standard","hentry","category-noticias"],"acf":[],"_links":{"self":[{"href":"https:\/\/www.ufsm.br\/reitoria\/gabinete\/wp-json\/wp\/v2\/posts\/1496","targetHints":{"allow":["GET"]}}],"collection":[{"href":"https:\/\/www.ufsm.br\/reitoria\/gabinete\/wp-json\/wp\/v2\/posts"}],"about":[{"href":"https:\/\/www.ufsm.br\/reitoria\/gabinete\/wp-json\/wp\/v2\/types\/post"}],"author":[{"embeddable":true,"href":"https:\/\/www.ufsm.br\/reitoria\/gabinete\/wp-json\/wp\/v2\/users\/278"}],"replies":[{"embeddable":true,"href":"https:\/\/www.ufsm.br\/reitoria\/gabinete\/wp-json\/wp\/v2\/comments?post=1496"}],"version-history":[{"count":0,"href":"https:\/\/www.ufsm.br\/reitoria\/gabinete\/wp-json\/wp\/v2\/posts\/1496\/revisions"}],"wp:attachment":[{"href":"https:\/\/www.ufsm.br\/reitoria\/gabinete\/wp-json\/wp\/v2\/media?parent=1496"}],"wp:term":[{"taxonomy":"category","embeddable":true,"href":"https:\/\/www.ufsm.br\/reitoria\/gabinete\/wp-json\/wp\/v2\/categories?post=1496"},{"taxonomy":"post_tag","embeddable":true,"href":"https:\/\/www.ufsm.br\/reitoria\/gabinete\/wp-json\/wp\/v2\/tags?post=1496"}],"curies":[{"name":"wp","href":"https:\/\/api.w.org\/{rel}","templated":true}]}}