{"id":1598,"date":"2026-08-27T13:58:46","date_gmt":"2026-08-27T16:58:46","guid":{"rendered":"https:\/\/www.ufsm.br\/reitoria\/gabinete\/?p=1598"},"modified":"2026-08-27T13:58:48","modified_gmt":"2026-08-27T16:58:48","slug":"ufsm-e-dce-discutem-melhorias-na-infraestrutura-e-nos-espacos-destinados-aos-estudantes","status":"publish","type":"post","link":"https:\/\/www.ufsm.br\/reitoria\/gabinete\/ufsm-e-dce-discutem-melhorias-na-infraestrutura-e-nos-espacos-destinados-aos-estudantes","title":{"rendered":"UFSM e DCE discutem melhorias na infraestrutura e nos espa\u00e7os destinados aos estudantes"},"content":{"rendered":"\n<p class=\"wp-block-paragraph\">Na \u00faltima ter\u00e7a-feira (18), equipes da Pr\u00f3-Reitoria de Infraestrutura (Proinfra) e da Pr\u00f3-Reitoria de Assuntos Estudantis (PRAE) da UFSM reuniram-se com representantes do Diret\u00f3rio Central dos Estudantes (DCE) para discutir demandas relacionadas \u00e0 infraestrutura e \u00e0 assist\u00eancia estudantil.<\/p>\n\n\n\n<p class=\"wp-block-paragraph\">O encontro teve como objetivo avaliar melhorias que podem ser implementadas ainda neste ano e estabelecer encaminhamentos para as demandas previstas para os pr\u00f3ximos per\u00edodos.<\/p>\n\n\n\n<p class=\"wp-block-paragraph\">Entre os assuntos discutidos, estiveram a melhoria da ilumina\u00e7\u00e3o no campus, a instala\u00e7\u00e3o de bancos nas paradas de \u00f4nibus, a qualifica\u00e7\u00e3o das cal\u00e7adas e das condi\u00e7\u00f5es de acessibilidade, al\u00e9m de demandas de manuten\u00e7\u00e3o e melhorias nas Casas do Estudante.<\/p>\n\n\n\n<p class=\"wp-block-paragraph\">Tamb\u00e9m foi discutida a necessidade de articula\u00e7\u00e3o com as diferentes unidades de ensino da Universidade, buscando identificar demandas espec\u00edficas e viabilizar a\u00e7\u00f5es de melhoria nos espa\u00e7os utilizados pela comunidade acad\u00eamica.<\/p>\n\n\n\n<p class=\"wp-block-paragraph\">A reuni\u00e3o refor\u00e7a o compromisso da UFSM com o di\u00e1logo com os estudantes e com a constru\u00e7\u00e3o conjunta de solu\u00e7\u00f5es para melhorar os espa\u00e7os universit\u00e1rios.<\/p>\n","protected":false},"excerpt":{"rendered":"<p>Na \u00faltima ter\u00e7a-feira (18), equipes da Pr\u00f3-Reitoria de Infraestrutura (Proinfra) e da Pr\u00f3-Reitoria de Assuntos Estudantis (PRAE) da UFSM reuniram-se com representantes do Diret\u00f3rio Central dos Estudantes (DCE) para discutir demandas relacionadas \u00e0 infraestrutura e \u00e0 assist\u00eancia estudantil. O encontro teve como objetivo avaliar melhorias que podem ser implementadas ainda neste ano e estabelecer encaminhamentos [&hellip;]<\/p>\n","protected":false},"author":7940,"featured_media":0,"comment_status":"closed","ping_status":"closed","sticky":false,"template":"","format":"standard","meta":{"footnotes":""},"categories":[1],"tags":[165,166,164,65,104,141,101,87],"class_list":["post-1598","post","type-post","status-publish","format-standard","hentry","category-noticias","tag-assuntos-estudantis","tag-casa-do-estudante","tag-dce","tag-estudantes","tag-infraestrutura","tag-prae","tag-proinfra","tag-ufsm"],"acf":[],"_links":{"self":[{"href":"https:\/\/www.ufsm.br\/reitoria\/gabinete\/wp-json\/wp\/v2\/posts\/1598","targetHints":{"allow":["GET"]}}],"collection":[{"href":"https:\/\/www.ufsm.br\/reitoria\/gabinete\/wp-json\/wp\/v2\/posts"}],"about":[{"href":"https:\/\/www.ufsm.br\/reitoria\/gabinete\/wp-json\/wp\/v2\/types\/post"}],"author":[{"embeddable":true,"href":"https:\/\/www.ufsm.br\/reitoria\/gabinete\/wp-json\/wp\/v2\/users\/7940"}],"replies":[{"embeddable":true,"href":"https:\/\/www.ufsm.br\/reitoria\/gabinete\/wp-json\/wp\/v2\/comments?post=1598"}],"version-history":[{"count":0,"href":"https:\/\/www.ufsm.br\/reitoria\/gabinete\/wp-json\/wp\/v2\/posts\/1598\/revisions"}],"wp:attachment":[{"href":"https:\/\/www.ufsm.br\/reitoria\/gabinete\/wp-json\/wp\/v2\/media?parent=1598"}],"wp:term":[{"taxonomy":"category","embeddable":true,"href":"https:\/\/www.ufsm.br\/reitoria\/gabinete\/wp-json\/wp\/v2\/categories?post=1598"},{"taxonomy":"post_tag","embeddable":true,"href":"https:\/\/www.ufsm.br\/reitoria\/gabinete\/wp-json\/wp\/v2\/tags?post=1598"}],"curies":[{"name":"wp","href":"https:\/\/api.w.org\/{rel}","templated":true}]}}