{"id":1599,"date":"2026-08-28T11:55:50","date_gmt":"2026-08-28T14:55:50","guid":{"rendered":"https:\/\/www.ufsm.br\/reitoria\/gabinete\/?p=1599"},"modified":"2026-08-28T11:55:51","modified_gmt":"2026-08-28T14:55:51","slug":"consu-aprova-protocolo-para-situacoes-de-interrupcao-da-presencialidade-na-ufsm","status":"publish","type":"post","link":"https:\/\/www.ufsm.br\/reitoria\/gabinete\/consu-aprova-protocolo-para-situacoes-de-interrupcao-da-presencialidade-na-ufsm","title":{"rendered":"Consu aprova protocolo para situa\u00e7\u00f5es de interrup\u00e7\u00e3o da presencialidade na UFSM"},"content":{"rendered":"\n\n\n<p class=\"wp-block-paragraph\">Foi aprovada nesta sexta-feira (28), durante a 895\u00aa Sess\u00e3o do Conselho Universit\u00e1rio (Consu), a Proposta de Resolu\u00e7\u00e3o que institui o Protocolo de Resposta \u00e0 Interrup\u00e7\u00e3o da Presencialidade (PRIP) da Universidade Federal de Santa Maria.<\/p>\n\n\n\n<p class=\"wp-block-paragraph\">O protocolo estabelece orienta\u00e7\u00f5es para a atua\u00e7\u00e3o da Universidade em situa\u00e7\u00f5es excepcionais, emergenciais ou cr\u00edticas que comprometam, total ou parcialmente, a realiza\u00e7\u00e3o de atividades presenciais acad\u00eamicas, administrativas ou assistenciais. A medida busca garantir a seguran\u00e7a da comunidade universit\u00e1ria e a continuidade dos servi\u00e7os institucionais.<\/p>\n\n\n\n<p class=\"wp-block-paragraph\">O PRIP prev\u00ea tr\u00eas n\u00edveis de resposta: Alerta (amarelo), Restri\u00e7\u00e3o (laranja) e Cr\u00edtico (vermelho), com medidas que podem incluir a flexibiliza\u00e7\u00e3o de hor\u00e1rios, restri\u00e7\u00e3o ou suspens\u00e3o de atividades presenciais, ado\u00e7\u00e3o de trabalho remoto emergencial e manuten\u00e7\u00e3o de servi\u00e7os essenciais, conforme a gravidade de cada situa\u00e7\u00e3o.<\/p>\n\n\n\n<p class=\"wp-block-paragraph\">O protocolo tamb\u00e9m estabelece procedimentos para a comunica\u00e7\u00e3o institucional, a retomada das atividades presenciais e a atua\u00e7\u00e3o de um Gabinete de Crise, respons\u00e1vel por avaliar a situa\u00e7\u00e3o e subsidiar as decis\u00f5es da Administra\u00e7\u00e3o Central.<\/p>\n\n\n\n<p class=\"wp-block-paragraph\">As altera\u00e7\u00f5es do processo podem ser consultadas no <a href=\"https:\/\/portal.ufsm.br\/documentos\/publico\/processo\/documento.html?idDocumento=15861949\">Portal de Documentos<\/a>. <\/p>\n","protected":false},"excerpt":{"rendered":"<p>Foi aprovada nesta sexta-feira (28), durante a 895\u00aa Sess\u00e3o do Conselho Universit\u00e1rio (Consu), a Proposta de Resolu\u00e7\u00e3o que institui o Protocolo de Resposta \u00e0 Interrup\u00e7\u00e3o da Presencialidade (PRIP) da Universidade Federal de Santa Maria. O protocolo estabelece orienta\u00e7\u00f5es para a atua\u00e7\u00e3o da Universidade em situa\u00e7\u00f5es excepcionais, emergenciais ou cr\u00edticas que comprometam, total ou parcialmente, a [&hellip;]<\/p>\n","protected":false},"author":7940,"featured_media":0,"comment_status":"closed","ping_status":"closed","sticky":false,"template":"","format":"standard","meta":{"footnotes":""},"categories":[1],"tags":[120,169,170,168],"class_list":["post-1599","post","type-post","status-publish","format-standard","hentry","category-noticias","tag-consu","tag-orientacoes","tag-prip","tag-protocolo"],"acf":[],"_links":{"self":[{"href":"https:\/\/www.ufsm.br\/reitoria\/gabinete\/wp-json\/wp\/v2\/posts\/1599","targetHints":{"allow":["GET"]}}],"collection":[{"href":"https:\/\/www.ufsm.br\/reitoria\/gabinete\/wp-json\/wp\/v2\/posts"}],"about":[{"href":"https:\/\/www.ufsm.br\/reitoria\/gabinete\/wp-json\/wp\/v2\/types\/post"}],"author":[{"embeddable":true,"href":"https:\/\/www.ufsm.br\/reitoria\/gabinete\/wp-json\/wp\/v2\/users\/7940"}],"replies":[{"embeddable":true,"href":"https:\/\/www.ufsm.br\/reitoria\/gabinete\/wp-json\/wp\/v2\/comments?post=1599"}],"version-history":[{"count":0,"href":"https:\/\/www.ufsm.br\/reitoria\/gabinete\/wp-json\/wp\/v2\/posts\/1599\/revisions"}],"wp:attachment":[{"href":"https:\/\/www.ufsm.br\/reitoria\/gabinete\/wp-json\/wp\/v2\/media?parent=1599"}],"wp:term":[{"taxonomy":"category","embeddable":true,"href":"https:\/\/www.ufsm.br\/reitoria\/gabinete\/wp-json\/wp\/v2\/categories?post=1599"},{"taxonomy":"post_tag","embeddable":true,"href":"https:\/\/www.ufsm.br\/reitoria\/gabinete\/wp-json\/wp\/v2\/tags?post=1599"}],"curies":[{"name":"wp","href":"https:\/\/api.w.org\/{rel}","templated":true}]}}