{"id":1600,"date":"2026-08-28T14:25:32","date_gmt":"2026-08-28T17:25:32","guid":{"rendered":"https:\/\/www.ufsm.br\/reitoria\/gabinete\/?p=1600"},"modified":"2026-08-28T14:48:37","modified_gmt":"2026-08-28T17:48:37","slug":"ufsm-discute-criacao-de-protocolos-para-enfrentamento-ao-racismo-na-instituicao","status":"publish","type":"post","link":"https:\/\/www.ufsm.br\/reitoria\/gabinete\/ufsm-discute-criacao-de-protocolos-para-enfrentamento-ao-racismo-na-instituicao","title":{"rendered":"UFSM discute cria\u00e7\u00e3o de protocolos para enfrentamento ao racismo na Institui\u00e7\u00e3o"},"content":{"rendered":"\n<figure id=\"attachment_1603\" aria-describedby=\"caption-attachment-1603\" style=\"width: 500px\" class=\"wp-caption alignright\"><img fetchpriority=\"high\" decoding=\"async\" class=\"wp-image-1603\" src=\"https:\/\/www.ufsm.br\/app\/uploads\/sites\/361\/2026\/08\/Representantes-de-setores-da-UFSM-reunidos-para-discutir-sobre-a-criacao-de-protocolos-para-enfrentamento-ao-racismo-na-Instituicao.jpeg\" alt=\"\" width=\"500\" height=\"411\" srcset=\"https:\/\/www.ufsm.br\/app\/uploads\/sites\/361\/2026\/08\/Representantes-de-setores-da-UFSM-reunidos-para-discutir-sobre-a-criacao-de-protocolos-para-enfrentamento-ao-racismo-na-Instituicao.jpeg 960w, https:\/\/www.ufsm.br\/app\/uploads\/sites\/361\/2026\/08\/Representantes-de-setores-da-UFSM-reunidos-para-discutir-sobre-a-criacao-de-protocolos-para-enfrentamento-ao-racismo-na-Instituicao-300x247.jpeg 300w, https:\/\/www.ufsm.br\/app\/uploads\/sites\/361\/2026\/08\/Representantes-de-setores-da-UFSM-reunidos-para-discutir-sobre-a-criacao-de-protocolos-para-enfrentamento-ao-racismo-na-Instituicao-768x631.jpeg 768w\" sizes=\"(max-width: 500px) 100vw, 500px\" \/><figcaption id=\"caption-attachment-1603\" class=\"wp-caption-text\">Representantes de setores da UFSM reunidos para discutir sobre a cria\u00e7\u00e3o de protocolos para enfrentamento ao racismo na Institui\u00e7\u00e3o.<\/figcaption><\/figure>\n<p class=\"selectable-text copyable-text x15bjb6t x1n2onr6\"><span class=\"selectable-text copyable-text xkrh14z\">A Assessoria de Promo\u00e7\u00e3o da Igualdade Racial da UFSM, em conjunto com a Ouvidoria, a Coordenadoria de Cidadania, o Observat\u00f3rio de Direitos Humanos e o N\u00facleo de Estudos Afro-Brasileiros e Ind\u00edgenas (NEABI), realizou, nesta sexta-feira (28), reuni\u00e3o para discutir a elabora\u00e7\u00e3o de protocolos e fluxos institucionais de enfrentamento ao racismo.<\/span><\/p>\n<p class=\"selectable-text copyable-text x15bjb6t x1n2onr6\"><span class=\"selectable-text copyable-text xkrh14z\">A iniciativa busca fortalecer as a\u00e7\u00f5es de combate ao racismo em suas diferentes dimens\u00f5es, al\u00e9m de promover uma cultura de equidade \u00e9tnico-racial nos diferentes espa\u00e7os da Universidade.<\/span><\/p>\n<p class=\"selectable-text copyable-text x15bjb6t x1n2onr6\"><span class=\"selectable-text copyable-text xkrh14z\">Como encaminhamento da reuni\u00e3o, ser\u00e1 constitu\u00eddo um Grupo de Trabalho (GT), que dar\u00e1 continuidade \u00e0s discuss\u00f5es e trabalhar\u00e1 na elabora\u00e7\u00e3o de dispositivos institucionais voltados ao enfrentamento das situa\u00e7\u00f5es de racismo e \u00e0 promo\u00e7\u00e3o da igualdade racial na UFSM.<\/span><\/p>\n","protected":false},"excerpt":{"rendered":"<p>A Assessoria de Promo\u00e7\u00e3o da Igualdade Racial da UFSM, em conjunto com a Ouvidoria, a Coordenadoria de Cidadania, o Observat\u00f3rio de Direitos Humanos e o N\u00facleo de Estudos Afro-Brasileiros e Ind\u00edgenas (NEABI), realizou, nesta sexta-feira (28), reuni\u00e3o para discutir a elabora\u00e7\u00e3o de protocolos e fluxos institucionais de enfrentamento ao racismo. A iniciativa busca fortalecer as [&hellip;]<\/p>\n","protected":false},"author":7940,"featured_media":0,"comment_status":"closed","ping_status":"closed","sticky":false,"template":"","format":"standard","meta":{"footnotes":""},"categories":[1],"tags":[110,173,174,113,171,172],"class_list":["post-1600","post","type-post","status-publish","format-standard","hentry","category-noticias","tag-aspir","tag-coordenadoria-de-cidadania","tag-enfrentamento-ao-racismo","tag-etnico-racial","tag-neabi","tag-observatorio-de-direitos-humanos"],"acf":[],"_links":{"self":[{"href":"https:\/\/www.ufsm.br\/reitoria\/gabinete\/wp-json\/wp\/v2\/posts\/1600","targetHints":{"allow":["GET"]}}],"collection":[{"href":"https:\/\/www.ufsm.br\/reitoria\/gabinete\/wp-json\/wp\/v2\/posts"}],"about":[{"href":"https:\/\/www.ufsm.br\/reitoria\/gabinete\/wp-json\/wp\/v2\/types\/post"}],"author":[{"embeddable":true,"href":"https:\/\/www.ufsm.br\/reitoria\/gabinete\/wp-json\/wp\/v2\/users\/7940"}],"replies":[{"embeddable":true,"href":"https:\/\/www.ufsm.br\/reitoria\/gabinete\/wp-json\/wp\/v2\/comments?post=1600"}],"version-history":[{"count":0,"href":"https:\/\/www.ufsm.br\/reitoria\/gabinete\/wp-json\/wp\/v2\/posts\/1600\/revisions"}],"wp:attachment":[{"href":"https:\/\/www.ufsm.br\/reitoria\/gabinete\/wp-json\/wp\/v2\/media?parent=1600"}],"wp:term":[{"taxonomy":"category","embeddable":true,"href":"https:\/\/www.ufsm.br\/reitoria\/gabinete\/wp-json\/wp\/v2\/categories?post=1600"},{"taxonomy":"post_tag","embeddable":true,"href":"https:\/\/www.ufsm.br\/reitoria\/gabinete\/wp-json\/wp\/v2\/tags?post=1600"}],"curies":[{"name":"wp","href":"https:\/\/api.w.org\/{rel}","templated":true}]}}