{"id":1612,"date":"2026-09-02T14:43:06","date_gmt":"2026-09-02T17:43:06","guid":{"rendered":"https:\/\/www.ufsm.br\/reitoria\/gabinete\/?p=1612"},"modified":"2026-09-02T14:43:08","modified_gmt":"2026-09-02T17:43:08","slug":"ufsm-reestrutura-cpd-que-passa-a-ser-diretoria-de-tecnologia-da-informacao-e-transformacao-digital-dti","status":"publish","type":"post","link":"https:\/\/www.ufsm.br\/reitoria\/gabinete\/ufsm-reestrutura-cpd-que-passa-a-ser-diretoria-de-tecnologia-da-informacao-e-transformacao-digital-dti","title":{"rendered":"UFSM reestrutura CPD, que passa a ser Diretoria de Tecnologia da Informa\u00e7\u00e3o e Transforma\u00e7\u00e3o Digital (DTI)"},"content":{"rendered":"\n<p class=\"wp-block-paragraph\">A Universidade Federal de Santa Maria (UFSM) concluiu, no dia 1\u00ba de setembro, a reestrutura\u00e7\u00e3o do antigo Centro de Processamento de Dados (CPD), que passa a constituir a Diretoria de Tecnologia da Informa\u00e7\u00e3o e Transforma\u00e7\u00e3o Digital (DTI).<\/p>\n\n\n\n<p class=\"wp-block-paragraph\">A mudan\u00e7a busca fortalecer a atua\u00e7\u00e3o estrat\u00e9gica da Universidade nas \u00e1reas de tecnologia da informa\u00e7\u00e3o, transforma\u00e7\u00e3o digital, dados e servi\u00e7os digitais, com uma estrutura mais integrada e alinhada \u00e0s demandas institucionais.<\/p>\n\n\n\n<p class=\"wp-block-paragraph\">O processo de reestrutura\u00e7\u00e3o foi liderado pela Coordenadoria de Planejamento Administrativo (COPLAD), da Pr\u00f3-Reitoria de Planejamento (PROPLAN), em articula\u00e7\u00e3o com a Pr\u00f3-Reitoria de Gest\u00e3o de Pessoas (PROGEP), a Divis\u00e3o de Patrim\u00f4nio (DIPAT), o Departamento de Arquivo Geral (DAG) e a pr\u00f3pria DTI.<\/p>\n\n\n\n<p class=\"wp-block-paragraph\">A nova estrutura representa um avan\u00e7o na organiza\u00e7\u00e3o das \u00e1reas de tecnologia da Universidade, ampliando a integra\u00e7\u00e3o entre os setores e contribuindo para o desenvolvimento de solu\u00e7\u00f5es digitais e de gest\u00e3o de dados que apoiem as atividades acad\u00eamicas e administrativas da UFSM. <\/p>\n","protected":false},"excerpt":{"rendered":"<p>A Universidade Federal de Santa Maria (UFSM) concluiu, no dia 1\u00ba de setembro, a reestrutura\u00e7\u00e3o do antigo Centro de Processamento de Dados (CPD), que passa a constituir a Diretoria de Tecnologia da Informa\u00e7\u00e3o e Transforma\u00e7\u00e3o Digital (DTI). A mudan\u00e7a busca fortalecer a atua\u00e7\u00e3o estrat\u00e9gica da Universidade nas \u00e1reas de tecnologia da informa\u00e7\u00e3o, transforma\u00e7\u00e3o digital, dados [&hellip;]<\/p>\n","protected":false},"author":7940,"featured_media":0,"comment_status":"closed","ping_status":"closed","sticky":false,"template":"","format":"standard","meta":{"footnotes":""},"categories":[1],"tags":[175,102,177,178,162],"class_list":["post-1612","post","type-post","status-publish","format-standard","hentry","category-noticias","tag-dti","tag-proplan","tag-reestruturacao","tag-tecnologia-da-informacao","tag-transformacao-digital"],"acf":[],"_links":{"self":[{"href":"https:\/\/www.ufsm.br\/reitoria\/gabinete\/wp-json\/wp\/v2\/posts\/1612","targetHints":{"allow":["GET"]}}],"collection":[{"href":"https:\/\/www.ufsm.br\/reitoria\/gabinete\/wp-json\/wp\/v2\/posts"}],"about":[{"href":"https:\/\/www.ufsm.br\/reitoria\/gabinete\/wp-json\/wp\/v2\/types\/post"}],"author":[{"embeddable":true,"href":"https:\/\/www.ufsm.br\/reitoria\/gabinete\/wp-json\/wp\/v2\/users\/7940"}],"replies":[{"embeddable":true,"href":"https:\/\/www.ufsm.br\/reitoria\/gabinete\/wp-json\/wp\/v2\/comments?post=1612"}],"version-history":[{"count":0,"href":"https:\/\/www.ufsm.br\/reitoria\/gabinete\/wp-json\/wp\/v2\/posts\/1612\/revisions"}],"wp:attachment":[{"href":"https:\/\/www.ufsm.br\/reitoria\/gabinete\/wp-json\/wp\/v2\/media?parent=1612"}],"wp:term":[{"taxonomy":"category","embeddable":true,"href":"https:\/\/www.ufsm.br\/reitoria\/gabinete\/wp-json\/wp\/v2\/categories?post=1612"},{"taxonomy":"post_tag","embeddable":true,"href":"https:\/\/www.ufsm.br\/reitoria\/gabinete\/wp-json\/wp\/v2\/tags?post=1612"}],"curies":[{"name":"wp","href":"https:\/\/api.w.org\/{rel}","templated":true}]}}