{"id":1616,"date":"2026-09-04T16:29:23","date_gmt":"2026-09-04T19:29:23","guid":{"rendered":"https:\/\/www.ufsm.br\/reitoria\/gabinete\/?p=1616"},"modified":"2026-09-04T16:31:36","modified_gmt":"2026-09-04T19:31:36","slug":"comunicado-sobre-o-uso-da-imagem-da-ufsm-em-manifestacoes-politico-eleitorais","status":"publish","type":"post","link":"https:\/\/www.ufsm.br\/reitoria\/gabinete\/comunicado-sobre-o-uso-da-imagem-da-ufsm-em-manifestacoes-politico-eleitorais","title":{"rendered":"Comunicado sobre o uso da imagem da UFSM em manifesta\u00e7\u00f5es pol\u00edtico-eleitorais"},"content":{"rendered":"\n<p class=\"wp-block-paragraph\">O Gabinete da Reitoria informa que, t\u00e3o logo tomou conhecimento de conte\u00fado que vinculava a UFSM a um candidato, encaminhou notifica\u00e7\u00e3o \u00e0 entidade respons\u00e1vel, orientando sobre os limites institucionais e legais.<br>Como autarquia federal, a UFSM est\u00e1 sujeita aos princ\u00edpios da impessoalidade, da isonomia e \u00e0 legisla\u00e7\u00e3o eleitoral. Por isso, a utiliza\u00e7\u00e3o de seu nome, marca ou s\u00edmbolos em prol de qualquer candidatura ou partido \u00e9 vedada e pode configurar infra\u00e7\u00e3o ao per\u00edodo de defeso. Enquanto institui\u00e7\u00e3o p\u00fablica e plural, a Universidade n\u00e3o se vincula a partidos, coliga\u00e7\u00f5es ou campanhas partid\u00e1rias.<br>A Reitoria destaca ainda que as manifesta\u00e7\u00f5es de movimentos sociais e entidades representativas expressam posi\u00e7\u00f5es pr\u00f3prias e n\u00e3o representam a totalidade da institui\u00e7\u00e3o. Assim, \u00e9 indevido o uso da denomina\u00e7\u00e3o &#8220;UFSM&#8221; de forma a sugerir um posicionamento oficial da Universidade.<br>Por fim, reitera-se que a atua\u00e7\u00e3o da Reitoria busca proteger a imagem institucional e resguardar a comunidade acad\u00eamica. A liberdade de express\u00e3o permanece assegurada, desde que exercida em nome pr\u00f3prio e sem a vincula\u00e7\u00e3o indevida da marca da institui\u00e7\u00e3o.<\/p>\n\n\n\n<p class=\"wp-block-paragraph\">Gabinete da Reitoria<br>01\/09\/2026 &#8211; 16h23<\/p>\n","protected":false},"excerpt":{"rendered":"<p>O Gabinete da Reitoria informa que, t\u00e3o logo tomou conhecimento de conte\u00fado que vinculava a UFSM a um candidato, encaminhou notifica\u00e7\u00e3o \u00e0 entidade respons\u00e1vel, orientando sobre os limites institucionais e legais.Como autarquia federal, a UFSM est\u00e1 sujeita aos princ\u00edpios da impessoalidade, da isonomia e \u00e0 legisla\u00e7\u00e3o eleitoral. Por isso, a utiliza\u00e7\u00e3o de seu nome, marca [&hellip;]<\/p>\n","protected":false},"author":278,"featured_media":0,"comment_status":"closed","ping_status":"closed","sticky":false,"template":"","format":"standard","meta":{"footnotes":""},"categories":[1],"tags":[180,179],"class_list":["post-1616","post","type-post","status-publish","format-standard","hentry","category-noticias","tag-defeso-eleitoral","tag-nota"],"acf":[],"_links":{"self":[{"href":"https:\/\/www.ufsm.br\/reitoria\/gabinete\/wp-json\/wp\/v2\/posts\/1616","targetHints":{"allow":["GET"]}}],"collection":[{"href":"https:\/\/www.ufsm.br\/reitoria\/gabinete\/wp-json\/wp\/v2\/posts"}],"about":[{"href":"https:\/\/www.ufsm.br\/reitoria\/gabinete\/wp-json\/wp\/v2\/types\/post"}],"author":[{"embeddable":true,"href":"https:\/\/www.ufsm.br\/reitoria\/gabinete\/wp-json\/wp\/v2\/users\/278"}],"replies":[{"embeddable":true,"href":"https:\/\/www.ufsm.br\/reitoria\/gabinete\/wp-json\/wp\/v2\/comments?post=1616"}],"version-history":[{"count":0,"href":"https:\/\/www.ufsm.br\/reitoria\/gabinete\/wp-json\/wp\/v2\/posts\/1616\/revisions"}],"wp:attachment":[{"href":"https:\/\/www.ufsm.br\/reitoria\/gabinete\/wp-json\/wp\/v2\/media?parent=1616"}],"wp:term":[{"taxonomy":"category","embeddable":true,"href":"https:\/\/www.ufsm.br\/reitoria\/gabinete\/wp-json\/wp\/v2\/categories?post=1616"},{"taxonomy":"post_tag","embeddable":true,"href":"https:\/\/www.ufsm.br\/reitoria\/gabinete\/wp-json\/wp\/v2\/tags?post=1616"}],"curies":[{"name":"wp","href":"https:\/\/api.w.org\/{rel}","templated":true}]}}