{"id":1423,"date":"2018-10-08T14:20:27","date_gmt":"2018-10-08T17:20:27","guid":{"rendered":"https:\/\/www.ufsm.br\/unidades-universitarias\/cachoeira-do-sul\/2018\/10\/08\/lamot-completa-dois-anos-e-organiza-seminario-para-comemorar\/"},"modified":"2018-11-14T15:55:55","modified_gmt":"2018-11-14T17:55:55","slug":"lamot-completa-dois-anos-e-organiza-seminario-para-comemorar","status":"publish","type":"post","link":"https:\/\/www.ufsm.br\/unidades-universitarias\/cachoeira-do-sul\/2018\/10\/08\/lamot-completa-dois-anos-e-organiza-seminario-para-comemorar","title":{"rendered":"LAMOT completa dois anos e organiza semin\u00e1rio para comemorar"},"content":{"rendered":"<p style=\"text-align: justify\"><span style=\"font-size: 12pt;font-family: arial,helvetica,sans-serif\">No \u00faltimo domingo (7), o Laborat\u00f3rio de Mobilidade e Log\u00edstica (LAMOT) da UFSM &#8211; Campus Cachoeira do Sul completou dois anos. Para comemorar, foi organizado o Semin\u00e1rio sobre &#8220;Planejamento de Transporte Sustent\u00e1vel: experi\u00eancia e case internacional da Col\u00f4mbia&#8221;, dirigido pelos professores do curso de Engenharia de Transportes e Log\u00edstica, Alejandro Ruiz Padillo e Vanessa Alves Rotta.<\/span><\/p>\n<p>&nbsp;<\/p>\n<p style=\"text-align: center\"><img fetchpriority=\"high\" decoding=\"async\" class=\" size-full wp-image-1422\" src=\"https:\/\/www.ufsm.br\/unidades-universitarias\/cachoeira-do-sul\/wp-content\/uploads\/sites\/376\/2018\/10\/Flyer_Colombia-1.jpg\" alt=\"Flyer Colombia\" width=\"700\" height=\"394\" srcset=\"https:\/\/www.ufsm.br\/app\/uploads\/sites\/376\/2018\/10\/Flyer_Colombia-1.jpg 1280w, https:\/\/www.ufsm.br\/app\/uploads\/sites\/376\/2018\/10\/Flyer_Colombia-1-300x169.jpg 300w, https:\/\/www.ufsm.br\/app\/uploads\/sites\/376\/2018\/10\/Flyer_Colombia-1-768x432.jpg 768w, https:\/\/www.ufsm.br\/app\/uploads\/sites\/376\/2018\/10\/Flyer_Colombia-1-1024x576.jpg 1024w\" sizes=\"(max-width: 700px) 100vw, 700px\" \/><\/p>\n<p style=\"text-align: justify\"><span style=\"font-family: arial,helvetica,sans-serif;font-size: 12pt\">O evento acontece \u00e0s 15h30min, do dia 10 de outubro, na Sala 2 da UAB, e \u00e9 aberto \u00e0 participa\u00e7\u00e3o de toda a comunidade acad\u00eamica da UFSM &#8211; Cachoeira do Sul. No semin\u00e1rio, que contar\u00e1 com um formato mais descontra\u00eddo, visando propiciar a participa\u00e7\u00e3o ativa dos presentes, os professores Alejandro e Vanessa transmitir\u00e3o as experi\u00eancias vividas na Col\u00f4mbia sobre o planejamento dos transportes nesse pa\u00eds e como isto tem impactado o cotidiano, inclusive do ponto de vista social e cultural.<\/span><\/p>\n<p><span style=\"font-family: arial,helvetica,sans-serif;font-size: 12pt\">O Semin\u00e1rio sobre &#8220;Planejamento de Transporte Sustent\u00e1vel: experi\u00eancia e case internacional da Col\u00f4mbia&#8221; tem o apoio da Comiss\u00e3o Setorial de Avalia\u00e7\u00e3o da UFSM &#8211; Cachoeira do Sul.<\/span><\/p>\n","protected":false},"excerpt":{"rendered":"<p>No \u00faltimo domingo (7), o Laborat\u00f3rio de Mobilidade e Log\u00edstica (LAMOT) da UFSM &#8211; Campus Cachoeira do Sul completou dois anos. Para comemorar, foi organizado o Semin\u00e1rio sobre &#8220;Planejamento de Transporte Sustent\u00e1vel: experi\u00eancia e case internacional da Col\u00f4mbia&#8221;, dirigido pelos professores do curso de Engenharia de Transportes e Log\u00edstica, Alejandro Ruiz Padillo e Vanessa Alves [&hellip;]<\/p>\n","protected":false},"author":25,"featured_media":0,"comment_status":"closed","ping_status":"closed","sticky":false,"template":"","format":"standard","meta":{"footnotes":""},"categories":[21,1],"tags":[],"class_list":["post-1423","post","type-post","status-publish","format-standard","hentry","category-banner","category-noticias"],"acf":[],"_links":{"self":[{"href":"https:\/\/www.ufsm.br\/unidades-universitarias\/cachoeira-do-sul\/wp-json\/wp\/v2\/posts\/1423","targetHints":{"allow":["GET"]}}],"collection":[{"href":"https:\/\/www.ufsm.br\/unidades-universitarias\/cachoeira-do-sul\/wp-json\/wp\/v2\/posts"}],"about":[{"href":"https:\/\/www.ufsm.br\/unidades-universitarias\/cachoeira-do-sul\/wp-json\/wp\/v2\/types\/post"}],"author":[{"embeddable":true,"href":"https:\/\/www.ufsm.br\/unidades-universitarias\/cachoeira-do-sul\/wp-json\/wp\/v2\/users\/25"}],"replies":[{"embeddable":true,"href":"https:\/\/www.ufsm.br\/unidades-universitarias\/cachoeira-do-sul\/wp-json\/wp\/v2\/comments?post=1423"}],"version-history":[{"count":0,"href":"https:\/\/www.ufsm.br\/unidades-universitarias\/cachoeira-do-sul\/wp-json\/wp\/v2\/posts\/1423\/revisions"}],"wp:attachment":[{"href":"https:\/\/www.ufsm.br\/unidades-universitarias\/cachoeira-do-sul\/wp-json\/wp\/v2\/media?parent=1423"}],"wp:term":[{"taxonomy":"category","embeddable":true,"href":"https:\/\/www.ufsm.br\/unidades-universitarias\/cachoeira-do-sul\/wp-json\/wp\/v2\/categories?post=1423"},{"taxonomy":"post_tag","embeddable":true,"href":"https:\/\/www.ufsm.br\/unidades-universitarias\/cachoeira-do-sul\/wp-json\/wp\/v2\/tags?post=1423"}],"curies":[{"name":"wp","href":"https:\/\/api.w.org\/{rel}","templated":true}]}}