{"id":1426,"date":"2018-10-10T11:47:25","date_gmt":"2018-10-10T14:47:25","guid":{"rendered":"https:\/\/www.ufsm.br\/unidades-universitarias\/cachoeira-do-sul\/2018\/10\/10\/forum-regional-permanente-de-extensao-acontece-em-cachoeira-do-sul-nesta-quinta-feira-11\/"},"modified":"2018-11-14T15:54:46","modified_gmt":"2018-11-14T17:54:46","slug":"forum-regional-permanente-de-extensao-acontece-em-cachoeira-do-sul-nesta-quinta-feira-11","status":"publish","type":"post","link":"https:\/\/www.ufsm.br\/unidades-universitarias\/cachoeira-do-sul\/2018\/10\/10\/forum-regional-permanente-de-extensao-acontece-em-cachoeira-do-sul-nesta-quinta-feira-11","title":{"rendered":"F\u00f3rum Regional Permanente de Extens\u00e3o acontece em Cachoeira do Sul nesta quinta-feira (11)"},"content":{"rendered":"<p dir=\"ltr\" style=\"color: #222222;font-family: arial,sans-serif;font-size: 12.8px;font-style: normal;font-weight: 400;letter-spacing: normal;text-indent: 0px;background-color: #ffffff;line-height: 1.38;margin-top: 0pt;margin-bottom: 0pt\"><span style=\"font-size: 11pt;font-family: Arial;color: #000000;background-color: transparent;font-weight: 400;font-style: normal;font-variant: normal;text-decoration: none;vertical-align: baseline\"><img fetchpriority=\"high\" decoding=\"async\" class=\" size-full wp-image-1425\" style=\"margin-left: auto;margin-right: auto\" src=\"https:\/\/www.ufsm.br\/unidades-universitarias\/cachoeira-do-sul\/wp-content\/uploads\/sites\/376\/2018\/10\/capa_do_evento_para_o_Facebook_2018-1.jpg\" alt=\"capa do evento para o Facebook 2018\" width=\"500\" height=\"266\" srcset=\"https:\/\/www.ufsm.br\/app\/uploads\/sites\/376\/2018\/10\/capa_do_evento_para_o_Facebook_2018-1.jpg 2560w, https:\/\/www.ufsm.br\/app\/uploads\/sites\/376\/2018\/10\/capa_do_evento_para_o_Facebook_2018-1-300x160.jpg 300w, https:\/\/www.ufsm.br\/app\/uploads\/sites\/376\/2018\/10\/capa_do_evento_para_o_Facebook_2018-1-768x408.jpg 768w, https:\/\/www.ufsm.br\/app\/uploads\/sites\/376\/2018\/10\/capa_do_evento_para_o_Facebook_2018-1-1024x544.jpg 1024w\" sizes=\"(max-width: 500px) 100vw, 500px\" \/><\/span><\/p>\n<p dir=\"ltr\" style=\"color: #222222;font-family: arial,sans-serif;font-size: 12.8px;font-style: normal;font-weight: 400;letter-spacing: normal;text-indent: 0px;background-color: #ffffff;line-height: 1.38;margin-top: 0pt;margin-bottom: 0pt\">\n<p dir=\"ltr\" style=\"color: #222222;font-family: arial,sans-serif;font-size: 12.8px;font-style: normal;font-weight: 400;letter-spacing: normal;text-indent: 0px;background-color: #ffffff;line-height: 1.38;margin-top: 0pt;margin-bottom: 0pt\"><span style=\"font-size: 12pt;font-family: arial,helvetica,sans-serif\"><span style=\"color: #000000;background-color: transparent;font-weight: 400;font-style: normal;font-variant: normal;text-decoration: none;vertical-align: baseline\">A Pr\u00f3-Reitoria de Extens\u00e3o da UFSM, por meio da Coordenadoria de A\u00e7\u00f5es Regionais e Inova\u00e7\u00e3o, promove nesta quinta-feira (11) o 2\u00ba F\u00f3rum Regional Permanente de Extens\u00e3o, em Cachoeira do Sul. A atividade ser\u00e1 realizada no audit\u00f3rio pequeno do pr\u00e9dio 2 da UFSM &#8211; campus Cachoeira do Sul (Avenida Presidente Vargas, 1958), \u00e0s 14h. Na ocasi\u00e3o, ser\u00e1 apresentada uma nova ferramenta de intera\u00e7\u00e3o entre a Universidade e a comunidade local: uma plataforma online para coleta de demandas. <\/span><span style=\"color: #000000;background-color: transparent;font-weight: 400;font-style: normal;font-variant: normal;text-decoration: none;vertical-align: baseline\"><br class=\"m_5417710346608051590m_-6987049289796778982gmail-kix-line-break\" \/><\/span><span style=\"color: #000000;background-color: transparent;font-weight: 400;font-style: normal;font-variant: normal;text-decoration: none;vertical-align: baseline\"><br class=\"m_5417710346608051590m_-6987049289796778982gmail-kix-line-break\" \/><\/span><span style=\"color: #000000;background-color: transparent;font-weight: 400;font-style: normal;font-variant: normal;text-decoration: none;vertical-align: baseline\">Criado em 2016, o F\u00f3rum vem se constituindo como um espa\u00e7o de reflex\u00e3o e delibera\u00e7\u00e3o sobre os projetos de extens\u00e3o universit\u00e1ria da UFSM, envolvendo as comunidades locais das cidades onde a Universidade mant\u00e9m campi. O objetivo \u00e9 que a sociedade possa contribuir, apontando as \u00e1reas priorit\u00e1rias para a atua\u00e7\u00e3o da UFSM, por meio de seus projetos de extens\u00e3o. <\/span><span style=\"color: #000000;background-color: transparent;font-weight: 400;font-style: normal;font-variant: normal;text-decoration: none;vertical-align: baseline\"><br class=\"m_5417710346608051590m_-6987049289796778982gmail-kix-line-break\" \/><\/span><span style=\"color: #000000;background-color: transparent;font-weight: 400;font-style: normal;font-variant: normal;text-decoration: none;vertical-align: baseline\"><br class=\"m_5417710346608051590m_-6987049289796778982gmail-kix-line-break\" \/><\/span><span style=\"color: #000000;background-color: transparent;font-weight: 400;font-style: normal;font-variant: normal;text-decoration: none;vertical-align: baseline\">A partir deste ano, o F\u00f3rum passa a ter uma nova din\u00e2mica para coleta das demandas das comunidades, com a utiliza\u00e7\u00e3o da plataforma online, desenvolvida pelo Centro de Processamento de Dados (CPD) da Universidade. O pr\u00f3-reitor substituto de extens\u00e3o e coordenador de A\u00e7\u00f5es Regionais e Inova\u00e7\u00e3o, professor Rudiney Pereira, explica que a ferramenta ir\u00e1 permitir que qualquer pessoa interessada possa contribuir para o F\u00f3rum de Extens\u00e3o, indicando \u00e1reas e demandas priorit\u00e1rias para a sua regi\u00e3o. Ap\u00f3s a coleta de dados, a UFSM ir\u00e1 gerar relat\u00f3rios que permitir\u00e3o elaborar projetos de extens\u00e3o mais sens\u00edveis e adequados \u00e0s necessidades da sociedade. <\/span><span style=\"color: #000000;background-color: transparent;font-weight: 400;font-style: normal;font-variant: normal;text-decoration: none;vertical-align: baseline\"><br class=\"m_5417710346608051590m_-6987049289796778982gmail-kix-line-break\" \/><\/span><span style=\"color: #000000;background-color: transparent;font-weight: 400;font-style: normal;font-variant: normal;text-decoration: none;vertical-align: baseline\"><br class=\"m_5417710346608051590m_-6987049289796778982gmail-kix-line-break\" \/><\/span><span style=\"color: #000000;background-color: transparent;font-weight: 400;font-style: normal;font-variant: normal;text-decoration: none;vertical-align: baseline\">No encontro desta semana, al\u00e9m do lan\u00e7amento da nova plataforma, ser\u00e3o apresentados tanto os dados coletados em edi\u00e7\u00f5es anteriores do F\u00f3rum, como tamb\u00e9m a caracteriza\u00e7\u00e3o da regi\u00e3o, com base em dados oficiais do IBGE, principalmente acerca de par\u00e2metros como Desenvolvimento Regional, Economia e Educa\u00e7\u00e3o. Na parte final do evento, ser\u00e1 realizada uma sess\u00e3o para acolhimento de manifesta\u00e7\u00e3o dos presentes. <\/span><span style=\"color: #000000;background-color: transparent;font-weight: 400;font-style: normal;font-variant: normal;text-decoration: none;vertical-align: baseline\"><br class=\"m_5417710346608051590m_-6987049289796778982gmail-kix-line-break\" \/><\/span><span style=\"color: #000000;background-color: transparent;font-weight: 400;font-style: normal;font-variant: normal;text-decoration: none;vertical-align: baseline\"><br class=\"m_5417710346608051590m_-6987049289796778982gmail-kix-line-break\" \/><\/span><span style=\"color: #000000;background-color: transparent;font-weight: 400;font-style: normal;font-variant: normal;text-decoration: none;vertical-align: baseline\">A participa\u00e7\u00e3o no F\u00f3rum Regional Permanente de Extens\u00e3o da UFSM \u00e9 gratuita e aberta a toda a comunidade, sem necessidade de inscri\u00e7\u00e3o pr\u00e9via.<\/span><\/span><\/p>\n<p dir=\"ltr\" style=\"color: #222222;font-family: arial,sans-serif;font-size: 12.8px;font-style: normal;font-weight: 400;letter-spacing: normal;text-indent: 0px;background-color: #ffffff;line-height: 1.38;margin-top: 0pt;margin-bottom: 0pt\">\n<p dir=\"ltr\" style=\"color: #222222;font-family: arial,sans-serif;font-size: 12.8px;font-style: normal;font-weight: 400;letter-spacing: normal;text-indent: 0px;background-color: #ffffff;line-height: 1.38;margin-top: 0pt;margin-bottom: 0pt\"><span style=\"font-size: 12pt;font-family: arial,helvetica,sans-serif;color: #000000;background-color: transparent;font-weight: 400;font-style: normal;font-variant: normal;text-decoration: none;vertical-align: baseline\">Fonte: <span style=\"color: #222222;font-style: normal;font-weight: 400;letter-spacing: normal;text-align: start;text-indent: 0px;background-color: #ffffff;float: none\">Assessoria de Comunica\u00e7\u00e3o Gabinete do Reitor<\/span><\/span><\/p>\n","protected":false},"excerpt":{"rendered":"<p>A Pr\u00f3-Reitoria de Extens\u00e3o da UFSM, por meio da Coordenadoria de A\u00e7\u00f5es Regionais e Inova\u00e7\u00e3o, promove nesta quinta-feira (11) o 2\u00ba F\u00f3rum Regional Permanente de Extens\u00e3o, em Cachoeira do Sul. A atividade ser\u00e1 realizada no audit\u00f3rio pequeno do pr\u00e9dio 2 da UFSM &#8211; campus Cachoeira do Sul (Avenida Presidente Vargas, 1958), \u00e0s 14h. Na ocasi\u00e3o, [&hellip;]<\/p>\n","protected":false},"author":25,"featured_media":0,"comment_status":"closed","ping_status":"closed","sticky":false,"template":"","format":"standard","meta":{"footnotes":""},"categories":[21,1],"tags":[],"class_list":["post-1426","post","type-post","status-publish","format-standard","hentry","category-banner","category-noticias"],"acf":[],"_links":{"self":[{"href":"https:\/\/www.ufsm.br\/unidades-universitarias\/cachoeira-do-sul\/wp-json\/wp\/v2\/posts\/1426","targetHints":{"allow":["GET"]}}],"collection":[{"href":"https:\/\/www.ufsm.br\/unidades-universitarias\/cachoeira-do-sul\/wp-json\/wp\/v2\/posts"}],"about":[{"href":"https:\/\/www.ufsm.br\/unidades-universitarias\/cachoeira-do-sul\/wp-json\/wp\/v2\/types\/post"}],"author":[{"embeddable":true,"href":"https:\/\/www.ufsm.br\/unidades-universitarias\/cachoeira-do-sul\/wp-json\/wp\/v2\/users\/25"}],"replies":[{"embeddable":true,"href":"https:\/\/www.ufsm.br\/unidades-universitarias\/cachoeira-do-sul\/wp-json\/wp\/v2\/comments?post=1426"}],"version-history":[{"count":0,"href":"https:\/\/www.ufsm.br\/unidades-universitarias\/cachoeira-do-sul\/wp-json\/wp\/v2\/posts\/1426\/revisions"}],"wp:attachment":[{"href":"https:\/\/www.ufsm.br\/unidades-universitarias\/cachoeira-do-sul\/wp-json\/wp\/v2\/media?parent=1426"}],"wp:term":[{"taxonomy":"category","embeddable":true,"href":"https:\/\/www.ufsm.br\/unidades-universitarias\/cachoeira-do-sul\/wp-json\/wp\/v2\/categories?post=1426"},{"taxonomy":"post_tag","embeddable":true,"href":"https:\/\/www.ufsm.br\/unidades-universitarias\/cachoeira-do-sul\/wp-json\/wp\/v2\/tags?post=1426"}],"curies":[{"name":"wp","href":"https:\/\/api.w.org\/{rel}","templated":true}]}}