{"id":1433,"date":"2018-10-18T19:17:18","date_gmt":"2018-10-18T22:17:18","guid":{"rendered":"https:\/\/www.ufsm.br\/unidades-universitarias\/cachoeira-do-sul\/2018\/10\/18\/atividade-do-outubro-rosa-sera-realizada-na-ufsm-cs\/"},"modified":"2018-11-14T15:50:47","modified_gmt":"2018-11-14T17:50:47","slug":"atividade-do-outubro-rosa-sera-realizada-na-ufsm-cs","status":"publish","type":"post","link":"https:\/\/www.ufsm.br\/unidades-universitarias\/cachoeira-do-sul\/2018\/10\/18\/atividade-do-outubro-rosa-sera-realizada-na-ufsm-cs","title":{"rendered":"Atividade do Outubro Rosa ser\u00e1 realizada na UFSM-CS"},"content":{"rendered":"<div style=\"color: #999999;font-family: Roboto,'Helvetica Neue',sans-serif;font-size: medium;font-style: normal;font-weight: 400;letter-spacing: normal;text-align: justify;text-indent: 0px;background-color: #fafafa\"><span class=\"highlight\" style=\"background-color: #ffffff;color: #000000;font-size: 12pt;font-family: arial,helvetica,sans-serif\"><span class=\"colour\"><span class=\"font\"><span class=\"size\">Na pr\u00f3xima ter\u00e7a-feira (30), finalizando o Outubro Rosa, a <a href=\"https:\/\/www.facebook.com\/ieeewieufsm\/\">IEEE WIE UFSM<\/a>, em parceria com o Sal\u00e3o de Beleza BF Center, estar\u00e1 promovendo um evento em benef\u00edcio das pessoas em tratamento para o c\u00e2ncer em Cachoeira do Sul.<\/span><\/span><\/span><\/span><\/div>\n<div style=\"color: #999999;font-family: Roboto,'Helvetica Neue',sans-serif;font-size: medium;font-style: normal;font-weight: 400;letter-spacing: normal;text-align: justify;text-indent: 0px;background-color: #fafafa\"><span class=\"highlight\" style=\"background-color: #ffffff;color: #000000;font-size: 12pt;font-family: arial,helvetica,sans-serif\"><span class=\"colour\"><span class=\"font\"><span class=\"size\">O evento, qua acontecer\u00e1 das 9h30min \u00e0s 15h30min, no audit\u00f3rio do \u00faltimo andar do Pr\u00e9dio 2 da UFSM-CS (Totem), consiste em uma doa\u00e7\u00e3o de cabelos para a Liga Feminina de Combate ao C\u00e2ncer de Cachoeira do Sul.<\/span><\/span><\/span><\/span><\/div>\n<div style=\"color: #999999;font-family: Roboto,'Helvetica Neue',sans-serif;font-size: medium;font-style: normal;font-weight: 400;letter-spacing: normal;text-align: justify;text-indent: 0px;background-color: #fafafa\"><span class=\"highlight\" style=\"background-color: #ffffff;color: #000000;font-size: 12pt;font-family: arial,helvetica,sans-serif\"><span class=\"colour\"><span class=\"font\"><span class=\"size\">Para participar, os interessados podem levar as suas mechas previamente cortadas ou ter o corte realizado no local. Para o corte\/doa\u00e7\u00e3o dever\u00e3o ser seguidas as seguintes orienta\u00e7\u00f5es:<\/span><\/span><\/span><\/span><\/div>\n<div style=\"color: #999999;font-family: Roboto,'Helvetica Neue',sans-serif;font-size: medium;font-style: normal;font-weight: 400;letter-spacing: normal;text-align: justify;text-indent: 0px;background-color: #fafafa\"><span class=\"highlight\" style=\"background-color: #ffffff;color: #000000;font-size: 12pt;font-family: arial,helvetica,sans-serif\"><span class=\"colour\"><span class=\"font\"><span class=\"size\">&#8211; Cabelo limpo e SECO;<\/span><\/span><\/span><\/span><\/div>\n<div style=\"color: #999999;font-family: Roboto,'Helvetica Neue',sans-serif;font-size: medium;font-style: normal;font-weight: 400;letter-spacing: normal;text-align: justify;text-indent: 0px;background-color: #fafafa\"><span style=\"color: #000000;font-size: 12pt;font-family: arial,helvetica,sans-serif\"><span class=\"highlight\" style=\"background-color: #ffffff\"><span class=\"colour\"><span class=\"font\"><span class=\"size\">&#8211; M\u00ednimo 15 cm (qualquer cor, com ou sem tratamento);<\/span><\/span><\/span><\/span><span class=\"highlight\" style=\"background-color: #ffffff\"><span class=\"colour\"><span class=\"font\"><span class=\"size\"><br \/>\n&#8211; Amarrado por uma borrachinha logo abaixo do corte;<br \/>\n&#8211; Poder\u00e3o ser colocados em saquinhos, enrolados em jornal, e colocados numa caixa de papel\u00e3o.<\/span><\/span><\/span><\/span><\/span><\/div>\n<div style=\"color: #999999;font-family: Roboto,'Helvetica Neue',sans-serif;font-size: medium;font-style: normal;font-weight: 400;letter-spacing: normal;text-align: justify;text-indent: 0px;background-color: #fafafa\"><span style=\"font-size: 12pt;font-family: arial,helvetica,sans-serif\">\u00a0<\/span><\/div>\n<div style=\"color: #999999;font-family: Roboto,'Helvetica Neue',sans-serif;font-size: medium;font-style: normal;font-weight: 400;letter-spacing: normal;text-align: justify;text-indent: 0px;background-color: #fafafa\"><span style=\"color: #000000\">Al\u00e9m da doa\u00e7\u00e3o de cabelos, durante este evento,<\/span> <span style=\"color: #000000\">tamb\u00e9m ser\u00e1 realizado<\/span> <span style=\"color: #000000\">o cadastro dos<\/span> <span style=\"color: #000000\">interessados<\/span> <span style=\"color: #000000\">no<\/span> <a href=\"https:\/\/hemotify.com\/\">Hemotify<\/a>.<\/div>\n<div style=\"color: #999999;font-family: Roboto,'Helvetica Neue',sans-serif;font-size: medium;font-style: normal;font-weight: 400;letter-spacing: normal;text-align: justify;text-indent: 0px;background-color: #fafafa\"><span style=\"color: #000000;font-size: 12pt;font-family: arial,helvetica,sans-serif\">O Hemotify \u00e9\u00a0plataforma digital desenvolvida por estudantes da UFSM e tem como objetivo conectar potenciais doadores de sangue a hemocentros.<\/span><\/div>\n<div style=\"color: #999999;font-family: Roboto,'Helvetica Neue',sans-serif;font-size: medium;font-style: normal;font-weight: 400;letter-spacing: normal;text-align: justify;text-indent: 0px;background-color: #fafafa\"><span style=\"color: #000000;font-size: 12pt;font-family: arial,helvetica,sans-serif\">Seu funcionamento \u00e9 simples e pr\u00e1tico. A plataforma permite que o hemocentro e bancos de sangue enviem alertas para as pessoas que residem na mesma regi\u00e3o, via sms, e-mail e notifica\u00e7\u00e3o no perfil do Facebook do doador. A plataforma j\u00e1 possui conv\u00eanio com o Hemocentro de Cachoeira do Sul.<\/span><\/div>\n<div style=\"color: #999999;font-family: Roboto,'Helvetica Neue',sans-serif;font-size: medium;font-style: normal;font-weight: 400;letter-spacing: normal;text-align: justify;text-indent: 0px;background-color: #fafafa\"><\/div>\n<div style=\"color: #999999;font-family: Roboto,'Helvetica Neue',sans-serif;font-size: medium;font-style: normal;font-weight: 400;letter-spacing: normal;text-align: justify;text-indent: 0px;background-color: #fafafa\"><span style=\"color: #000000\">Para mais informa\u00e7\u00f5es acesse<\/span> <span style=\"color: #000000\">a<\/span> <a href=\"https:\/\/www.facebook.com\/events\/639369539790959\/\">evento no Facebook<\/a>.<\/div>\n<div style=\"color: #999999;font-family: Roboto,'Helvetica Neue',sans-serif;font-size: medium;font-style: normal;font-weight: 400;letter-spacing: normal;text-align: justify;text-indent: 0px;background-color: #fafafa\"><\/div>\n<div style=\"color: #999999;font-family: Roboto,'Helvetica Neue',sans-serif;font-size: medium;font-style: normal;font-weight: 400;letter-spacing: normal;text-indent: 0px;background-color: #fafafa;text-align: center\"><span style=\"color: #000000;font-size: 12pt;font-family: arial,helvetica,sans-serif\"><img fetchpriority=\"high\" decoding=\"async\" class=\" size-full wp-image-1432\" src=\"https:\/\/www.ufsm.br\/unidades-universitarias\/cachoeira-do-sul\/wp-content\/uploads\/sites\/376\/2018\/10\/WhatsApp_Image_2018-10-16_at_11.16.16.jpeg\" alt=\"WhatsApp Image 2018-10-16 at 11.16.16\" width=\"700\" height=\"988\" srcset=\"https:\/\/www.ufsm.br\/app\/uploads\/sites\/376\/2018\/10\/WhatsApp_Image_2018-10-16_at_11.16.16.jpeg 797w, https:\/\/www.ufsm.br\/app\/uploads\/sites\/376\/2018\/10\/WhatsApp_Image_2018-10-16_at_11.16.16-213x300.jpeg 213w, https:\/\/www.ufsm.br\/app\/uploads\/sites\/376\/2018\/10\/WhatsApp_Image_2018-10-16_at_11.16.16-768x1084.jpeg 768w, https:\/\/www.ufsm.br\/app\/uploads\/sites\/376\/2018\/10\/WhatsApp_Image_2018-10-16_at_11.16.16-725x1024.jpeg 725w\" sizes=\"(max-width: 700px) 100vw, 700px\" \/><\/span><\/div>\n","protected":false},"excerpt":{"rendered":"<p>Na pr\u00f3xima ter\u00e7a-feira (30), finalizando o Outubro Rosa, a IEEE WIE UFSM, em parceria com o Sal\u00e3o de Beleza BF Center, estar\u00e1 promovendo um evento em benef\u00edcio das pessoas em tratamento para o c\u00e2ncer em Cachoeira do Sul. O evento, qua acontecer\u00e1 das 9h30min \u00e0s 15h30min, no audit\u00f3rio do \u00faltimo andar do Pr\u00e9dio 2 da [&hellip;]<\/p>\n","protected":false},"author":25,"featured_media":0,"comment_status":"closed","ping_status":"closed","sticky":false,"template":"","format":"standard","meta":{"footnotes":""},"categories":[21,1],"tags":[],"class_list":["post-1433","post","type-post","status-publish","format-standard","hentry","category-banner","category-noticias"],"acf":[],"_links":{"self":[{"href":"https:\/\/www.ufsm.br\/unidades-universitarias\/cachoeira-do-sul\/wp-json\/wp\/v2\/posts\/1433","targetHints":{"allow":["GET"]}}],"collection":[{"href":"https:\/\/www.ufsm.br\/unidades-universitarias\/cachoeira-do-sul\/wp-json\/wp\/v2\/posts"}],"about":[{"href":"https:\/\/www.ufsm.br\/unidades-universitarias\/cachoeira-do-sul\/wp-json\/wp\/v2\/types\/post"}],"author":[{"embeddable":true,"href":"https:\/\/www.ufsm.br\/unidades-universitarias\/cachoeira-do-sul\/wp-json\/wp\/v2\/users\/25"}],"replies":[{"embeddable":true,"href":"https:\/\/www.ufsm.br\/unidades-universitarias\/cachoeira-do-sul\/wp-json\/wp\/v2\/comments?post=1433"}],"version-history":[{"count":0,"href":"https:\/\/www.ufsm.br\/unidades-universitarias\/cachoeira-do-sul\/wp-json\/wp\/v2\/posts\/1433\/revisions"}],"wp:attachment":[{"href":"https:\/\/www.ufsm.br\/unidades-universitarias\/cachoeira-do-sul\/wp-json\/wp\/v2\/media?parent=1433"}],"wp:term":[{"taxonomy":"category","embeddable":true,"href":"https:\/\/www.ufsm.br\/unidades-universitarias\/cachoeira-do-sul\/wp-json\/wp\/v2\/categories?post=1433"},{"taxonomy":"post_tag","embeddable":true,"href":"https:\/\/www.ufsm.br\/unidades-universitarias\/cachoeira-do-sul\/wp-json\/wp\/v2\/tags?post=1433"}],"curies":[{"name":"wp","href":"https:\/\/api.w.org\/{rel}","templated":true}]}}