{"id":1447,"date":"2018-11-20T10:12:53","date_gmt":"2018-11-20T12:12:53","guid":{"rendered":"https:\/\/www.ufsm.br\/unidades-universitarias\/cachoeira-do-sul\/?p=1447"},"modified":"2018-11-20T10:12:53","modified_gmt":"2018-11-20T12:12:53","slug":"m-e-t-a-engenharia-jr-recebe-premio-de-destaque-em-empreendedorismo-e-inovacao","status":"publish","type":"post","link":"https:\/\/www.ufsm.br\/unidades-universitarias\/cachoeira-do-sul\/2018\/11\/20\/m-e-t-a-engenharia-jr-recebe-premio-de-destaque-em-empreendedorismo-e-inovacao","title":{"rendered":"\u201cM.E.T.A+ Engenharia Jr\u201d recebe pr\u00eamio de destaque em empreendedorismo e inova\u00e7\u00e3o"},"content":{"rendered":"<p>A \u201cM.E.T.A+ Engenharia Jr\u201d, empresa j\u00fanior da UFSM &#8211; Campus Cachoeira do Sul, recebeu o pr\u00eamio &#8220;Destaque Acad\u00eamico&#8221; durante o 2\u00b0 Sal\u00e3o de Inova\u00e7\u00e3o promovido pela C\u00e2mara de Dirigentes Lojistas (CDL) de Cachoeira do Sul, em parceria com a Ulbra, no final do m\u00eas de outubro. O evento teve por objetivo incentivar as pr\u00e1ticas de empreendedorismo e inova\u00e7\u00e3o em nosso munic\u00edpio, al\u00e9m de aproximar a comunidade estudantil da realidade empresarial.<\/p>\n<figure id=\"attachment_1448\" aria-describedby=\"caption-attachment-1448\" style=\"width: 539px\" class=\"wp-caption aligncenter\"><img fetchpriority=\"high\" decoding=\"async\" class=\" wp-image-1448\" src=\"https:\/\/www.ufsm.br\/unidades-universitarias\/cachoeira-do-sul\/wp-content\/uploads\/sites\/376\/2018\/11\/2-1-300x289.jpg\" alt=\"\" width=\"539\" height=\"520\" srcset=\"https:\/\/www.ufsm.br\/app\/uploads\/sites\/376\/2018\/11\/2-1-300x289.jpg 300w, https:\/\/www.ufsm.br\/app\/uploads\/sites\/376\/2018\/11\/2-1-768x740.jpg 768w, https:\/\/www.ufsm.br\/app\/uploads\/sites\/376\/2018\/11\/2-1.jpg 960w\" sizes=\"(max-width: 539px) 100vw, 539px\" \/><figcaption id=\"caption-attachment-1448\" class=\"wp-caption-text\">O aluno Alisson Nascimento, Presidente da \u201cM.E.T.A+ Engenharia Jr\u201d, recebendo o<br \/>pr\u00eamio de Gilmar Luiz Colombelli, professor adjunto dos Cursos de Administra\u00e7\u00e3o e<br \/>Ci\u00eancias Cont\u00e1beis da ULBRA.<\/figcaption><\/figure>\n<p>Durante o evento, estudantes do ensino m\u00e9dio e superior, de entidades p\u00fablicas e privadas de Cachoeira do Sul, tiveram a oportunidade de vivenciar boas pr\u00e1ticas de inova\u00e7\u00e3o e empreendedorismo do atual mercado de trabalho em nosso munic\u00edpio, bem como assistir palestras com a tem\u00e1tica proposta.<\/p>\n<figure id=\"attachment_1450\" aria-describedby=\"caption-attachment-1450\" style=\"width: 537px\" class=\"wp-caption aligncenter\"><img decoding=\"async\" class=\"wp-image-1450\" src=\"https:\/\/www.ufsm.br\/unidades-universitarias\/cachoeira-do-sul\/wp-content\/uploads\/sites\/376\/2018\/11\/1-1-300x169.jpg\" alt=\"\" width=\"537\" height=\"303\" srcset=\"https:\/\/www.ufsm.br\/app\/uploads\/sites\/376\/2018\/11\/1-1-300x169.jpg 300w, https:\/\/www.ufsm.br\/app\/uploads\/sites\/376\/2018\/11\/1-1-768x432.jpg 768w, https:\/\/www.ufsm.br\/app\/uploads\/sites\/376\/2018\/11\/1-1-1024x576.jpg 1024w, https:\/\/www.ufsm.br\/app\/uploads\/sites\/376\/2018\/11\/1-1.jpg 1299w\" sizes=\"(max-width: 537px) 100vw, 537px\" \/><figcaption id=\"caption-attachment-1450\" class=\"wp-caption-text\">Os alunos Alisson Nascimento e Renan Ferreira apresentando a empresa j\u00fanior &#8220;M.E.T.A + Engenharia Jr.&#8221; e os cursos da UFSM-CS durante o 2\u00ba Sal\u00e3o de Inova\u00e7\u00e3o.<\/figcaption><\/figure>\n<p>&nbsp;<\/p>\n","protected":false},"excerpt":{"rendered":"<p>A \u201cM.E.T.A+ Engenharia Jr\u201d, empresa j\u00fanior da UFSM &#8211; Campus Cachoeira do Sul, recebeu o pr\u00eamio &#8220;Destaque Acad\u00eamico&#8221; durante o 2\u00b0 Sal\u00e3o de Inova\u00e7\u00e3o promovido pela C\u00e2mara de Dirigentes Lojistas (CDL) de Cachoeira do Sul, em parceria com a Ulbra, no final do m\u00eas de outubro. O evento teve por objetivo incentivar as pr\u00e1ticas de [&hellip;]<\/p>\n","protected":false},"author":293,"featured_media":1451,"comment_status":"closed","ping_status":"closed","sticky":false,"template":"","format":"standard","meta":{"footnotes":""},"categories":[21,1],"tags":[],"class_list":["post-1447","post","type-post","status-publish","format-standard","has-post-thumbnail","hentry","category-banner","category-noticias"],"acf":[],"_links":{"self":[{"href":"https:\/\/www.ufsm.br\/unidades-universitarias\/cachoeira-do-sul\/wp-json\/wp\/v2\/posts\/1447","targetHints":{"allow":["GET"]}}],"collection":[{"href":"https:\/\/www.ufsm.br\/unidades-universitarias\/cachoeira-do-sul\/wp-json\/wp\/v2\/posts"}],"about":[{"href":"https:\/\/www.ufsm.br\/unidades-universitarias\/cachoeira-do-sul\/wp-json\/wp\/v2\/types\/post"}],"author":[{"embeddable":true,"href":"https:\/\/www.ufsm.br\/unidades-universitarias\/cachoeira-do-sul\/wp-json\/wp\/v2\/users\/293"}],"replies":[{"embeddable":true,"href":"https:\/\/www.ufsm.br\/unidades-universitarias\/cachoeira-do-sul\/wp-json\/wp\/v2\/comments?post=1447"}],"version-history":[{"count":0,"href":"https:\/\/www.ufsm.br\/unidades-universitarias\/cachoeira-do-sul\/wp-json\/wp\/v2\/posts\/1447\/revisions"}],"wp:featuredmedia":[{"embeddable":true,"href":"https:\/\/www.ufsm.br\/unidades-universitarias\/cachoeira-do-sul\/wp-json\/wp\/v2\/media\/1451"}],"wp:attachment":[{"href":"https:\/\/www.ufsm.br\/unidades-universitarias\/cachoeira-do-sul\/wp-json\/wp\/v2\/media?parent=1447"}],"wp:term":[{"taxonomy":"category","embeddable":true,"href":"https:\/\/www.ufsm.br\/unidades-universitarias\/cachoeira-do-sul\/wp-json\/wp\/v2\/categories?post=1447"},{"taxonomy":"post_tag","embeddable":true,"href":"https:\/\/www.ufsm.br\/unidades-universitarias\/cachoeira-do-sul\/wp-json\/wp\/v2\/tags?post=1447"}],"curies":[{"name":"wp","href":"https:\/\/api.w.org\/{rel}","templated":true}]}}