{"id":1456,"date":"2018-11-21T10:15:07","date_gmt":"2018-11-21T12:15:07","guid":{"rendered":"https:\/\/www.ufsm.br\/unidades-universitarias\/cachoeira-do-sul\/?p=1456"},"modified":"2018-11-21T10:15:07","modified_gmt":"2018-11-21T12:15:07","slug":"20-melhores-trabalhos-da-mostra-de-projetos-da-ufsm-cs-2018-sao-premiados","status":"publish","type":"post","link":"https:\/\/www.ufsm.br\/unidades-universitarias\/cachoeira-do-sul\/2018\/11\/21\/20-melhores-trabalhos-da-mostra-de-projetos-da-ufsm-cs-2018-sao-premiados","title":{"rendered":"20 melhores trabalhos da Mostra de Projetos da UFSM-CS 2018 s\u00e3o premiados"},"content":{"rendered":"<p>Na tarde desta ter\u00e7a-feira (20), aconteceu, no Audit\u00f3rio do Pr\u00e9dio 2, a premia\u00e7\u00e3o dos 20 melhores trabalhos apresentados durante a 2\u00aa Mostra de Projetos da UFSM-CS. Estes trabalhos foram selecionados a partir das notas atribu\u00eddas pelos avaliadores, durante a Mostra, que ocorreu no dia 23 de maio.<\/p>\n<p>Estiveram presentes na solenidade, o diretor do Campus Cachoeira do Sul, Prof. Rog\u00e9rio Brittes; o vice-diretor, Prof. Lucas Delongui; a Coordenadoria Acad\u00eamica, Profa. Renata Zampieri; o Coordenador de Pesquisa e Extens\u00e3o, Prof. Jocenir Boita; e o Coordenador de Pesquisa e Extens\u00e3o Substituto, Prof. Glauber Quadros. Para o Prof. Glauber, &#8220;o reconhecimento destes trabalhos \u00e9 importante para a comunidade acad\u00eamica em geral, pois al\u00e9m do destaque dado ao empenho dos apresentadores e orientadores, t\u00eam-se uma motiva\u00e7\u00e3o do p\u00fablico para uma pr\u00f3xima edi\u00e7\u00e3o do evento, de forma a gerar um aumento tanto em qualidade quanto em quantidade de trabalhos&#8221;.<\/p>\n<p>Os 20 alunos premiados foram:\u00a0Andrei da Cunha Lima; Bianca Motta Dolianitis;\u00a0Caison Rodrigues Ramos; Clarissa Moraes da Silva; Fabiele Schaefer Rodrigues; Fernando Pires da Silva; Fernando Siqueira Scherer; Gustavo Streck Severo; Iraj\u00e1 Jantsch de Souza; Jaqueline Rambo Anshau; Jean Augusto Lemes; Larissa Melchiors Furlan; Leonardo Carillo Bahia; Let\u00edcia Oestreich; Maicon de Miranda; Marcela Trojahn Nunes; Marisa Menezes Leal; Mylena Roehrs; Samuel Augusto Mota Silva; e Stevan da Silva Gomes.<\/p>\n<figure id=\"attachment_1457\" aria-describedby=\"caption-attachment-1457\" style=\"width: 631px\" class=\"wp-caption aligncenter\"><img fetchpriority=\"high\" decoding=\"async\" class=\" wp-image-1457\" src=\"https:\/\/www.ufsm.br\/unidades-universitarias\/cachoeira-do-sul\/wp-content\/uploads\/sites\/376\/2018\/11\/IMG_8121-300x200.jpg\" alt=\"\" width=\"631\" height=\"420\" srcset=\"https:\/\/www.ufsm.br\/app\/uploads\/sites\/376\/2018\/11\/IMG_8121-300x200.jpg 300w, https:\/\/www.ufsm.br\/app\/uploads\/sites\/376\/2018\/11\/IMG_8121-768x512.jpg 768w, https:\/\/www.ufsm.br\/app\/uploads\/sites\/376\/2018\/11\/IMG_8121-1024x683.jpg 1024w, https:\/\/www.ufsm.br\/app\/uploads\/sites\/376\/2018\/11\/IMG_8121-272x182.jpg 272w, https:\/\/www.ufsm.br\/app\/uploads\/sites\/376\/2018\/11\/IMG_8121.jpg 1920w\" sizes=\"(max-width: 631px) 100vw, 631px\" \/><figcaption id=\"caption-attachment-1457\" class=\"wp-caption-text\">Alunos premiados na 2\u00aa Mostra de Projetos.<\/figcaption><\/figure>\n","protected":false},"excerpt":{"rendered":"<p>Na tarde desta ter\u00e7a-feira (20), aconteceu, no Audit\u00f3rio do Pr\u00e9dio 2, a premia\u00e7\u00e3o dos 20 melhores trabalhos apresentados durante a 2\u00aa Mostra de Projetos da UFSM-CS. Estes trabalhos foram selecionados a partir das notas atribu\u00eddas pelos avaliadores, durante a Mostra, que ocorreu no dia 23 de maio. Estiveram presentes na solenidade, o diretor do Campus [&hellip;]<\/p>\n","protected":false},"author":293,"featured_media":1459,"comment_status":"closed","ping_status":"closed","sticky":false,"template":"","format":"standard","meta":{"footnotes":""},"categories":[21,1],"tags":[],"class_list":["post-1456","post","type-post","status-publish","format-standard","has-post-thumbnail","hentry","category-banner","category-noticias"],"acf":[],"_links":{"self":[{"href":"https:\/\/www.ufsm.br\/unidades-universitarias\/cachoeira-do-sul\/wp-json\/wp\/v2\/posts\/1456","targetHints":{"allow":["GET"]}}],"collection":[{"href":"https:\/\/www.ufsm.br\/unidades-universitarias\/cachoeira-do-sul\/wp-json\/wp\/v2\/posts"}],"about":[{"href":"https:\/\/www.ufsm.br\/unidades-universitarias\/cachoeira-do-sul\/wp-json\/wp\/v2\/types\/post"}],"author":[{"embeddable":true,"href":"https:\/\/www.ufsm.br\/unidades-universitarias\/cachoeira-do-sul\/wp-json\/wp\/v2\/users\/293"}],"replies":[{"embeddable":true,"href":"https:\/\/www.ufsm.br\/unidades-universitarias\/cachoeira-do-sul\/wp-json\/wp\/v2\/comments?post=1456"}],"version-history":[{"count":0,"href":"https:\/\/www.ufsm.br\/unidades-universitarias\/cachoeira-do-sul\/wp-json\/wp\/v2\/posts\/1456\/revisions"}],"wp:featuredmedia":[{"embeddable":true,"href":"https:\/\/www.ufsm.br\/unidades-universitarias\/cachoeira-do-sul\/wp-json\/wp\/v2\/media\/1459"}],"wp:attachment":[{"href":"https:\/\/www.ufsm.br\/unidades-universitarias\/cachoeira-do-sul\/wp-json\/wp\/v2\/media?parent=1456"}],"wp:term":[{"taxonomy":"category","embeddable":true,"href":"https:\/\/www.ufsm.br\/unidades-universitarias\/cachoeira-do-sul\/wp-json\/wp\/v2\/categories?post=1456"},{"taxonomy":"post_tag","embeddable":true,"href":"https:\/\/www.ufsm.br\/unidades-universitarias\/cachoeira-do-sul\/wp-json\/wp\/v2\/tags?post=1456"}],"curies":[{"name":"wp","href":"https:\/\/api.w.org\/{rel}","templated":true}]}}