{"id":1470,"date":"2018-12-13T09:16:06","date_gmt":"2018-12-13T11:16:06","guid":{"rendered":"https:\/\/www.ufsm.br\/unidades-universitarias\/cachoeira-do-sul\/?p=1470"},"modified":"2018-12-13T09:16:06","modified_gmt":"2018-12-13T11:16:06","slug":"reitor-visita-campus-cachoeira-do-sul-e-se-reune-com-empresarios-locais","status":"publish","type":"post","link":"https:\/\/www.ufsm.br\/unidades-universitarias\/cachoeira-do-sul\/2018\/12\/13\/reitor-visita-campus-cachoeira-do-sul-e-se-reune-com-empresarios-locais","title":{"rendered":"Reitor visita Campus Cachoeira do Sul e se re\u00fane com empres\u00e1rios locais"},"content":{"rendered":"<p>No final da tarde do dia 06 de dezembro, o Diretor do Campus da UFSM em Cachoeira do Sul, Prof. Rog\u00e9rio Brittes, recebeu o Reitor da UFSM, Prof. Paulo Afonso Burmann, e o Diretor Executivo da Screw, Jo\u00e3o Augusto Streit, para uma visita ao futuro Campus. Atualmente, est\u00e3o em constru\u00e7\u00e3o quatro blocos b\u00e1sicos de ensino, uma central de laborat\u00f3rios e um bloco da casa do estudante. Al\u00e9m disso, est\u00e1 em execu\u00e7\u00e3o a reforma completa de uma casa que j\u00e1 existia na \u00e1rea.<\/p>\n<figure id=\"attachment_1472\" aria-describedby=\"caption-attachment-1472\" style=\"width: 557px\" class=\"wp-caption aligncenter\"><img fetchpriority=\"high\" decoding=\"async\" class=\" wp-image-1472\" src=\"https:\/\/www.ufsm.br\/unidades-universitarias\/cachoeira-do-sul\/wp-content\/uploads\/sites\/376\/2018\/12\/IMG-20181207-WA0005-300x169.jpg\" alt=\"\" width=\"557\" height=\"314\" srcset=\"https:\/\/www.ufsm.br\/app\/uploads\/sites\/376\/2018\/12\/IMG-20181207-WA0005-300x169.jpg 300w, https:\/\/www.ufsm.br\/app\/uploads\/sites\/376\/2018\/12\/IMG-20181207-WA0005-768x432.jpg 768w, https:\/\/www.ufsm.br\/app\/uploads\/sites\/376\/2018\/12\/IMG-20181207-WA0005-1024x576.jpg 1024w, https:\/\/www.ufsm.br\/app\/uploads\/sites\/376\/2018\/12\/IMG-20181207-WA0005.jpg 1280w\" sizes=\"(max-width: 557px) 100vw, 557px\" \/><figcaption id=\"caption-attachment-1472\" class=\"wp-caption-text\">Prof. Rog\u00e9rio Brittes, diretor do Campus Cachoeira do Sul, Prof. Paulo Burmann, reitor da UFSM,\u00a0 e\u00a0 Jo\u00e3o\u00a0 Augusto Streit, diretor\u00a0 executivo\u00a0 da Screw,\u00a0 em\u00a0 visita \u00e0s obras da\u00a0 futura casa do estudante.<\/figcaption><\/figure>\n<p>&nbsp;<\/p>\n<figure id=\"attachment_1471\" aria-describedby=\"caption-attachment-1471\" style=\"width: 561px\" class=\"wp-caption aligncenter\"><img decoding=\"async\" class=\" wp-image-1471\" src=\"https:\/\/www.ufsm.br\/unidades-universitarias\/cachoeira-do-sul\/wp-content\/uploads\/sites\/376\/2018\/12\/IMG-20181207-WA0003-300x169.jpg\" alt=\"\" width=\"561\" height=\"316\" srcset=\"https:\/\/www.ufsm.br\/app\/uploads\/sites\/376\/2018\/12\/IMG-20181207-WA0003-300x169.jpg 300w, https:\/\/www.ufsm.br\/app\/uploads\/sites\/376\/2018\/12\/IMG-20181207-WA0003-768x432.jpg 768w, https:\/\/www.ufsm.br\/app\/uploads\/sites\/376\/2018\/12\/IMG-20181207-WA0003-1024x576.jpg 1024w, https:\/\/www.ufsm.br\/app\/uploads\/sites\/376\/2018\/12\/IMG-20181207-WA0003.jpg 1280w\" sizes=\"(max-width: 561px) 100vw, 561px\" \/><figcaption id=\"caption-attachment-1471\" class=\"wp-caption-text\">Prof. Rog\u00e9rio Brittes, diretor do Campus Cachoeira do Sul, Prof. Paulo Burmann, reitor da UFSM, e\u00a0 Jo\u00e3o\u00a0 Augusto\u00a0 Streit, diretor\u00a0 executivo da\u00a0 Screw,\u00a0 em visita\u00a0 \u00e0s\u00a0 obras da\u00a0 futura sede administrativa do Campus Cachoeira do Sul.<\/figcaption><\/figure>\n<p>Ap\u00f3s a visita\u00e7\u00e3o ao Campus, ocorreu uma reuni\u00e3o com empres\u00e1rios da cidade. Na oportunidade, o Diretor do Campus e o Reitor falaram sobre o andamento das obras e sobre as necessidades do Campus. O Vice-Diretor, Prof. Lucas Delongui, e os Coordenadores de Curso Prof. Celso Tischer, Prof. Cristiano Maidana, Prof. Lucas \u00c1vila, Profa. Zanandra Boff de Oliveira e Prof. Samuel Brito tamb\u00e9m estavam presentes.<\/p>\n","protected":false},"excerpt":{"rendered":"<p>No final da tarde do dia 06 de dezembro, o Diretor do Campus da UFSM em Cachoeira do Sul, Prof. Rog\u00e9rio Brittes, recebeu o Reitor da UFSM, Prof. Paulo Afonso Burmann, e o Diretor Executivo da Screw, Jo\u00e3o Augusto Streit, para uma visita ao futuro Campus. Atualmente, est\u00e3o em constru\u00e7\u00e3o quatro blocos b\u00e1sicos de ensino, [&hellip;]<\/p>\n","protected":false},"author":293,"featured_media":1473,"comment_status":"closed","ping_status":"closed","sticky":false,"template":"","format":"standard","meta":{"footnotes":""},"categories":[21,1],"tags":[],"class_list":["post-1470","post","type-post","status-publish","format-standard","has-post-thumbnail","hentry","category-banner","category-noticias"],"acf":[],"_links":{"self":[{"href":"https:\/\/www.ufsm.br\/unidades-universitarias\/cachoeira-do-sul\/wp-json\/wp\/v2\/posts\/1470","targetHints":{"allow":["GET"]}}],"collection":[{"href":"https:\/\/www.ufsm.br\/unidades-universitarias\/cachoeira-do-sul\/wp-json\/wp\/v2\/posts"}],"about":[{"href":"https:\/\/www.ufsm.br\/unidades-universitarias\/cachoeira-do-sul\/wp-json\/wp\/v2\/types\/post"}],"author":[{"embeddable":true,"href":"https:\/\/www.ufsm.br\/unidades-universitarias\/cachoeira-do-sul\/wp-json\/wp\/v2\/users\/293"}],"replies":[{"embeddable":true,"href":"https:\/\/www.ufsm.br\/unidades-universitarias\/cachoeira-do-sul\/wp-json\/wp\/v2\/comments?post=1470"}],"version-history":[{"count":0,"href":"https:\/\/www.ufsm.br\/unidades-universitarias\/cachoeira-do-sul\/wp-json\/wp\/v2\/posts\/1470\/revisions"}],"wp:featuredmedia":[{"embeddable":true,"href":"https:\/\/www.ufsm.br\/unidades-universitarias\/cachoeira-do-sul\/wp-json\/wp\/v2\/media\/1473"}],"wp:attachment":[{"href":"https:\/\/www.ufsm.br\/unidades-universitarias\/cachoeira-do-sul\/wp-json\/wp\/v2\/media?parent=1470"}],"wp:term":[{"taxonomy":"category","embeddable":true,"href":"https:\/\/www.ufsm.br\/unidades-universitarias\/cachoeira-do-sul\/wp-json\/wp\/v2\/categories?post=1470"},{"taxonomy":"post_tag","embeddable":true,"href":"https:\/\/www.ufsm.br\/unidades-universitarias\/cachoeira-do-sul\/wp-json\/wp\/v2\/tags?post=1470"}],"curies":[{"name":"wp","href":"https:\/\/api.w.org\/{rel}","templated":true}]}}