{"id":1522,"date":"2019-01-09T09:35:56","date_gmt":"2019-01-09T11:35:56","guid":{"rendered":"https:\/\/www.ufsm.br\/unidades-universitarias\/cachoeira-do-sul\/?p=1522"},"modified":"2019-01-10T07:49:57","modified_gmt":"2019-01-10T09:49:57","slug":"campus-de-cachoeira-do-sul-inicia-ocupacao-das-instalacoes-proprias","status":"publish","type":"post","link":"https:\/\/www.ufsm.br\/unidades-universitarias\/cachoeira-do-sul\/2019\/01\/09\/campus-de-cachoeira-do-sul-inicia-ocupacao-das-instalacoes-proprias","title":{"rendered":"Campus de Cachoeira do Sul inicia ocupa\u00e7\u00e3o das instala\u00e7\u00f5es pr\u00f3prias"},"content":{"rendered":"\n<p style=\"font-weight: 400;text-align: justify\">Parte das aulas do pr\u00f3ximo semestre, que iniciar\u00e1 em 11 de mar\u00e7o, ser\u00e1 ministrada nas instala\u00e7\u00f5es pr\u00f3prias do Campus da UFSM em Cachoeira do Sul (Rodovia Taufik Germano, 3013).<\/p>\n<p style=\"font-weight: 400;text-align: justify\">Com isso, o Pr\u00e9dio 2 (situado ao lado do Col\u00e9gio Totem) ser\u00e1 desocupado. Para viabilizar as atividades do pr\u00f3ximo semestre, os laborat\u00f3rios de inform\u00e1tica e as salas de aula existentes no Pr\u00e9dio 2 ser\u00e3o transferidas para os Blocos 1 e 2, localizados na primeira quadra do Campus. Os laborat\u00f3rios de ensino e pesquisa ser\u00e3o instalados provisoriamente no Pr\u00e9dio 3 (UERGS), at\u00e9 que a constru\u00e7\u00e3o dos espa\u00e7os que abrigar\u00e3o estes laborat\u00f3rios na sede definitiva sejam finalizadas.\u00a0<\/p>\n<figure id=\"attachment_1523\" aria-describedby=\"caption-attachment-1523\" style=\"width: 486px\" class=\"wp-caption alignnone\"><img fetchpriority=\"high\" decoding=\"async\" class=\" wp-image-1523\" src=\"https:\/\/www.ufsm.br\/unidades-universitarias\/cachoeira-do-sul\/wp-content\/uploads\/sites\/376\/2019\/01\/Imagem-dos-Blocos-1-e-2-janeiro-2019-300x163.jpg\" alt=\"\" width=\"486\" height=\"264\" srcset=\"https:\/\/www.ufsm.br\/app\/uploads\/sites\/376\/2019\/01\/Imagem-dos-Blocos-1-e-2-janeiro-2019-300x163.jpg 300w, https:\/\/www.ufsm.br\/app\/uploads\/sites\/376\/2019\/01\/Imagem-dos-Blocos-1-e-2-janeiro-2019-768x417.jpg 768w, https:\/\/www.ufsm.br\/app\/uploads\/sites\/376\/2019\/01\/Imagem-dos-Blocos-1-e-2-janeiro-2019-1024x556.jpg 1024w, https:\/\/www.ufsm.br\/app\/uploads\/sites\/376\/2019\/01\/Imagem-dos-Blocos-1-e-2-janeiro-2019.jpg 1920w\" sizes=\"(max-width: 486px) 100vw, 486px\" \/><figcaption id=\"caption-attachment-1523\" class=\"wp-caption-text\">Blocos 1 e 2 das instala\u00e7\u00f5es definitivas do Campus da UFSM em Cachoeira do Sul.<\/figcaption><\/figure>\n<p style=\"font-weight: 400;text-align: justify\">Al\u00e9m disso, tamb\u00e9m ser\u00e1 instalado um Restaurante Universit\u00e1rio (RU) para os alunos e servidores que estiverem em atividade nas novas instala\u00e7\u00f5es. O RU ficar\u00e1 em um pr\u00e9dio localizado atr\u00e1s dos Blocos 1 e 2. <br \/>As atividades administrativas, biblioteca, bem como o Restaurante Universit\u00e1rio localizado no Pr\u00e9dio 4, continuar\u00e3o com suas atividades ocorrendo normalmente no centro da cidade.<\/p>\n<p style=\"font-weight: 400;text-align: justify\">A previs\u00e3o \u00e9 que, ao longo de 2019, com a finaliza\u00e7\u00e3o da constru\u00e7\u00e3o de outros espa\u00e7os nas instala\u00e7\u00f5es pr\u00f3prias da UFSM &#8211; Cachoeira do Sul, aconte\u00e7am mais mudan\u00e7as, que ser\u00e3o repassadas pela administra\u00e7\u00e3o do Campus com a devida anteced\u00eancia.<\/p>\n<p style=\"text-align: justify\">\u00a0<\/p>\n<p style=\"font-weight: 400;text-align: justify\">\u00a0<\/p>\n","protected":false},"excerpt":{"rendered":"<p>Parte das aulas do pr\u00f3ximo semestre, que iniciar\u00e1 em 11 de mar\u00e7o, ser\u00e1 ministrada nas instala\u00e7\u00f5es pr\u00f3prias do Campus da UFSM em Cachoeira do Sul (Rodovia Taufik Germano, 3013). Com isso, o Pr\u00e9dio 2 (situado ao lado do Col\u00e9gio Totem) ser\u00e1 desocupado. Para viabilizar as atividades do pr\u00f3ximo semestre, os laborat\u00f3rios de inform\u00e1tica e as [&hellip;]<\/p>\n","protected":false},"author":293,"featured_media":1524,"comment_status":"closed","ping_status":"closed","sticky":false,"template":"","format":"standard","meta":{"footnotes":""},"categories":[21,1],"tags":[],"class_list":["post-1522","post","type-post","status-publish","format-standard","has-post-thumbnail","hentry","category-banner","category-noticias"],"acf":[],"_links":{"self":[{"href":"https:\/\/www.ufsm.br\/unidades-universitarias\/cachoeira-do-sul\/wp-json\/wp\/v2\/posts\/1522","targetHints":{"allow":["GET"]}}],"collection":[{"href":"https:\/\/www.ufsm.br\/unidades-universitarias\/cachoeira-do-sul\/wp-json\/wp\/v2\/posts"}],"about":[{"href":"https:\/\/www.ufsm.br\/unidades-universitarias\/cachoeira-do-sul\/wp-json\/wp\/v2\/types\/post"}],"author":[{"embeddable":true,"href":"https:\/\/www.ufsm.br\/unidades-universitarias\/cachoeira-do-sul\/wp-json\/wp\/v2\/users\/293"}],"replies":[{"embeddable":true,"href":"https:\/\/www.ufsm.br\/unidades-universitarias\/cachoeira-do-sul\/wp-json\/wp\/v2\/comments?post=1522"}],"version-history":[{"count":0,"href":"https:\/\/www.ufsm.br\/unidades-universitarias\/cachoeira-do-sul\/wp-json\/wp\/v2\/posts\/1522\/revisions"}],"wp:featuredmedia":[{"embeddable":true,"href":"https:\/\/www.ufsm.br\/unidades-universitarias\/cachoeira-do-sul\/wp-json\/wp\/v2\/media\/1524"}],"wp:attachment":[{"href":"https:\/\/www.ufsm.br\/unidades-universitarias\/cachoeira-do-sul\/wp-json\/wp\/v2\/media?parent=1522"}],"wp:term":[{"taxonomy":"category","embeddable":true,"href":"https:\/\/www.ufsm.br\/unidades-universitarias\/cachoeira-do-sul\/wp-json\/wp\/v2\/categories?post=1522"},{"taxonomy":"post_tag","embeddable":true,"href":"https:\/\/www.ufsm.br\/unidades-universitarias\/cachoeira-do-sul\/wp-json\/wp\/v2\/tags?post=1522"}],"curies":[{"name":"wp","href":"https:\/\/api.w.org\/{rel}","templated":true}]}}