{"id":1528,"date":"2019-01-16T11:51:55","date_gmt":"2019-01-16T13:51:55","guid":{"rendered":"https:\/\/www.ufsm.br\/unidades-universitarias\/cachoeira-do-sul\/?p=1528"},"modified":"2019-01-16T11:51:58","modified_gmt":"2019-01-16T13:51:58","slug":"proinfra-visita-obras-do-campus","status":"publish","type":"post","link":"https:\/\/www.ufsm.br\/unidades-universitarias\/cachoeira-do-sul\/2019\/01\/16\/proinfra-visita-obras-do-campus","title":{"rendered":"PROINFRA visita obras do Campus"},"content":{"rendered":"\n<p style=\"font-weight: 400;text-align: justify\">A Pr\u00f3-reitoria de Infraestrutura (PROINFRA) visitou as obras do Campus de Cachoeira do Sul na ter\u00e7a-feira, 15 de janeiro. O Prof. Jos\u00e9 M\u00e1rio Doleys Soares (Pr\u00f3-reitor de Infraestrutura) e a Profa. \u00cdsis Portolan (Pr\u00f3-reitora Adjunta de Infraestrutura) foram acompanhados pelo Diretor, Prof. Rog\u00e9rio Brittes, e pelo Vice-diretor, Prof. Lucas Delongui, durante a visita.<\/p>\n<p style=\"font-weight: 400;text-align: justify\">Uma equipe t\u00e9cnica da PROINFRA vistoriou as obras em andamento e seguiu o trabalho de aloca\u00e7\u00e3o dos postes para instala\u00e7\u00e3o da rede el\u00e9trica definitiva, que foi realizado pelos docentes G\u00e9rson Schimer, Daniel Winter, Lucas \u00c1vila e Lucas Delongui e pelo discente Ernani Cabral.<\/p>\n<p style=\"font-weight: 400;text-align: justify\">A PROINFRA esteve reunida com a Dire\u00e7\u00e3o para discutir demandas do Campus que devem ser atendidas antes do m\u00eas de mar\u00e7o, j\u00e1 que parte das aulas do pr\u00f3ximo semestre ser\u00e1 ministrada nas instala\u00e7\u00f5es pr\u00f3prias A mudan\u00e7a do mobili\u00e1rio que est\u00e1 alocado no Col\u00e9gio Totem iniciar\u00e1 na pr\u00f3xima segunda-feira, 21 de janeiro.<\/p>\n<p><img fetchpriority=\"high\" decoding=\"async\" class=\"size-medium wp-image-1533 aligncenter\" src=\"https:\/\/www.ufsm.br\/unidades-universitarias\/cachoeira-do-sul\/wp-content\/uploads\/sites\/376\/2019\/01\/IMG-20190115-WA0007-300x225.jpg\" alt=\"\" width=\"300\" height=\"225\" srcset=\"https:\/\/www.ufsm.br\/app\/uploads\/sites\/376\/2019\/01\/IMG-20190115-WA0007-300x225.jpg 300w, https:\/\/www.ufsm.br\/app\/uploads\/sites\/376\/2019\/01\/IMG-20190115-WA0007-768x576.jpg 768w, https:\/\/www.ufsm.br\/app\/uploads\/sites\/376\/2019\/01\/IMG-20190115-WA0007-1024x768.jpg 1024w, https:\/\/www.ufsm.br\/app\/uploads\/sites\/376\/2019\/01\/IMG-20190115-WA0007.jpg 1280w\" sizes=\"(max-width: 300px) 100vw, 300px\" \/><\/p>\n<p><img decoding=\"async\" class=\"size-medium wp-image-1532 aligncenter\" src=\"https:\/\/www.ufsm.br\/unidades-universitarias\/cachoeira-do-sul\/wp-content\/uploads\/sites\/376\/2019\/01\/IMG-20190115-WA0006-300x225.jpg\" alt=\"\" width=\"300\" height=\"225\" srcset=\"https:\/\/www.ufsm.br\/app\/uploads\/sites\/376\/2019\/01\/IMG-20190115-WA0006-300x225.jpg 300w, https:\/\/www.ufsm.br\/app\/uploads\/sites\/376\/2019\/01\/IMG-20190115-WA0006-768x576.jpg 768w, https:\/\/www.ufsm.br\/app\/uploads\/sites\/376\/2019\/01\/IMG-20190115-WA0006-1024x768.jpg 1024w, https:\/\/www.ufsm.br\/app\/uploads\/sites\/376\/2019\/01\/IMG-20190115-WA0006.jpg 1280w\" sizes=\"(max-width: 300px) 100vw, 300px\" \/><\/p>\n<p><img decoding=\"async\" class=\"size-medium wp-image-1531 aligncenter\" src=\"https:\/\/www.ufsm.br\/unidades-universitarias\/cachoeira-do-sul\/wp-content\/uploads\/sites\/376\/2019\/01\/IMG-20190115-WA0004-300x225.jpg\" alt=\"\" width=\"300\" height=\"225\" srcset=\"https:\/\/www.ufsm.br\/app\/uploads\/sites\/376\/2019\/01\/IMG-20190115-WA0004-300x225.jpg 300w, https:\/\/www.ufsm.br\/app\/uploads\/sites\/376\/2019\/01\/IMG-20190115-WA0004-768x576.jpg 768w, https:\/\/www.ufsm.br\/app\/uploads\/sites\/376\/2019\/01\/IMG-20190115-WA0004-1024x768.jpg 1024w, https:\/\/www.ufsm.br\/app\/uploads\/sites\/376\/2019\/01\/IMG-20190115-WA0004.jpg 1280w\" sizes=\"(max-width: 300px) 100vw, 300px\" \/><\/p>\n<p><img loading=\"lazy\" decoding=\"async\" class=\"size-medium wp-image-1530 aligncenter\" src=\"https:\/\/www.ufsm.br\/unidades-universitarias\/cachoeira-do-sul\/wp-content\/uploads\/sites\/376\/2019\/01\/IMG_20190115_111109605-300x225.jpg\" alt=\"\" width=\"300\" height=\"225\" srcset=\"https:\/\/www.ufsm.br\/app\/uploads\/sites\/376\/2019\/01\/IMG_20190115_111109605-300x225.jpg 300w, https:\/\/www.ufsm.br\/app\/uploads\/sites\/376\/2019\/01\/IMG_20190115_111109605-768x576.jpg 768w, https:\/\/www.ufsm.br\/app\/uploads\/sites\/376\/2019\/01\/IMG_20190115_111109605-1024x768.jpg 1024w, https:\/\/www.ufsm.br\/app\/uploads\/sites\/376\/2019\/01\/IMG_20190115_111109605.jpg 1920w\" sizes=\"(max-width: 300px) 100vw, 300px\" \/><\/p>\n<p><img loading=\"lazy\" decoding=\"async\" class=\"size-medium wp-image-1529 aligncenter\" src=\"https:\/\/www.ufsm.br\/unidades-universitarias\/cachoeira-do-sul\/wp-content\/uploads\/sites\/376\/2019\/01\/IMG_20190115_105943853-225x300.jpg\" alt=\"\" width=\"225\" height=\"300\" srcset=\"https:\/\/www.ufsm.br\/app\/uploads\/sites\/376\/2019\/01\/IMG_20190115_105943853-225x300.jpg 225w, https:\/\/www.ufsm.br\/app\/uploads\/sites\/376\/2019\/01\/IMG_20190115_105943853-768x1024.jpg 768w, https:\/\/www.ufsm.br\/app\/uploads\/sites\/376\/2019\/01\/IMG_20190115_105943853.jpg 1920w\" sizes=\"(max-width: 225px) 100vw, 225px\" \/><\/p>\n","protected":false},"excerpt":{"rendered":"<p>A Pr\u00f3-reitoria de Infraestrutura (PROINFRA) visitou as obras do Campus de Cachoeira do Sul na ter\u00e7a-feira, 15 de janeiro. O Prof. Jos\u00e9 M\u00e1rio Doleys Soares (Pr\u00f3-reitor de Infraestrutura) e a Profa. \u00cdsis Portolan (Pr\u00f3-reitora Adjunta de Infraestrutura) foram acompanhados pelo Diretor, Prof. Rog\u00e9rio Brittes, e pelo Vice-diretor, Prof. Lucas Delongui, durante a visita. Uma equipe [&hellip;]<\/p>\n","protected":false},"author":293,"featured_media":1534,"comment_status":"closed","ping_status":"closed","sticky":false,"template":"","format":"standard","meta":{"footnotes":""},"categories":[21,1],"tags":[],"class_list":["post-1528","post","type-post","status-publish","format-standard","has-post-thumbnail","hentry","category-banner","category-noticias"],"acf":[],"_links":{"self":[{"href":"https:\/\/www.ufsm.br\/unidades-universitarias\/cachoeira-do-sul\/wp-json\/wp\/v2\/posts\/1528","targetHints":{"allow":["GET"]}}],"collection":[{"href":"https:\/\/www.ufsm.br\/unidades-universitarias\/cachoeira-do-sul\/wp-json\/wp\/v2\/posts"}],"about":[{"href":"https:\/\/www.ufsm.br\/unidades-universitarias\/cachoeira-do-sul\/wp-json\/wp\/v2\/types\/post"}],"author":[{"embeddable":true,"href":"https:\/\/www.ufsm.br\/unidades-universitarias\/cachoeira-do-sul\/wp-json\/wp\/v2\/users\/293"}],"replies":[{"embeddable":true,"href":"https:\/\/www.ufsm.br\/unidades-universitarias\/cachoeira-do-sul\/wp-json\/wp\/v2\/comments?post=1528"}],"version-history":[{"count":0,"href":"https:\/\/www.ufsm.br\/unidades-universitarias\/cachoeira-do-sul\/wp-json\/wp\/v2\/posts\/1528\/revisions"}],"wp:featuredmedia":[{"embeddable":true,"href":"https:\/\/www.ufsm.br\/unidades-universitarias\/cachoeira-do-sul\/wp-json\/wp\/v2\/media\/1534"}],"wp:attachment":[{"href":"https:\/\/www.ufsm.br\/unidades-universitarias\/cachoeira-do-sul\/wp-json\/wp\/v2\/media?parent=1528"}],"wp:term":[{"taxonomy":"category","embeddable":true,"href":"https:\/\/www.ufsm.br\/unidades-universitarias\/cachoeira-do-sul\/wp-json\/wp\/v2\/categories?post=1528"},{"taxonomy":"post_tag","embeddable":true,"href":"https:\/\/www.ufsm.br\/unidades-universitarias\/cachoeira-do-sul\/wp-json\/wp\/v2\/tags?post=1528"}],"curies":[{"name":"wp","href":"https:\/\/api.w.org\/{rel}","templated":true}]}}