{"id":1558,"date":"2019-01-25T12:00:34","date_gmt":"2019-01-25T14:00:34","guid":{"rendered":"https:\/\/www.ufsm.br\/unidades-universitarias\/cachoeira-do-sul\/?p=1558"},"modified":"2019-01-25T12:00:36","modified_gmt":"2019-01-25T14:00:36","slug":"mudanca-para-o-novo-campus-movimenta-a-ufsm","status":"publish","type":"post","link":"https:\/\/www.ufsm.br\/unidades-universitarias\/cachoeira-do-sul\/2019\/01\/25\/mudanca-para-o-novo-campus-movimenta-a-ufsm","title":{"rendered":"Mudan\u00e7a para o novo Campus movimenta a UFSM"},"content":{"rendered":"\n<p style=\"font-weight: 400\">\u00a0<\/p>\n<p style=\"font-weight: 400;text-align: justify\">A partir de 24 de janeiro de 2019, o Campus da UFSM em Cachoeira do Sul escreve mais uma parte importante de sua hist\u00f3ria: a ocupa\u00e7\u00e3o do campus pr\u00f3prio, na localidade do Passo da Areia.\u00a0<\/p>\n<p style=\"font-weight: 400;text-align: justify\">A desocupa\u00e7\u00e3o das primeiras instala\u00e7\u00f5es tempor\u00e1rias da UFSM-CS, no Col\u00e9gio Totem, iniciou na segunda-feira (21) e contou com uma equipe de aproximadamente 50 pessoas. Para realiza\u00e7\u00e3o da mudan\u00e7a, foram necess\u00e1rios dois caminh\u00f5es da UFSM (um deles do Departamento de Patrim\u00f4nio e o outro do Almoxarifado Central), dois caminh\u00f5es do 3\u00b0 Batalh\u00e3o de Engenharia de Combate, dois ve\u00edculos oficiais do Campus e um ve\u00edculo do N\u00facleo de Transportes\/UFSM.<\/p>\n<p style=\"text-align: justify\">Al\u00e9m disso, a a\u00e7\u00e3o contou com uma grande atividade de log\u00edstica que vem sendo desenvolvida deste o in\u00edcio do ano por diversos servidores do Campus.\u00a0<\/p>\n<p style=\"text-align: justify\">A Dire\u00e7\u00e3o do campus Cachoeira do Sul ressalta que foi necess\u00e1ria a mobiliza\u00e7\u00e3o conjunta de diversos agentes: profissionais da UFSM-CS (docentes, t\u00e9cnicos-administrativos e funcion\u00e1rios terceirizados),\u00a0Pr\u00f3-Reitoria de Infraestrutura e Ex\u00e9rcito Brasileiro. &#8220;O\u00a0trabalho exigiu grande esfor\u00e7o e dedica\u00e7\u00e3o da equipe da UFSM, e s\u00f3 p\u00f4de ser realizado em um curto per\u00edodo de tempo devido ao apoio incondicional do 3\u00ba Batalh\u00e3o de Engenharia de Combate &#8211; Batalh\u00e3o &#8216;Conrado Bittencourt&#8217;. Assim, a Dire\u00e7\u00e3o do campus gostaria de registrar um agradecimento especial a todos os servidores envolvidos, ao 3\u00ba Batalh\u00e3o de Engenharia de Combate &#8211; em especial ao Comandante Tenente-Coronel Renato Farias Bazi e ao Subcomandante Tenente-Coronel\u00a0Carlos Eduardo Borges, e a toda comunidade acad\u00eamica que est\u00e1 ajudando a construir a hist\u00f3ria do Campus da UFSM em Cachoeira do Sul&#8221;, salienta o Diretor do campus, Rog\u00e9rio Brittes.\u00a0<\/p>\n<p style=\"text-align: justify\"><img fetchpriority=\"high\" decoding=\"async\" class=\"wp-image-1559 aligncenter\" src=\"https:\/\/www.ufsm.br\/unidades-universitarias\/cachoeira-do-sul\/wp-content\/uploads\/sites\/376\/2019\/01\/20190122_140249-300x225.jpg\" alt=\"\" width=\"563\" height=\"422\" srcset=\"https:\/\/www.ufsm.br\/app\/uploads\/sites\/376\/2019\/01\/20190122_140249-300x225.jpg 300w, https:\/\/www.ufsm.br\/app\/uploads\/sites\/376\/2019\/01\/20190122_140249-768x576.jpg 768w, https:\/\/www.ufsm.br\/app\/uploads\/sites\/376\/2019\/01\/20190122_140249-1024x768.jpg 1024w, https:\/\/www.ufsm.br\/app\/uploads\/sites\/376\/2019\/01\/20190122_140249.jpg 1920w\" sizes=\"(max-width: 563px) 100vw, 563px\" \/><\/p>\n<p style=\"font-weight: 400;text-align: justify\">\u00a0<\/p>\n<p><img decoding=\"async\" class=\"wp-image-1560 aligncenter\" src=\"https:\/\/www.ufsm.br\/unidades-universitarias\/cachoeira-do-sul\/wp-content\/uploads\/sites\/376\/2019\/01\/20190124_105209-300x225.jpg\" alt=\"\" width=\"565\" height=\"424\" srcset=\"https:\/\/www.ufsm.br\/app\/uploads\/sites\/376\/2019\/01\/20190124_105209-300x225.jpg 300w, https:\/\/www.ufsm.br\/app\/uploads\/sites\/376\/2019\/01\/20190124_105209-768x576.jpg 768w, https:\/\/www.ufsm.br\/app\/uploads\/sites\/376\/2019\/01\/20190124_105209-1024x768.jpg 1024w, https:\/\/www.ufsm.br\/app\/uploads\/sites\/376\/2019\/01\/20190124_105209.jpg 1920w\" sizes=\"(max-width: 565px) 100vw, 565px\" \/><\/p>\n<p>\u00a0<\/p>\n<p><img decoding=\"async\" class=\"wp-image-1561 aligncenter\" src=\"https:\/\/www.ufsm.br\/unidades-universitarias\/cachoeira-do-sul\/wp-content\/uploads\/sites\/376\/2019\/01\/20190124_105831-300x225.jpg\" alt=\"\" width=\"565\" height=\"424\" srcset=\"https:\/\/www.ufsm.br\/app\/uploads\/sites\/376\/2019\/01\/20190124_105831-300x225.jpg 300w, https:\/\/www.ufsm.br\/app\/uploads\/sites\/376\/2019\/01\/20190124_105831-768x576.jpg 768w, https:\/\/www.ufsm.br\/app\/uploads\/sites\/376\/2019\/01\/20190124_105831-1024x768.jpg 1024w, https:\/\/www.ufsm.br\/app\/uploads\/sites\/376\/2019\/01\/20190124_105831.jpg 1920w\" sizes=\"(max-width: 565px) 100vw, 565px\" \/><\/p>\n<p>\u00a0<\/p>\n<p><img loading=\"lazy\" decoding=\"async\" class=\"alignnone  wp-image-1563\" src=\"https:\/\/www.ufsm.br\/unidades-universitarias\/cachoeira-do-sul\/wp-content\/uploads\/sites\/376\/2019\/01\/IMG-20190124-WA0015-300x169.jpg\" alt=\"\" width=\"566\" height=\"319\" srcset=\"https:\/\/www.ufsm.br\/app\/uploads\/sites\/376\/2019\/01\/IMG-20190124-WA0015-300x169.jpg 300w, https:\/\/www.ufsm.br\/app\/uploads\/sites\/376\/2019\/01\/IMG-20190124-WA0015-768x432.jpg 768w, https:\/\/www.ufsm.br\/app\/uploads\/sites\/376\/2019\/01\/IMG-20190124-WA0015-1024x576.jpg 1024w, https:\/\/www.ufsm.br\/app\/uploads\/sites\/376\/2019\/01\/IMG-20190124-WA0015.jpg 1280w\" sizes=\"(max-width: 566px) 100vw, 566px\" \/><\/p>\n","protected":false},"excerpt":{"rendered":"<p>\u00a0 A partir de 24 de janeiro de 2019, o Campus da UFSM em Cachoeira do Sul escreve mais uma parte importante de sua hist\u00f3ria: a ocupa\u00e7\u00e3o do campus pr\u00f3prio, na localidade do Passo da Areia.\u00a0 A desocupa\u00e7\u00e3o das primeiras instala\u00e7\u00f5es tempor\u00e1rias da UFSM-CS, no Col\u00e9gio Totem, iniciou na segunda-feira (21) e contou com uma [&hellip;]<\/p>\n","protected":false},"author":293,"featured_media":1564,"comment_status":"closed","ping_status":"closed","sticky":false,"template":"","format":"standard","meta":{"footnotes":""},"categories":[21,1],"tags":[],"class_list":["post-1558","post","type-post","status-publish","format-standard","has-post-thumbnail","hentry","category-banner","category-noticias"],"acf":[],"_links":{"self":[{"href":"https:\/\/www.ufsm.br\/unidades-universitarias\/cachoeira-do-sul\/wp-json\/wp\/v2\/posts\/1558","targetHints":{"allow":["GET"]}}],"collection":[{"href":"https:\/\/www.ufsm.br\/unidades-universitarias\/cachoeira-do-sul\/wp-json\/wp\/v2\/posts"}],"about":[{"href":"https:\/\/www.ufsm.br\/unidades-universitarias\/cachoeira-do-sul\/wp-json\/wp\/v2\/types\/post"}],"author":[{"embeddable":true,"href":"https:\/\/www.ufsm.br\/unidades-universitarias\/cachoeira-do-sul\/wp-json\/wp\/v2\/users\/293"}],"replies":[{"embeddable":true,"href":"https:\/\/www.ufsm.br\/unidades-universitarias\/cachoeira-do-sul\/wp-json\/wp\/v2\/comments?post=1558"}],"version-history":[{"count":0,"href":"https:\/\/www.ufsm.br\/unidades-universitarias\/cachoeira-do-sul\/wp-json\/wp\/v2\/posts\/1558\/revisions"}],"wp:featuredmedia":[{"embeddable":true,"href":"https:\/\/www.ufsm.br\/unidades-universitarias\/cachoeira-do-sul\/wp-json\/wp\/v2\/media\/1564"}],"wp:attachment":[{"href":"https:\/\/www.ufsm.br\/unidades-universitarias\/cachoeira-do-sul\/wp-json\/wp\/v2\/media?parent=1558"}],"wp:term":[{"taxonomy":"category","embeddable":true,"href":"https:\/\/www.ufsm.br\/unidades-universitarias\/cachoeira-do-sul\/wp-json\/wp\/v2\/categories?post=1558"},{"taxonomy":"post_tag","embeddable":true,"href":"https:\/\/www.ufsm.br\/unidades-universitarias\/cachoeira-do-sul\/wp-json\/wp\/v2\/tags?post=1558"}],"curies":[{"name":"wp","href":"https:\/\/api.w.org\/{rel}","templated":true}]}}