{"id":1573,"date":"2019-01-31T11:27:16","date_gmt":"2019-01-31T13:27:16","guid":{"rendered":"https:\/\/www.ufsm.br\/unidades-universitarias\/cachoeira-do-sul\/?p=1573"},"modified":"2019-01-31T11:27:19","modified_gmt":"2019-01-31T13:27:19","slug":"reitor-visita-campus-de-cachoeira","status":"publish","type":"post","link":"https:\/\/www.ufsm.br\/unidades-universitarias\/cachoeira-do-sul\/2019\/01\/31\/reitor-visita-campus-de-cachoeira","title":{"rendered":"Reitor visita Campus de Cachoeira"},"content":{"rendered":"\n<div>\u00a0<\/div>\n<div style=\"text-align: justify\">O reitor da Universidade Federal de Santa Maria, professor Paulo Afonso Burmann, esteve em Cachoeira do Sul, na \u00faltima ter\u00e7a-feira (29), para uma visita ao Campus. O reitor, juntamente com o pr\u00f3-reitor de Extens\u00e3o\u00a0Flavi Lisboa, tamb\u00e9m estiveram nas instala\u00e7\u00f5es pr\u00f3prias, no Passo da Areia.<\/div>\n<div style=\"text-align: justify\">Al\u00e9m disso, o professor Burmann aproveitou a oportunidade para conhecer o 3\u00ba Batalh\u00e3o de Engenharia de Combate e agradecer ao Tenente-Coronel Renato Farias Bazi pelo apoio ao Campus de Cachoeira do Sul durante o per\u00edodo da mudan\u00e7a.\u00a0<\/div>\n<div style=\"text-align: justify\">O Diretor do Campus, professor Rog\u00e9rio Brittes, destacou que esta parceria \u00e9 muito importante, pois al\u00e9m de contribuir para integra\u00e7\u00e3o entre as duas institui\u00e7\u00f5es, est\u00e1 viabilizando o desenvolvimento de atividades de pesquisa do Campus. No ano de 2018, por exemplo, o Batalh\u00e3o cedeu uma \u00e1rea para realiza\u00e7\u00e3o de pesquisas vinculadas ao curso de Engenharia Agr\u00edcola. O professor Lucas Delongui, Vice-diretor, tamb\u00e9m destacou a quantidade expressiva de integrantes do Batalh\u00e3o que cursam Engenharia de Transporte e Log\u00edstica.<\/div>\n<div>\u00a0<\/div>\n<div>\n<figure id=\"attachment_1574\" aria-describedby=\"caption-attachment-1574\" style=\"width: 572px\" class=\"wp-caption aligncenter\"><img fetchpriority=\"high\" decoding=\"async\" class=\" wp-image-1574\" src=\"https:\/\/www.ufsm.br\/unidades-universitarias\/cachoeira-do-sul\/wp-content\/uploads\/sites\/376\/2019\/01\/Mat\u00e9ria-1-300x225.jpeg\" alt=\"\" width=\"572\" height=\"429\" srcset=\"https:\/\/www.ufsm.br\/app\/uploads\/sites\/376\/2019\/01\/Mat\u00e9ria-1-300x225.jpeg 300w, https:\/\/www.ufsm.br\/app\/uploads\/sites\/376\/2019\/01\/Mat\u00e9ria-1-768x576.jpeg 768w, https:\/\/www.ufsm.br\/app\/uploads\/sites\/376\/2019\/01\/Mat\u00e9ria-1-1024x768.jpeg 1024w, https:\/\/www.ufsm.br\/app\/uploads\/sites\/376\/2019\/01\/Mat\u00e9ria-1.jpeg 1280w\" sizes=\"(max-width: 572px) 100vw, 572px\" \/><figcaption id=\"caption-attachment-1574\" class=\"wp-caption-text\">O diretor do da UFSM-CS, Rog\u00e9rio Brittes, o vice-diretor, Lucas Delongui, o pr\u00f3-reitor de extens\u00e3o, Flavi Lisboa e o reitor Paulo Burmann em conversa com o Tenente-Coronel Renato Farias Bazi.<\/figcaption><\/figure>\n<\/div>\n","protected":false},"excerpt":{"rendered":"<p>\u00a0 O reitor da Universidade Federal de Santa Maria, professor Paulo Afonso Burmann, esteve em Cachoeira do Sul, na \u00faltima ter\u00e7a-feira (29), para uma visita ao Campus. O reitor, juntamente com o pr\u00f3-reitor de Extens\u00e3o\u00a0Flavi Lisboa, tamb\u00e9m estiveram nas instala\u00e7\u00f5es pr\u00f3prias, no Passo da Areia. Al\u00e9m disso, o professor Burmann aproveitou a oportunidade para conhecer [&hellip;]<\/p>\n","protected":false},"author":293,"featured_media":1575,"comment_status":"closed","ping_status":"closed","sticky":false,"template":"","format":"standard","meta":{"footnotes":""},"categories":[21,1],"tags":[],"class_list":["post-1573","post","type-post","status-publish","format-standard","has-post-thumbnail","hentry","category-banner","category-noticias"],"acf":[],"_links":{"self":[{"href":"https:\/\/www.ufsm.br\/unidades-universitarias\/cachoeira-do-sul\/wp-json\/wp\/v2\/posts\/1573","targetHints":{"allow":["GET"]}}],"collection":[{"href":"https:\/\/www.ufsm.br\/unidades-universitarias\/cachoeira-do-sul\/wp-json\/wp\/v2\/posts"}],"about":[{"href":"https:\/\/www.ufsm.br\/unidades-universitarias\/cachoeira-do-sul\/wp-json\/wp\/v2\/types\/post"}],"author":[{"embeddable":true,"href":"https:\/\/www.ufsm.br\/unidades-universitarias\/cachoeira-do-sul\/wp-json\/wp\/v2\/users\/293"}],"replies":[{"embeddable":true,"href":"https:\/\/www.ufsm.br\/unidades-universitarias\/cachoeira-do-sul\/wp-json\/wp\/v2\/comments?post=1573"}],"version-history":[{"count":0,"href":"https:\/\/www.ufsm.br\/unidades-universitarias\/cachoeira-do-sul\/wp-json\/wp\/v2\/posts\/1573\/revisions"}],"wp:featuredmedia":[{"embeddable":true,"href":"https:\/\/www.ufsm.br\/unidades-universitarias\/cachoeira-do-sul\/wp-json\/wp\/v2\/media\/1575"}],"wp:attachment":[{"href":"https:\/\/www.ufsm.br\/unidades-universitarias\/cachoeira-do-sul\/wp-json\/wp\/v2\/media?parent=1573"}],"wp:term":[{"taxonomy":"category","embeddable":true,"href":"https:\/\/www.ufsm.br\/unidades-universitarias\/cachoeira-do-sul\/wp-json\/wp\/v2\/categories?post=1573"},{"taxonomy":"post_tag","embeddable":true,"href":"https:\/\/www.ufsm.br\/unidades-universitarias\/cachoeira-do-sul\/wp-json\/wp\/v2\/tags?post=1573"}],"curies":[{"name":"wp","href":"https:\/\/api.w.org\/{rel}","templated":true}]}}