{"id":1602,"date":"2019-02-28T08:22:17","date_gmt":"2019-02-28T11:22:17","guid":{"rendered":"https:\/\/www.ufsm.br\/unidades-universitarias\/cachoeira-do-sul\/?p=1602"},"modified":"2019-02-28T09:11:58","modified_gmt":"2019-02-28T12:11:58","slug":"ufsm-garante-apoio-a-prefeitura-de-cachoeira-do-sul-nas-obras-de-acesso-ao-campus","status":"publish","type":"post","link":"https:\/\/www.ufsm.br\/unidades-universitarias\/cachoeira-do-sul\/2019\/02\/28\/ufsm-garante-apoio-a-prefeitura-de-cachoeira-do-sul-nas-obras-de-acesso-ao-campus","title":{"rendered":"UFSM garante apoio \u00e0 Prefeitura de Cachoeira do Sul nas obras de acesso ao campus"},"content":{"rendered":"\n<figure id=\"attachment_1603\" aria-describedby=\"caption-attachment-1603\" style=\"width: 535px\" class=\"wp-caption aligncenter\"><img fetchpriority=\"high\" decoding=\"async\" class=\"wp-image-1603\" src=\"https:\/\/www.ufsm.br\/unidades-universitarias\/cachoeira-do-sul\/wp-content\/uploads\/sites\/376\/2019\/02\/Encontro-do-prefeito-de-CS-Dire\u00e7\u00e3o-e-Reitoria-27.02.2019-300x200.jpg\" alt=\"\" width=\"535\" height=\"356\" srcset=\"https:\/\/www.ufsm.br\/app\/uploads\/sites\/376\/2019\/02\/Encontro-do-prefeito-de-CS-Dire\u00e7\u00e3o-e-Reitoria-27.02.2019-300x200.jpg 300w, https:\/\/www.ufsm.br\/app\/uploads\/sites\/376\/2019\/02\/Encontro-do-prefeito-de-CS-Dire\u00e7\u00e3o-e-Reitoria-27.02.2019-272x182.jpg 272w, https:\/\/www.ufsm.br\/app\/uploads\/sites\/376\/2019\/02\/Encontro-do-prefeito-de-CS-Dire\u00e7\u00e3o-e-Reitoria-27.02.2019.jpg 768w\" sizes=\"(max-width: 535px) 100vw, 535px\" \/><figcaption id=\"caption-attachment-1603\" class=\"wp-caption-text\">Encontro no gabinete do reitor discutiu obras no acesso ao campus Cachoeira.<\/figcaption><\/figure>\n<p style=\"text-align: justify\">O acesso vi\u00e1rio ao campus da UFSM em Cachoeira do Sul foi pauta de uma reuni\u00e3o no Gabinete do Reitor na \u00faltima ter\u00e7a-feira (26). O reitor, Paulo Afonso Burmann, recebeu o prefeito de Cachoeira do Sul, Sergio Ghignatti, o diretor e o vice-diretor do campus, Rog\u00e9rio Brittes e Lucas Delongui, o pr\u00f3-reitor de Infraestrutura, Jos\u00e9 Mario Soares, e o professor Daniel Winter, do curso de Engenharia de Transportes e Log\u00edstica.<\/p>\n<p style=\"text-align: justify\">A Universidade garantiu apoio \u00e0 Prefeitura na execu\u00e7\u00e3o da\u00a0<a href=\"https:\/\/www.ufsm.br\/2019\/02\/22\/comitiva-de-cachoeira-do-sul-participa-de-audiencia-para-tratar-do-acesso-ao-campus\/\">obra de acesso ao campus<\/a>, localizado \u00e0s margens da VRS 809, no bairro Passo da Areia. A UFSM comprometeu-se com o fornecimento de combust\u00edvel para os ve\u00edculos da Prefeitura que atuar\u00e3o na obra e com a ced\u00eancia de um engenheiro eletricista que ir\u00e1 colaborar com o projeto de ilumina\u00e7\u00e3o do acesso. \u00c0 Prefeitura caber\u00e1 a execu\u00e7\u00e3o do licenciamento ambiental, al\u00e9m das obras de drenagem e constru\u00e7\u00e3o do aterro.<\/p>\n<p style=\"text-align: justify\">Nesta quarta-feira (27), uma comitiva formada por representantes da Universidade, do poder p\u00fablico e de entidades de Cachoeira do Sul foi novamente recebida pelo secret\u00e1rio estadual de Log\u00edstica e Transporte, Juvir Costella, e pelo diretor de infraestrutura do Departamento Aut\u00f4nomo de Estradas e Rodagem (Daer), Eng. Luciano Faustino, em Porto Alegre. Na ocasi\u00e3o foram acertados os \u00faltimos detalhes do acordo de coopera\u00e7\u00e3o t\u00e9cnica que ser\u00e1 firmado entre o Estado e o Munic\u00edpio, autorizando a Prefeitura a realizar a interven\u00e7\u00e3o na rodovia estadual. A minuta do acordo ser\u00e1 avaliada pelo conselho do Daer nesta quinta-feira (28) e dever\u00e1 ser assinada por Ghignatti na sexta-feira (1\u00ba).<\/p>\n<figure id=\"attachment_1646\" aria-describedby=\"caption-attachment-1646\" style=\"width: 635px\" class=\"wp-caption aligncenter\"><img decoding=\"async\" class=\"wp-image-1646\" src=\"https:\/\/www.ufsm.br\/unidades-universitarias\/cachoeira-do-sul\/wp-content\/uploads\/sites\/376\/2019\/02\/Encontro-com-Sec.-RS-de-Transporte-no-dia-27.02.2019-300x168.jpg\" alt=\"\" width=\"635\" height=\"356\" srcset=\"https:\/\/www.ufsm.br\/app\/uploads\/sites\/376\/2019\/02\/Encontro-com-Sec.-RS-de-Transporte-no-dia-27.02.2019-300x168.jpg 300w, https:\/\/www.ufsm.br\/app\/uploads\/sites\/376\/2019\/02\/Encontro-com-Sec.-RS-de-Transporte-no-dia-27.02.2019-768x431.jpg 768w, https:\/\/www.ufsm.br\/app\/uploads\/sites\/376\/2019\/02\/Encontro-com-Sec.-RS-de-Transporte-no-dia-27.02.2019-1024x574.jpg 1024w, https:\/\/www.ufsm.br\/app\/uploads\/sites\/376\/2019\/02\/Encontro-com-Sec.-RS-de-Transporte-no-dia-27.02.2019.jpg 1904w\" sizes=\"(max-width: 635px) 100vw, 635px\" \/><figcaption id=\"caption-attachment-1646\" class=\"wp-caption-text\">Reuni\u00e3o com a Secretaria Estadual de Log\u00edstica e Transporte (SELT) ocorreu na quarta-feira (27).<\/figcaption><\/figure>\n<p style=\"text-align: justify\">De acordo com o diretor do campus, as obras devem come\u00e7ar na sexta-feira, ap\u00f3s a Prefeitura emitir a ordem de servi\u00e7o. A previs\u00e3o \u00e9 de que o acesso fique pronto at\u00e9 o in\u00edcio das aulas, no dia 11 de mar\u00e7o. Brittes salienta que, inicialmente, o trecho ainda n\u00e3o ser\u00e1 pavimentado, mas garantir\u00e1 o acesso da comunidade universit\u00e1ria ao campus. \u201cEsta \u00e9 uma obra important\u00edssima para a Universidade, e a Prefeitura tem sido nossa grande parceira, n\u00e3o somente nesta quest\u00e3o, mas desde o in\u00edcio da implanta\u00e7\u00e3o do campus\u201d, avaliou o diretor.<\/p>\n<p style=\"text-align: justify\"><strong>Transporte coletivo \u2013\u00a0<\/strong>Outra quest\u00e3o importante para o in\u00edcio do ano letivo na UFSM em Cachoeira se refere \u00e0 oferta de linhas de \u00f4nibus at\u00e9 o novo campus. Segundo Rog\u00e9rio Brittes, a Universidade, por meio do Laborat\u00f3rio de Mobilidade e Log\u00edstica (Lamot), a Prefeitura e a empresa concession\u00e1ria do transporte p\u00fablico est\u00e3o elaborando um documento contendo o detalhamento do servi\u00e7o. O diretor antecipa que est\u00e3o confirmadas duas linhas de \u00f4nibus que far\u00e3o o trajeto at\u00e9 o campus, com oferta de hor\u00e1rios de 20 em 20 minutos, durante os per\u00edodos de pico. Os itiner\u00e1rios e hor\u00e1rios ser\u00e3o divulgados em breve.<\/p>\n<p style=\"text-align: justify\"><em>Texto e fotos: Assessoria de Comunica\u00e7\u00e3o do Gabinete do Reitor \/ Fernanda Bastos (SELT)<\/em><\/p>\n","protected":false},"excerpt":{"rendered":"<p>O acesso vi\u00e1rio ao campus da UFSM em Cachoeira do Sul foi pauta de uma reuni\u00e3o no Gabinete do Reitor na \u00faltima ter\u00e7a-feira (26). O reitor, Paulo Afonso Burmann, recebeu o prefeito de Cachoeira do Sul, Sergio Ghignatti, o diretor e o vice-diretor do campus, Rog\u00e9rio Brittes e Lucas Delongui, o pr\u00f3-reitor de Infraestrutura, Jos\u00e9 [&hellip;]<\/p>\n","protected":false},"author":293,"featured_media":1604,"comment_status":"closed","ping_status":"closed","sticky":false,"template":"","format":"standard","meta":{"footnotes":""},"categories":[21,1],"tags":[],"class_list":["post-1602","post","type-post","status-publish","format-standard","has-post-thumbnail","hentry","category-banner","category-noticias"],"acf":[],"_links":{"self":[{"href":"https:\/\/www.ufsm.br\/unidades-universitarias\/cachoeira-do-sul\/wp-json\/wp\/v2\/posts\/1602","targetHints":{"allow":["GET"]}}],"collection":[{"href":"https:\/\/www.ufsm.br\/unidades-universitarias\/cachoeira-do-sul\/wp-json\/wp\/v2\/posts"}],"about":[{"href":"https:\/\/www.ufsm.br\/unidades-universitarias\/cachoeira-do-sul\/wp-json\/wp\/v2\/types\/post"}],"author":[{"embeddable":true,"href":"https:\/\/www.ufsm.br\/unidades-universitarias\/cachoeira-do-sul\/wp-json\/wp\/v2\/users\/293"}],"replies":[{"embeddable":true,"href":"https:\/\/www.ufsm.br\/unidades-universitarias\/cachoeira-do-sul\/wp-json\/wp\/v2\/comments?post=1602"}],"version-history":[{"count":0,"href":"https:\/\/www.ufsm.br\/unidades-universitarias\/cachoeira-do-sul\/wp-json\/wp\/v2\/posts\/1602\/revisions"}],"wp:featuredmedia":[{"embeddable":true,"href":"https:\/\/www.ufsm.br\/unidades-universitarias\/cachoeira-do-sul\/wp-json\/wp\/v2\/media\/1604"}],"wp:attachment":[{"href":"https:\/\/www.ufsm.br\/unidades-universitarias\/cachoeira-do-sul\/wp-json\/wp\/v2\/media?parent=1602"}],"wp:term":[{"taxonomy":"category","embeddable":true,"href":"https:\/\/www.ufsm.br\/unidades-universitarias\/cachoeira-do-sul\/wp-json\/wp\/v2\/categories?post=1602"},{"taxonomy":"post_tag","embeddable":true,"href":"https:\/\/www.ufsm.br\/unidades-universitarias\/cachoeira-do-sul\/wp-json\/wp\/v2\/tags?post=1602"}],"curies":[{"name":"wp","href":"https:\/\/api.w.org\/{rel}","templated":true}]}}