{"id":1749,"date":"2019-04-01T10:45:23","date_gmt":"2019-04-01T13:45:23","guid":{"rendered":"https:\/\/www.ufsm.br\/unidades-universitarias\/cachoeira-do-sul\/?p=1749"},"modified":"2019-04-01T10:45:25","modified_gmt":"2019-04-01T13:45:25","slug":"projeto-remedio-inicia-suas-atividades","status":"publish","type":"post","link":"https:\/\/www.ufsm.br\/unidades-universitarias\/cachoeira-do-sul\/2019\/04\/01\/projeto-remedio-inicia-suas-atividades","title":{"rendered":"Projeto REMEDIO inicia suas atividades"},"content":{"rendered":"\n<p style=\"text-align: justify\">No dia 21 de mar\u00e7o, o projeto REMEDIO, coordenado pela professora Deise Milbradt, iniciou suas atividades com a sala de aula lotada. As 50 vagas foram preenchidas e os alunos j\u00e1 tiveram a oportunidade de ter aulas de matem\u00e1tica e qu\u00edmica. Ao todo ser\u00e3o 30 horas de aulas com o conte\u00fado de matem\u00e1tica, qu\u00edmica e f\u00edsica, al\u00e9m do SOS, hor\u00e1rios de suporte de apoio com professores e alunos monitores.<\/p>\n<p><img fetchpriority=\"high\" decoding=\"async\" class=\"aligncenter wp-image-1750\" src=\"https:\/\/www.ufsm.br\/unidades-universitarias\/cachoeira-do-sul\/wp-content\/uploads\/sites\/376\/2019\/04\/DSC_0343-300x200.jpg\" alt=\"\" width=\"400\" height=\"267\" srcset=\"https:\/\/www.ufsm.br\/app\/uploads\/sites\/376\/2019\/04\/DSC_0343-300x200.jpg 300w, https:\/\/www.ufsm.br\/app\/uploads\/sites\/376\/2019\/04\/DSC_0343-768x512.jpg 768w, https:\/\/www.ufsm.br\/app\/uploads\/sites\/376\/2019\/04\/DSC_0343-1024x683.jpg 1024w, https:\/\/www.ufsm.br\/app\/uploads\/sites\/376\/2019\/04\/DSC_0343-272x182.jpg 272w, https:\/\/www.ufsm.br\/app\/uploads\/sites\/376\/2019\/04\/DSC_0343.jpg 1920w\" sizes=\"(max-width: 400px) 100vw, 400px\" \/><\/p>\n<p style=\"text-align: justify\">O projeto REMEDIO tem como principal fun\u00e7\u00e3o propiciar experi\u00eancias que reforcem o conhecimento matem\u00e1tico t\u00e3o necess\u00e1rio para o sucesso nas disciplinas de C\u00e1lculo, F\u00edsica e Qu\u00edmica, facilitando assim a transi\u00e7\u00e3o do Ensino M\u00e9dio para o Ensino Superior.<\/p>\n<p><img decoding=\"async\" class=\"aligncenter wp-image-1751\" src=\"https:\/\/www.ufsm.br\/unidades-universitarias\/cachoeira-do-sul\/wp-content\/uploads\/sites\/376\/2019\/04\/IMG-20190329-WA0005-300x225.jpg\" alt=\"\" width=\"400\" height=\"300\" srcset=\"https:\/\/www.ufsm.br\/app\/uploads\/sites\/376\/2019\/04\/IMG-20190329-WA0005-300x225.jpg 300w, https:\/\/www.ufsm.br\/app\/uploads\/sites\/376\/2019\/04\/IMG-20190329-WA0005-768x576.jpg 768w, https:\/\/www.ufsm.br\/app\/uploads\/sites\/376\/2019\/04\/IMG-20190329-WA0005-1024x768.jpg 1024w, https:\/\/www.ufsm.br\/app\/uploads\/sites\/376\/2019\/04\/IMG-20190329-WA0005.jpg 1280w\" sizes=\"(max-width: 400px) 100vw, 400px\" \/><\/p>\n<p style=\"text-align: justify\">As aulas devem ocorrer at\u00e9 o dia 8 de abril. Os apoios ser\u00e3o realizados uma vez por semana ao longo do semestre.<\/p>\n","protected":false},"excerpt":{"rendered":"<p>No dia 21 de mar\u00e7o, o projeto REMEDIO, coordenado pela professora Deise Milbradt, iniciou suas atividades com a sala de aula lotada. As 50 vagas foram preenchidas e os alunos j\u00e1 tiveram a oportunidade de ter aulas de matem\u00e1tica e qu\u00edmica. Ao todo ser\u00e3o 30 horas de aulas com o conte\u00fado de matem\u00e1tica, qu\u00edmica e [&hellip;]<\/p>\n","protected":false},"author":293,"featured_media":1752,"comment_status":"closed","ping_status":"closed","sticky":false,"template":"","format":"standard","meta":{"footnotes":""},"categories":[21,1],"tags":[],"class_list":["post-1749","post","type-post","status-publish","format-standard","has-post-thumbnail","hentry","category-banner","category-noticias"],"acf":[],"_links":{"self":[{"href":"https:\/\/www.ufsm.br\/unidades-universitarias\/cachoeira-do-sul\/wp-json\/wp\/v2\/posts\/1749","targetHints":{"allow":["GET"]}}],"collection":[{"href":"https:\/\/www.ufsm.br\/unidades-universitarias\/cachoeira-do-sul\/wp-json\/wp\/v2\/posts"}],"about":[{"href":"https:\/\/www.ufsm.br\/unidades-universitarias\/cachoeira-do-sul\/wp-json\/wp\/v2\/types\/post"}],"author":[{"embeddable":true,"href":"https:\/\/www.ufsm.br\/unidades-universitarias\/cachoeira-do-sul\/wp-json\/wp\/v2\/users\/293"}],"replies":[{"embeddable":true,"href":"https:\/\/www.ufsm.br\/unidades-universitarias\/cachoeira-do-sul\/wp-json\/wp\/v2\/comments?post=1749"}],"version-history":[{"count":0,"href":"https:\/\/www.ufsm.br\/unidades-universitarias\/cachoeira-do-sul\/wp-json\/wp\/v2\/posts\/1749\/revisions"}],"wp:featuredmedia":[{"embeddable":true,"href":"https:\/\/www.ufsm.br\/unidades-universitarias\/cachoeira-do-sul\/wp-json\/wp\/v2\/media\/1752"}],"wp:attachment":[{"href":"https:\/\/www.ufsm.br\/unidades-universitarias\/cachoeira-do-sul\/wp-json\/wp\/v2\/media?parent=1749"}],"wp:term":[{"taxonomy":"category","embeddable":true,"href":"https:\/\/www.ufsm.br\/unidades-universitarias\/cachoeira-do-sul\/wp-json\/wp\/v2\/categories?post=1749"},{"taxonomy":"post_tag","embeddable":true,"href":"https:\/\/www.ufsm.br\/unidades-universitarias\/cachoeira-do-sul\/wp-json\/wp\/v2\/tags?post=1749"}],"curies":[{"name":"wp","href":"https:\/\/api.w.org\/{rel}","templated":true}]}}