{"id":1753,"date":"2019-04-01T11:43:39","date_gmt":"2019-04-01T14:43:39","guid":{"rendered":"https:\/\/www.ufsm.br\/unidades-universitarias\/cachoeira-do-sul\/?p=1753"},"modified":"2019-04-01T11:43:41","modified_gmt":"2019-04-01T14:43:41","slug":"academicos-da-ufsm-cs-realizam-visita-tecnica","status":"publish","type":"post","link":"https:\/\/www.ufsm.br\/unidades-universitarias\/cachoeira-do-sul\/2019\/04\/01\/academicos-da-ufsm-cs-realizam-visita-tecnica","title":{"rendered":"Acad\u00eamicos da UFSM-CS realizam visita t\u00e9cnica"},"content":{"rendered":"\n<p style=\"text-align: justify\">Na manh\u00e3 da \u00faltima quinta-feira (28), os acad\u00eamicos dos cursos de Engenharia Agr\u00edcola e Engenharia Mec\u00e2nica, que cursam a disciplina de M\u00e1quinas Agr\u00edcolas, realizaram uma visita t\u00e9cnica na empresa Terra Avia\u00e7\u00e3o Agr\u00edcola. A visita foi orientada pelo Prof. Dr. Eduardo Leonel Bottega. Os acad\u00eamicos foram recebidos pelos pilotos agr\u00edcolas e propriet\u00e1rios da empresa M\u00e1rio Henrique K\u00e4mpf e Eduardo Schroeder.<\/p>\n<p style=\"text-align: justify\">Inicialmente, o Sr. M\u00e1rio apresentou os componentes do sistema de aplica\u00e7\u00e3o de l\u00edquidos instalados em uma das aeronaves, destacando a fun\u00e7\u00e3o e regulagem de cada um. Na sequ\u00eancia, comentou sobre o qu\u00e3o criteriosa \u00e9 a fiscaliza\u00e7\u00e3o nas empresas de avia\u00e7\u00e3o agr\u00edcola no pa\u00eds, salientando que s\u00e3o cinco os \u00f3rg\u00e3os fiscalizadores deste ramo de presta\u00e7\u00e3o de servi\u00e7os, os quais exigem uma ampla documenta\u00e7\u00e3o para cada aplica\u00e7\u00e3o a\u00e9rea realizada. Enfatizou ainda a import\u00e2ncia de a sociedade conhecer como as empresas de avia\u00e7\u00e3o agr\u00edcola s\u00e3o regulamentadas e fiscalizadas, uma vez que, muitas vezes este ramo de atividade agr\u00edcola \u00e9 tido como \u201cvil\u00e3o\u201d.<\/p>\n<p><img fetchpriority=\"high\" decoding=\"async\" class=\"aligncenter wp-image-1754\" src=\"https:\/\/www.ufsm.br\/unidades-universitarias\/cachoeira-do-sul\/wp-content\/uploads\/sites\/376\/2019\/04\/DSC_0003-300x169.jpg\" alt=\"\" width=\"400\" height=\"225\" srcset=\"https:\/\/www.ufsm.br\/app\/uploads\/sites\/376\/2019\/04\/DSC_0003-300x169.jpg 300w, https:\/\/www.ufsm.br\/app\/uploads\/sites\/376\/2019\/04\/DSC_0003-768x432.jpg 768w, https:\/\/www.ufsm.br\/app\/uploads\/sites\/376\/2019\/04\/DSC_0003-1024x576.jpg 1024w, https:\/\/www.ufsm.br\/app\/uploads\/sites\/376\/2019\/04\/DSC_0003.jpg 1920w\" sizes=\"(max-width: 400px) 100vw, 400px\" \/><\/p>\n<p style=\"text-align: justify\">O Sr. Eduardo apresentou aos acad\u00eamicos dois sistemas empregados no fracionamento da calda de aplica\u00e7\u00e3o em gotas, um do tipo atomizador centr\u00edfugo e o outro do tipo press\u00e3o hidr\u00e1ulica (ponta de pulveriza\u00e7\u00e3o). Explicou como estes trabalham e quais as formas de regulagem empregadas. Destacou que o atomizador centr\u00edfugo \u00e9 o sistema que apresenta maior homogeneidade na popula\u00e7\u00e3o de gotas, resultando em uma aplica\u00e7\u00e3o mais segura e eficiente.<\/p>\n<p style=\"text-align: justify\"><img decoding=\"async\" class=\"aligncenter wp-image-1755\" src=\"https:\/\/www.ufsm.br\/unidades-universitarias\/cachoeira-do-sul\/wp-content\/uploads\/sites\/376\/2019\/04\/DSC_0005-300x169.jpg\" alt=\"\" width=\"400\" height=\"225\" srcset=\"https:\/\/www.ufsm.br\/app\/uploads\/sites\/376\/2019\/04\/DSC_0005-300x169.jpg 300w, https:\/\/www.ufsm.br\/app\/uploads\/sites\/376\/2019\/04\/DSC_0005-768x432.jpg 768w, https:\/\/www.ufsm.br\/app\/uploads\/sites\/376\/2019\/04\/DSC_0005-1024x576.jpg 1024w, https:\/\/www.ufsm.br\/app\/uploads\/sites\/376\/2019\/04\/DSC_0005.jpg 1920w\" sizes=\"(max-width: 400px) 100vw, 400px\" \/><\/p>\n<p style=\"text-align: justify\">Na sequ\u00eancia, os propriet\u00e1rios apresentaram aos acad\u00eamicos como s\u00e3o planejadas as opera\u00e7\u00f5es de aplica\u00e7\u00e3o a\u00e9rea, demonstrando a sequ\u00eancia de a\u00e7\u00f5es em software desde a delimita\u00e7\u00e3o do pol\u00edgono da \u00e1rea a ser tratada, carregamento das informa\u00e7\u00f5es no GPS da aeronave, descarregamento das informa\u00e7\u00f5es ap\u00f3s a aplica\u00e7\u00e3o e avalia\u00e7\u00e3o do servi\u00e7o realizado. Comentaram ainda que, al\u00e9m da aplica\u00e7\u00e3o de defensivos, a empresa utiliza aeronaves para realiza\u00e7\u00e3o da semeadura de culturas forrageiras e aplica\u00e7\u00e3o de ureia em lavouras de arroz, apresentando aos acad\u00eamicos os componentes conhecidos por difusores, utilizados nestas opera\u00e7\u00f5es.<\/p>\n<p style=\"text-align: justify\">Este tipo de atividade, de acordo com o Prof. Bottega, \u00e9 de extrema import\u00e2ncia na forma\u00e7\u00e3o dos acad\u00eamicos, pois oportuniza um contato f\u00edsico com sistemas apresentados apenas de forma digital em sala de aula. Al\u00e9m disso, a conversa com profissionais de diferentes \u00e1reas, por meio de visitas t\u00e9cnicas, agrega uma forma de conhecimento que apenas quem est\u00e1 atuando no ramo possui, que s\u00e3o as viv\u00eancias pr\u00e1ticas, n\u00e3o encontradas em livros e artigos cient\u00edficos.<\/p>\n<p><img decoding=\"async\" class=\"wp-image-1756 aligncenter\" src=\"https:\/\/www.ufsm.br\/unidades-universitarias\/cachoeira-do-sul\/wp-content\/uploads\/sites\/376\/2019\/04\/DSC_0009-300x169.jpg\" alt=\"\" width=\"500\" height=\"281\" srcset=\"https:\/\/www.ufsm.br\/app\/uploads\/sites\/376\/2019\/04\/DSC_0009-300x169.jpg 300w, https:\/\/www.ufsm.br\/app\/uploads\/sites\/376\/2019\/04\/DSC_0009-768x432.jpg 768w, https:\/\/www.ufsm.br\/app\/uploads\/sites\/376\/2019\/04\/DSC_0009-1024x576.jpg 1024w, https:\/\/www.ufsm.br\/app\/uploads\/sites\/376\/2019\/04\/DSC_0009.jpg 1920w\" sizes=\"(max-width: 500px) 100vw, 500px\" \/><\/p>\n","protected":false},"excerpt":{"rendered":"<p>Na manh\u00e3 da \u00faltima quinta-feira (28), os acad\u00eamicos dos cursos de Engenharia Agr\u00edcola e Engenharia Mec\u00e2nica, que cursam a disciplina de M\u00e1quinas Agr\u00edcolas, realizaram uma visita t\u00e9cnica na empresa Terra Avia\u00e7\u00e3o Agr\u00edcola. A visita foi orientada pelo Prof. Dr. Eduardo Leonel Bottega. Os acad\u00eamicos foram recebidos pelos pilotos agr\u00edcolas e propriet\u00e1rios da empresa M\u00e1rio Henrique [&hellip;]<\/p>\n","protected":false},"author":293,"featured_media":1757,"comment_status":"closed","ping_status":"closed","sticky":false,"template":"","format":"standard","meta":{"footnotes":""},"categories":[21,1],"tags":[],"class_list":["post-1753","post","type-post","status-publish","format-standard","has-post-thumbnail","hentry","category-banner","category-noticias"],"acf":[],"_links":{"self":[{"href":"https:\/\/www.ufsm.br\/unidades-universitarias\/cachoeira-do-sul\/wp-json\/wp\/v2\/posts\/1753","targetHints":{"allow":["GET"]}}],"collection":[{"href":"https:\/\/www.ufsm.br\/unidades-universitarias\/cachoeira-do-sul\/wp-json\/wp\/v2\/posts"}],"about":[{"href":"https:\/\/www.ufsm.br\/unidades-universitarias\/cachoeira-do-sul\/wp-json\/wp\/v2\/types\/post"}],"author":[{"embeddable":true,"href":"https:\/\/www.ufsm.br\/unidades-universitarias\/cachoeira-do-sul\/wp-json\/wp\/v2\/users\/293"}],"replies":[{"embeddable":true,"href":"https:\/\/www.ufsm.br\/unidades-universitarias\/cachoeira-do-sul\/wp-json\/wp\/v2\/comments?post=1753"}],"version-history":[{"count":0,"href":"https:\/\/www.ufsm.br\/unidades-universitarias\/cachoeira-do-sul\/wp-json\/wp\/v2\/posts\/1753\/revisions"}],"wp:featuredmedia":[{"embeddable":true,"href":"https:\/\/www.ufsm.br\/unidades-universitarias\/cachoeira-do-sul\/wp-json\/wp\/v2\/media\/1757"}],"wp:attachment":[{"href":"https:\/\/www.ufsm.br\/unidades-universitarias\/cachoeira-do-sul\/wp-json\/wp\/v2\/media?parent=1753"}],"wp:term":[{"taxonomy":"category","embeddable":true,"href":"https:\/\/www.ufsm.br\/unidades-universitarias\/cachoeira-do-sul\/wp-json\/wp\/v2\/categories?post=1753"},{"taxonomy":"post_tag","embeddable":true,"href":"https:\/\/www.ufsm.br\/unidades-universitarias\/cachoeira-do-sul\/wp-json\/wp\/v2\/tags?post=1753"}],"curies":[{"name":"wp","href":"https:\/\/api.w.org\/{rel}","templated":true}]}}