{"id":1799,"date":"2019-04-12T08:54:16","date_gmt":"2019-04-12T11:54:16","guid":{"rendered":"https:\/\/www.ufsm.br\/unidades-universitarias\/cachoeira-do-sul\/?p=1799"},"modified":"2019-04-12T08:54:47","modified_gmt":"2019-04-12T11:54:47","slug":"ufsm-cs-recebe-emprestimo-de-estacao-meteorologica-automatica","status":"publish","type":"post","link":"https:\/\/www.ufsm.br\/unidades-universitarias\/cachoeira-do-sul\/2019\/04\/12\/ufsm-cs-recebe-emprestimo-de-estacao-meteorologica-automatica","title":{"rendered":"UFSM-CS recebe empr\u00e9stimo de esta\u00e7\u00e3o meteorol\u00f3gica autom\u00e1tica"},"content":{"rendered":"\n<p style=\"text-align: justify\"><span style=\"color: #000000\"><span style=\"font-family: Liberation Serif, serif\">Na \u00faltima ter\u00e7a-feira (09), a empresa Metos Brasil<span> fez a entrega de uma esta\u00e7\u00e3o meteorol\u00f3gica autom\u00e1tica <\/span><span>(EMA)<\/span><span> para o campus da UFSM em Cachoeira do Sul. A Engenheira Agr\u00f4noma e representante comercial da empresa D\u00e9bora Rotta realizou a entrega, e posteriormente a instala\u00e7\u00e3o, do equipamento para a Profa. Dra. Jordana Caetano, respons\u00e1vel pela disciplina de Agrometeorologia do curso de Engenharia Agr\u00edcola e respons\u00e1vel pela solicita\u00e7\u00e3o e acompanhamento de todo o tr\u00e2mite entre a UFSM-CS e a Metos Brasil. O Prof. Dr. Rog\u00e9rio Brittes, diretor do campus, tamb\u00e9m acompanhou a entrega do equipamento.<\/span><\/span><\/span><\/p>\n<p>\u00a0<\/p>\n<figure id=\"attachment_1801\" aria-describedby=\"caption-attachment-1801\" style=\"width: 500px\" class=\"wp-caption aligncenter\"><img fetchpriority=\"high\" decoding=\"async\" class=\"wp-image-1801\" src=\"https:\/\/www.ufsm.br\/unidades-universitarias\/cachoeira-do-sul\/wp-content\/uploads\/sites\/376\/2019\/04\/Prof.-Rog\u00e9rio-e-Profa.-Jordana-recebendo-o-EMA-da-Metos-Brasil-09.04.2019-300x272.jpg\" alt=\"\" width=\"500\" height=\"453\" srcset=\"https:\/\/www.ufsm.br\/app\/uploads\/sites\/376\/2019\/04\/Prof.-Rog\u00e9rio-e-Profa.-Jordana-recebendo-o-EMA-da-Metos-Brasil-09.04.2019-300x272.jpg 300w, https:\/\/www.ufsm.br\/app\/uploads\/sites\/376\/2019\/04\/Prof.-Rog\u00e9rio-e-Profa.-Jordana-recebendo-o-EMA-da-Metos-Brasil-09.04.2019-768x696.jpg 768w, https:\/\/www.ufsm.br\/app\/uploads\/sites\/376\/2019\/04\/Prof.-Rog\u00e9rio-e-Profa.-Jordana-recebendo-o-EMA-da-Metos-Brasil-09.04.2019-1024x927.jpg 1024w, https:\/\/www.ufsm.br\/app\/uploads\/sites\/376\/2019\/04\/Prof.-Rog\u00e9rio-e-Profa.-Jordana-recebendo-o-EMA-da-Metos-Brasil-09.04.2019.jpg 1920w\" sizes=\"(max-width: 500px) 100vw, 500px\" \/><figcaption id=\"caption-attachment-1801\" class=\"wp-caption-text\">D\u00e9bora Rotta entregando a EMA para os professores Jordana Caetano e Rog\u00e9rio Brittes.<\/figcaption><\/figure>\n<p>\u00a0<\/p>\n<p style=\"text-align: justify\"><span style=\"color: #000000\"><span style=\"font-family: Liberation Serif, serif\"><span>A\u00a0<\/span><span>esta\u00e7\u00e3o permite medir dados de temperatura e umidade do ar, velocidade do vento, radia\u00e7\u00e3o solar e molhamento foliar.\u00a0<\/span><span>Segundo Jordana Caetano, a<\/span><span>s informa\u00e7\u00f5es obtidas pela EMA\u00a0<\/span><span>s\u00e3o<\/span><span>\u00a0de relevante import\u00e2ncia para Cachoeira do Sul, uma vez que, atualmente, o munic\u00edpio\u00a0<\/span><span>n\u00e3o conta com constante aquisi\u00e7\u00e3o e divulga\u00e7\u00e3o de informa\u00e7\u00f5es meteorol\u00f3gicas locais.\u00a0<\/span><span>Ela destacou tamb\u00e9m<\/span><span> que, al\u00e9m do curso de Engenharia Agr\u00edcola, os demais cursos de gradua\u00e7\u00e3o da UFSM-CS t\u00eam interesse na aquisi\u00e7\u00e3o de informa\u00e7\u00f5es meteorol\u00f3gicas locais a fim de realizarem atividades de pesquisa, ensino e extens\u00e3o, objetivando, dentre v\u00e1rios aspectos, contribuir com o desenvolvimento local.<\/span><\/span><\/span><\/p>\n<p>\u00a0<\/p>\n<figure id=\"attachment_1800\" aria-describedby=\"caption-attachment-1800\" style=\"width: 500px\" class=\"wp-caption aligncenter\"><img decoding=\"async\" class=\"wp-image-1800\" src=\"https:\/\/www.ufsm.br\/unidades-universitarias\/cachoeira-do-sul\/wp-content\/uploads\/sites\/376\/2019\/04\/Esta\u00e7\u00e3o-Meteorol\u00f3gica-Autom\u00e1tica-EMA-09.04.02019-225x300.jpg\" alt=\"\" width=\"500\" height=\"667\" srcset=\"https:\/\/www.ufsm.br\/app\/uploads\/sites\/376\/2019\/04\/Esta\u00e7\u00e3o-Meteorol\u00f3gica-Autom\u00e1tica-EMA-09.04.02019-225x300.jpg 225w, https:\/\/www.ufsm.br\/app\/uploads\/sites\/376\/2019\/04\/Esta\u00e7\u00e3o-Meteorol\u00f3gica-Autom\u00e1tica-EMA-09.04.02019-768x1024.jpg 768w, https:\/\/www.ufsm.br\/app\/uploads\/sites\/376\/2019\/04\/Esta\u00e7\u00e3o-Meteorol\u00f3gica-Autom\u00e1tica-EMA-09.04.02019.jpg 1920w\" sizes=\"(max-width: 500px) 100vw, 500px\" \/><figcaption id=\"caption-attachment-1800\" class=\"wp-caption-text\">A Esta\u00e7\u00e3o Meteorol\u00f3gica Autom\u00e1tica foi instalada no campus definitivo da UFSM-CS. Posteriormente, a \u00e1rea onde a EMA foi instalada ser\u00e1 gramada para adequa\u00e7\u00e3o do local.<\/figcaption><\/figure>\n","protected":false},"excerpt":{"rendered":"<p>Na \u00faltima ter\u00e7a-feira (09), a empresa Metos Brasil fez a entrega de uma esta\u00e7\u00e3o meteorol\u00f3gica autom\u00e1tica (EMA) para o campus da UFSM em Cachoeira do Sul. A Engenheira Agr\u00f4noma e representante comercial da empresa D\u00e9bora Rotta realizou a entrega, e posteriormente a instala\u00e7\u00e3o, do equipamento para a Profa. Dra. Jordana Caetano, respons\u00e1vel pela disciplina de [&hellip;]<\/p>\n","protected":false},"author":293,"featured_media":1802,"comment_status":"closed","ping_status":"closed","sticky":false,"template":"","format":"standard","meta":{"footnotes":""},"categories":[21,1],"tags":[],"class_list":["post-1799","post","type-post","status-publish","format-standard","has-post-thumbnail","hentry","category-banner","category-noticias"],"acf":[],"_links":{"self":[{"href":"https:\/\/www.ufsm.br\/unidades-universitarias\/cachoeira-do-sul\/wp-json\/wp\/v2\/posts\/1799","targetHints":{"allow":["GET"]}}],"collection":[{"href":"https:\/\/www.ufsm.br\/unidades-universitarias\/cachoeira-do-sul\/wp-json\/wp\/v2\/posts"}],"about":[{"href":"https:\/\/www.ufsm.br\/unidades-universitarias\/cachoeira-do-sul\/wp-json\/wp\/v2\/types\/post"}],"author":[{"embeddable":true,"href":"https:\/\/www.ufsm.br\/unidades-universitarias\/cachoeira-do-sul\/wp-json\/wp\/v2\/users\/293"}],"replies":[{"embeddable":true,"href":"https:\/\/www.ufsm.br\/unidades-universitarias\/cachoeira-do-sul\/wp-json\/wp\/v2\/comments?post=1799"}],"version-history":[{"count":0,"href":"https:\/\/www.ufsm.br\/unidades-universitarias\/cachoeira-do-sul\/wp-json\/wp\/v2\/posts\/1799\/revisions"}],"wp:featuredmedia":[{"embeddable":true,"href":"https:\/\/www.ufsm.br\/unidades-universitarias\/cachoeira-do-sul\/wp-json\/wp\/v2\/media\/1802"}],"wp:attachment":[{"href":"https:\/\/www.ufsm.br\/unidades-universitarias\/cachoeira-do-sul\/wp-json\/wp\/v2\/media?parent=1799"}],"wp:term":[{"taxonomy":"category","embeddable":true,"href":"https:\/\/www.ufsm.br\/unidades-universitarias\/cachoeira-do-sul\/wp-json\/wp\/v2\/categories?post=1799"},{"taxonomy":"post_tag","embeddable":true,"href":"https:\/\/www.ufsm.br\/unidades-universitarias\/cachoeira-do-sul\/wp-json\/wp\/v2\/tags?post=1799"}],"curies":[{"name":"wp","href":"https:\/\/api.w.org\/{rel}","templated":true}]}}