{"id":1934,"date":"2019-04-24T11:17:18","date_gmt":"2019-04-24T14:17:18","guid":{"rendered":"https:\/\/www.ufsm.br\/unidades-universitarias\/cachoeira-do-sul\/?p=1934"},"modified":"2019-04-24T11:17:20","modified_gmt":"2019-04-24T14:17:20","slug":"ufsm-cs-lanca-mais-uma-mostra-de-projetos","status":"publish","type":"post","link":"https:\/\/www.ufsm.br\/unidades-universitarias\/cachoeira-do-sul\/2019\/04\/24\/ufsm-cs-lanca-mais-uma-mostra-de-projetos","title":{"rendered":"UFSM-CS lan\u00e7a mais uma Mostra de Projetos"},"content":{"rendered":"\n<p style=\"text-align: justify\">A 3\u00aa edi\u00e7\u00e3o da Mostra de Projetos da UFSM-CS j\u00e1 est\u00e1 com as inscri\u00e7\u00f5es abertas.\u00a0<\/p>\n<p style=\"text-align: justify\">O evento, que acontecer\u00e1 no dia 22 de maio,\u00a0tem por finalidade expor os trabalhos oriundos de diversos projetos e atividades desenvolvidas no Campus da UFSM em Cachoeira do Sul, no \u00e2mbito da pesquisa, do ensino e da extens\u00e3o, bem como apresentar aos alunos do campus projetos\u00a0 realizados em outras institui\u00e7\u00f5es.<\/p>\n<p style=\"text-align: justify\">Conforme o <a href=\"http:\/\/200.132.200.252\/mostra\/2019\/assets\/arquivo\/mostra.pdf\">edital da Mostra<\/a>, os interessados em participar como <strong>ouvinte<\/strong> dever\u00e3o realizar sua inscri\u00e7\u00e3o exclusivamente pelo <a href=\"http:\/\/enrea.ccsul.ufsm.br\/mostra\/2019\">site do evento<\/a>, entre os dias <strong>24 de abril e 19 de maio de 2019<\/strong>.\u00a0<\/p>\n<p style=\"text-align: justify\">Para os que desejam <strong>submeter trabalhos<\/strong>, nas modalidades oral e painel, tem <strong>at\u00e9 o dia 07 de maio<\/strong> para realizar a sua inscri\u00e7\u00e3o.\u00a0Ser\u00e1 permitida a inscri\u00e7\u00e3o de apenas um trabalho por autor e n\u00e3o haver\u00e1 limites para coautorias.<br \/>A Comiss\u00e3o Organizadora do evento informa que, caso o n\u00famero de inscri\u00e7\u00f5es para a modalidade oral extrapole o n\u00famero de vagas, a comiss\u00e3o decidir\u00e1 quais submiss\u00f5es ser\u00e3o aceitas nesta modalidade. As demais submiss\u00f5es ser\u00e3o automaticamente movidas para a modalidade painel.<\/p>\n<p style=\"text-align: justify\">Para os alunos da institui\u00e7\u00e3o que desejarem ter seu banner custeado pela institui\u00e7\u00e3o, o mesmo dever\u00e1 ser enviado impreterivelmente at\u00e9 \u00e0s 12h do dia 09 de Maio de 2019 para o e-mail <a href=\"mailto:secretaria.cpe@ufsm.br\">secretaria.cpe@ufsm.br<\/a>. Passado este prazo, o autor ser\u00e1 o respons\u00e1vel por imprimir e custear seu banner.<\/p>\n<p style=\"text-align: justify\"><br \/>Para mais informa\u00e7\u00f5es, acesse o <a href=\"http:\/\/200.132.200.252\/mostra\/2019\/assets\/arquivo\/mostra.pdf\">edital<\/a> e o <a href=\"http:\/\/200.132.200.252\/mostra\/2019\/\">site do evento<\/a>.<\/p>\n","protected":false},"excerpt":{"rendered":"<p>A 3\u00aa edi\u00e7\u00e3o da Mostra de Projetos da UFSM-CS j\u00e1 est\u00e1 com as inscri\u00e7\u00f5es abertas.\u00a0 O evento, que acontecer\u00e1 no dia 22 de maio,\u00a0tem por finalidade expor os trabalhos oriundos de diversos projetos e atividades desenvolvidas no Campus da UFSM em Cachoeira do Sul, no \u00e2mbito da pesquisa, do ensino e da extens\u00e3o, bem como [&hellip;]<\/p>\n","protected":false},"author":293,"featured_media":1935,"comment_status":"closed","ping_status":"closed","sticky":false,"template":"","format":"standard","meta":{"footnotes":""},"categories":[21,1],"tags":[],"class_list":["post-1934","post","type-post","status-publish","format-standard","has-post-thumbnail","hentry","category-banner","category-noticias"],"acf":[],"_links":{"self":[{"href":"https:\/\/www.ufsm.br\/unidades-universitarias\/cachoeira-do-sul\/wp-json\/wp\/v2\/posts\/1934","targetHints":{"allow":["GET"]}}],"collection":[{"href":"https:\/\/www.ufsm.br\/unidades-universitarias\/cachoeira-do-sul\/wp-json\/wp\/v2\/posts"}],"about":[{"href":"https:\/\/www.ufsm.br\/unidades-universitarias\/cachoeira-do-sul\/wp-json\/wp\/v2\/types\/post"}],"author":[{"embeddable":true,"href":"https:\/\/www.ufsm.br\/unidades-universitarias\/cachoeira-do-sul\/wp-json\/wp\/v2\/users\/293"}],"replies":[{"embeddable":true,"href":"https:\/\/www.ufsm.br\/unidades-universitarias\/cachoeira-do-sul\/wp-json\/wp\/v2\/comments?post=1934"}],"version-history":[{"count":0,"href":"https:\/\/www.ufsm.br\/unidades-universitarias\/cachoeira-do-sul\/wp-json\/wp\/v2\/posts\/1934\/revisions"}],"wp:featuredmedia":[{"embeddable":true,"href":"https:\/\/www.ufsm.br\/unidades-universitarias\/cachoeira-do-sul\/wp-json\/wp\/v2\/media\/1935"}],"wp:attachment":[{"href":"https:\/\/www.ufsm.br\/unidades-universitarias\/cachoeira-do-sul\/wp-json\/wp\/v2\/media?parent=1934"}],"wp:term":[{"taxonomy":"category","embeddable":true,"href":"https:\/\/www.ufsm.br\/unidades-universitarias\/cachoeira-do-sul\/wp-json\/wp\/v2\/categories?post=1934"},{"taxonomy":"post_tag","embeddable":true,"href":"https:\/\/www.ufsm.br\/unidades-universitarias\/cachoeira-do-sul\/wp-json\/wp\/v2\/tags?post=1934"}],"curies":[{"name":"wp","href":"https:\/\/api.w.org\/{rel}","templated":true}]}}