{"id":1949,"date":"2019-04-25T15:14:27","date_gmt":"2019-04-25T18:14:27","guid":{"rendered":"https:\/\/www.ufsm.br\/unidades-universitarias\/cachoeira-do-sul\/?p=1949"},"modified":"2019-04-25T15:33:11","modified_gmt":"2019-04-25T18:33:11","slug":"com-colaboracao-de-docentes-da-ufsm-cs-plano-de-mobilidade-urbana-de-cachoeira-do-sul-e-finalizado","status":"publish","type":"post","link":"https:\/\/www.ufsm.br\/unidades-universitarias\/cachoeira-do-sul\/2019\/04\/25\/com-colaboracao-de-docentes-da-ufsm-cs-plano-de-mobilidade-urbana-de-cachoeira-do-sul-e-finalizado","title":{"rendered":"Com colabora\u00e7\u00e3o de docentes da UFSM-CS, Plano de Mobilidade Urbana de Cachoeira do Sul \u00e9 finalizado"},"content":{"rendered":"\t\t<div data-elementor-type=\"wp-post\" data-elementor-id=\"1949\" class=\"elementor elementor-1949\">\n\t\t\t\t\t\t<section class=\"elementor-section elementor-top-section elementor-element elementor-element-6df9bf91 elementor-section-boxed elementor-section-height-default elementor-section-height-default\" data-id=\"6df9bf91\" data-element_type=\"section\">\n\t\t\t\t\t\t<div class=\"elementor-container elementor-column-gap-default\">\n\t\t\t\t\t<div class=\"elementor-column elementor-col-100 elementor-top-column elementor-element elementor-element-3458d68f\" data-id=\"3458d68f\" data-element_type=\"column\">\n\t\t\t<div class=\"elementor-widget-wrap elementor-element-populated\">\n\t\t\t\t\t\t<div class=\"elementor-element elementor-element-33d2708a elementor-widget elementor-widget-text-editor\" data-id=\"33d2708a\" data-element_type=\"widget\" data-widget_type=\"text-editor.default\">\n\t\t\t\t<div class=\"elementor-widget-container\">\n\t\t\t\t\t\t\t<!-- wp:tadv\/classic-paragraph -->\n<p style=\"text-align: justify\"><img fetchpriority=\"high\" decoding=\"async\" class=\"aligncenter wp-image-1950\" src=\"https:\/\/www.ufsm.br\/unidades-universitarias\/cachoeira-do-sul\/wp-content\/uploads\/sites\/376\/2019\/04\/Equipe-do-Plano-de-Mobilidade-300x206.jpg\" alt=\"\" width=\"550\" height=\"378\" srcset=\"https:\/\/www.ufsm.br\/app\/uploads\/sites\/376\/2019\/04\/Equipe-do-Plano-de-Mobilidade-300x206.jpg 300w, https:\/\/www.ufsm.br\/app\/uploads\/sites\/376\/2019\/04\/Equipe-do-Plano-de-Mobilidade-768x527.jpg 768w, https:\/\/www.ufsm.br\/app\/uploads\/sites\/376\/2019\/04\/Equipe-do-Plano-de-Mobilidade-1024x703.jpg 1024w, https:\/\/www.ufsm.br\/app\/uploads\/sites\/376\/2019\/04\/Equipe-do-Plano-de-Mobilidade.jpg 1920w\" sizes=\"(max-width: 550px) 100vw, 550px\" \/><\/p>\n<p style=\"text-align: justify\">Na manh\u00e3 desta quinta-feira (25), representantes da UFSM &#8211; Campus Cachoeira do Sul estiveram na Prefeitura Municipal para participar na solenidade oficial de entrega do Plano de Mobilidade Urbana de Cachoeira do Sul (PLANMOB). Participaram do evento representantes do executivo e do legislativo municipal, o vice-diretor da UFSM-CS, Lucas Delongui, e professores do Campus que fizeram parte da equipe t\u00e9cnica de elabora\u00e7\u00e3o do documento.<\/p>\n<p style=\"text-align: justify\">Participaram da equipe t\u00e9cnica, &nbsp;os docentes: Alejandro Ruiz Padillo; B\u00e1rbara Maria Giaccom Ribeiro; Brenda Medeiros Pereira; Francisco Marchet Dalosto; Laline Elis\u00e2ngela Cenci; Let\u00edcia de Castro Gabriel; Samuel Brito; e Ver\u00f4nica Garcia Donoso. O trabalho foi coordenado pelas arquitetas Cristine Eskeff Coelho e M\u00e1rcia Gon\u00e7alvez Heck, servidoras da Prefeitura.<\/p>\n<p style=\"text-align: justify\">Todos os professores envolvidos na elabora\u00e7\u00e3o, bem como a Dire\u00e7\u00e3o do Campus, receberam das m\u00e3os do prefeito, S\u00e9rgio Ghignatti, um Certificado de Reconhecimento, no qual a Prefeitura Municipal agradece a colabora\u00e7\u00e3o na elabora\u00e7\u00e3o do Plano de Mobilidade.<\/p>\n<p style=\"text-align: justify\">O PLANMOB foi desenvolvido em 9 meses, entre os meses de agosto de 2018 e abril de 2019. O Prefeito salientou a import\u00e2ncia da participa\u00e7\u00e3o dos docentes do Campus Cachoeira do Sul na equipe t\u00e9cnica de elabora\u00e7\u00e3o para a realiza\u00e7\u00e3o do Plano. A Profa. Brenda Pereira, do curso de Engenharia de Transportes e Log\u00edstica, acrescentou que a efici\u00eancia na elabora\u00e7\u00e3o do documento tamb\u00e9m se deve ao efetivo trabalho colaborativo, com a participa\u00e7\u00e3o de todos os setores da sociedade, como as secretarias municipais, o legislativo, a &nbsp;comunidade, que participou das audi\u00eancias p\u00fablicas e dos question\u00e1rios, e a comunidade acad\u00eamica.<\/p>\n<p style=\"text-align: justify\">&nbsp;<\/p>\n<p style=\"text-align: justify\"><strong>UFSM-CS continua com pesquisas para auxiliar no desenvolvimento da cidade<\/strong><\/p>\n<p style=\"text-align: justify\">As atividades desenvolvidas pelo grupo que elaborou o PLANMOB de Cachoeira do Sul n\u00e3o v\u00e3o se restringir somente ao Plano de Mobilidade. O grupo composto pelos docentes da UFSM-CS, acad\u00eamicos e as duas arquitetas do Munic\u00edpio est\u00e3o desenvolvendo outras pesquisas que ir\u00e3o auxiliar no desenvolvimento urbano da cidade. Estas atividades, assim como os levantamentos utilizados no PLANMOB, fazem parte do projeto de extens\u00e3o &#8220;Planejamento colaborativo da mobilidade Urbana&#8221;, coordenado pelo Prof. Alejandro Ruiz Padillo.<\/p>\n<p style=\"text-align: justify\">O projeto prev\u00ea a\u00e7\u00f5es coletivas que propiciem o planejamento colaborativo entre a Universidade, a Administra\u00e7\u00e3o P\u00fablica e a comunidade em geral em prol do desenvolvimento de execu\u00e7\u00e3o de Planos de Mobilidade Urbana e a divulga\u00e7\u00e3o de suas necessidades, propostas e desafios aos cidad\u00e3os. Para isso, os envolvidos ir\u00e3o realizar diversas pesquisas e atividades que v\u00e3o ao encontro deste prop\u00f3sito.<\/p>\n<p style=\"text-align: justify\">Uma destas atividades ser\u00e1 realizada entre os dias 7 e 11 de maio, na qual o grupo, com aux\u00edlio do Ex\u00e9rcito, ir\u00e1 monitorar o fluxo do entroncamento conhecido como &#8220;5 esquinas&#8221;. A partir dos dados levantados, ser\u00e1 realizado um estudo sobre as melhorias que podem ser realizadas neste local. Ap\u00f3s finalizado, o estudo ser\u00e1 disponibilizado para a Prefeitura de Cachoeira do Sul.<\/p>\n<p>&nbsp;<\/p>\n<p>&nbsp;<\/p>\n<!-- \/wp:tadv\/classic-paragraph -->\t\t\t\t\t\t<\/div>\n\t\t\t\t<\/div>\n\t\t\t\t\t<\/div>\n\t\t<\/div>\n\t\t\t\t\t<\/div>\n\t\t<\/section>\n\t\t\t\t<section class=\"elementor-section elementor-top-section elementor-element elementor-element-00215c6 elementor-section-boxed elementor-section-height-default elementor-section-height-default\" data-id=\"00215c6\" data-element_type=\"section\">\n\t\t\t\t\t\t<div class=\"elementor-container elementor-column-gap-default\">\n\t\t\t\t\t<div class=\"elementor-column elementor-col-100 elementor-top-column elementor-element elementor-element-4d8454d\" data-id=\"4d8454d\" data-element_type=\"column\">\n\t\t\t<div class=\"elementor-widget-wrap elementor-element-populated\">\n\t\t\t\t\t\t<div class=\"elementor-element elementor-element-5f53be2 elementor-arrows-position-inside elementor-pagination-position-outside elementor-widget elementor-widget-image-carousel\" data-id=\"5f53be2\" data-element_type=\"widget\" data-settings=\"{&quot;navigation&quot;:&quot;both&quot;,&quot;autoplay&quot;:&quot;yes&quot;,&quot;pause_on_hover&quot;:&quot;yes&quot;,&quot;pause_on_interaction&quot;:&quot;yes&quot;,&quot;autoplay_speed&quot;:5000,&quot;infinite&quot;:&quot;yes&quot;,&quot;speed&quot;:500}\" data-widget_type=\"image-carousel.default\">\n\t\t\t\t<div class=\"elementor-widget-container\">\n\t\t\t\t\t<div class=\"elementor-image-carousel-wrapper swiper\" dir=\"ltr\">\n\t\t\t<div class=\"elementor-image-carousel swiper-wrapper\" aria-live=\"off\">\n\t\t\t\t\t\t\t\t<div class=\"swiper-slide\" role=\"group\" aria-roledescription=\"slide\" aria-label=\"1 of 16\"><figure class=\"swiper-slide-inner\"><img decoding=\"async\" class=\"swiper-slide-image\" src=\"https:\/\/www.ufsm.br\/app\/uploads\/sites\/376\/2019\/04\/Equipe-do-Plano-de-Mobilidade-150x150.jpg\" alt=\"Equipe do Plano de Mobilidade\" \/><\/figure><\/div><div class=\"swiper-slide\" role=\"group\" aria-roledescription=\"slide\" aria-label=\"2 of 16\"><figure class=\"swiper-slide-inner\"><img decoding=\"async\" class=\"swiper-slide-image\" src=\"https:\/\/www.ufsm.br\/app\/uploads\/sites\/376\/2019\/04\/IMG_8923-150x150.jpg\" alt=\"IMG_8923\" \/><\/figure><\/div><div class=\"swiper-slide\" role=\"group\" aria-roledescription=\"slide\" aria-label=\"3 of 16\"><figure class=\"swiper-slide-inner\"><img decoding=\"async\" class=\"swiper-slide-image\" src=\"https:\/\/www.ufsm.br\/app\/uploads\/sites\/376\/2019\/04\/IMG_8920-150x150.jpg\" alt=\"IMG_8920\" \/><\/figure><\/div><div class=\"swiper-slide\" role=\"group\" aria-roledescription=\"slide\" aria-label=\"4 of 16\"><figure class=\"swiper-slide-inner\"><img decoding=\"async\" class=\"swiper-slide-image\" src=\"https:\/\/www.ufsm.br\/app\/uploads\/sites\/376\/2019\/04\/IMG_8917-150x150.jpg\" alt=\"IMG_8917\" \/><\/figure><\/div><div class=\"swiper-slide\" role=\"group\" aria-roledescription=\"slide\" aria-label=\"5 of 16\"><figure class=\"swiper-slide-inner\"><img decoding=\"async\" class=\"swiper-slide-image\" src=\"https:\/\/www.ufsm.br\/app\/uploads\/sites\/376\/2019\/04\/IMG_8910-150x150.jpg\" alt=\"IMG_8910\" \/><\/figure><\/div><div class=\"swiper-slide\" role=\"group\" aria-roledescription=\"slide\" aria-label=\"6 of 16\"><figure class=\"swiper-slide-inner\"><img decoding=\"async\" class=\"swiper-slide-image\" src=\"https:\/\/www.ufsm.br\/app\/uploads\/sites\/376\/2019\/04\/IMG_8907-150x150.jpg\" alt=\"IMG_8907\" \/><\/figure><\/div><div class=\"swiper-slide\" role=\"group\" aria-roledescription=\"slide\" aria-label=\"7 of 16\"><figure class=\"swiper-slide-inner\"><img decoding=\"async\" class=\"swiper-slide-image\" src=\"https:\/\/www.ufsm.br\/app\/uploads\/sites\/376\/2019\/04\/IMG_8905-150x150.jpg\" alt=\"IMG_8905\" \/><\/figure><\/div><div class=\"swiper-slide\" role=\"group\" aria-roledescription=\"slide\" aria-label=\"8 of 16\"><figure class=\"swiper-slide-inner\"><img decoding=\"async\" class=\"swiper-slide-image\" src=\"https:\/\/www.ufsm.br\/app\/uploads\/sites\/376\/2019\/04\/IMG_8902-150x150.jpg\" alt=\"IMG_8902\" \/><\/figure><\/div><div class=\"swiper-slide\" role=\"group\" aria-roledescription=\"slide\" aria-label=\"9 of 16\"><figure class=\"swiper-slide-inner\"><img decoding=\"async\" class=\"swiper-slide-image\" src=\"https:\/\/www.ufsm.br\/app\/uploads\/sites\/376\/2019\/04\/IMG_8900-150x150.jpg\" alt=\"IMG_8900\" \/><\/figure><\/div><div class=\"swiper-slide\" role=\"group\" aria-roledescription=\"slide\" aria-label=\"10 of 16\"><figure class=\"swiper-slide-inner\"><img decoding=\"async\" class=\"swiper-slide-image\" src=\"https:\/\/www.ufsm.br\/app\/uploads\/sites\/376\/2019\/04\/IMG_8898-150x150.jpg\" alt=\"IMG_8898\" \/><\/figure><\/div><div class=\"swiper-slide\" role=\"group\" aria-roledescription=\"slide\" aria-label=\"11 of 16\"><figure class=\"swiper-slide-inner\"><img decoding=\"async\" class=\"swiper-slide-image\" src=\"https:\/\/www.ufsm.br\/app\/uploads\/sites\/376\/2019\/04\/IMG_8896-150x150.jpg\" alt=\"IMG_8896\" \/><\/figure><\/div><div class=\"swiper-slide\" role=\"group\" aria-roledescription=\"slide\" aria-label=\"12 of 16\"><figure class=\"swiper-slide-inner\"><img decoding=\"async\" class=\"swiper-slide-image\" src=\"https:\/\/www.ufsm.br\/app\/uploads\/sites\/376\/2019\/04\/IMG_8893-150x150.jpg\" alt=\"IMG_8893\" \/><\/figure><\/div><div class=\"swiper-slide\" role=\"group\" aria-roledescription=\"slide\" aria-label=\"13 of 16\"><figure class=\"swiper-slide-inner\"><img decoding=\"async\" class=\"swiper-slide-image\" src=\"https:\/\/www.ufsm.br\/app\/uploads\/sites\/376\/2019\/04\/IMG_8886-150x150.jpg\" alt=\"IMG_8886\" \/><\/figure><\/div><div class=\"swiper-slide\" role=\"group\" aria-roledescription=\"slide\" aria-label=\"14 of 16\"><figure class=\"swiper-slide-inner\"><img decoding=\"async\" class=\"swiper-slide-image\" src=\"https:\/\/www.ufsm.br\/app\/uploads\/sites\/376\/2019\/04\/IMG_8882-150x150.jpg\" alt=\"IMG_8882\" \/><\/figure><\/div><div class=\"swiper-slide\" role=\"group\" aria-roledescription=\"slide\" aria-label=\"15 of 16\"><figure class=\"swiper-slide-inner\"><img decoding=\"async\" class=\"swiper-slide-image\" src=\"https:\/\/www.ufsm.br\/app\/uploads\/sites\/376\/2019\/04\/IMG_8879-150x150.jpg\" alt=\"IMG_8879\" \/><\/figure><\/div><div class=\"swiper-slide\" role=\"group\" aria-roledescription=\"slide\" aria-label=\"16 of 16\"><figure class=\"swiper-slide-inner\"><img decoding=\"async\" class=\"swiper-slide-image\" src=\"https:\/\/www.ufsm.br\/app\/uploads\/sites\/376\/2019\/04\/IMG_8870-150x150.jpg\" alt=\"IMG_8870\" \/><\/figure><\/div>\t\t\t<\/div>\n\t\t\t\t\t\t\t\t\t\t\t\t<div class=\"elementor-swiper-button elementor-swiper-button-prev\" role=\"button\" tabindex=\"0\">\n\t\t\t\t\t\t<i aria-hidden=\"true\" class=\"eicon-chevron-left\"><\/i>\t\t\t\t\t<\/div>\n\t\t\t\t\t<div class=\"elementor-swiper-button elementor-swiper-button-next\" role=\"button\" tabindex=\"0\">\n\t\t\t\t\t\t<i aria-hidden=\"true\" class=\"eicon-chevron-right\"><\/i>\t\t\t\t\t<\/div>\n\t\t\t\t\n\t\t\t\t\t\t\t\t\t<div class=\"swiper-pagination\"><\/div>\n\t\t\t\t\t\t\t\t\t<\/div>\n\t\t\t\t<\/div>\n\t\t\t\t<\/div>\n\t\t\t\t\t<\/div>\n\t\t<\/div>\n\t\t\t\t\t<\/div>\n\t\t<\/section>\n\t\t\t\t<\/div>\n\t\t","protected":false},"excerpt":{"rendered":"<p>Na manh\u00e3 desta quinta-feira (25), representantes da UFSM &#8211; Campus Cachoeira do Sul estiveram na Prefeitura Municipal para participar na solenidade oficial de entrega do Plano de Mobilidade Urbana de Cachoeira do Sul (PLANMOB). Participaram do evento representantes do executivo e do legislativo municipal, o vice-diretor da UFSM-CS, Lucas Delongui, e professores do Campus que [&hellip;]<\/p>\n","protected":false},"author":293,"featured_media":1966,"comment_status":"closed","ping_status":"closed","sticky":false,"template":"","format":"standard","meta":{"footnotes":""},"categories":[21,1],"tags":[],"class_list":["post-1949","post","type-post","status-publish","format-standard","has-post-thumbnail","hentry","category-banner","category-noticias"],"acf":[],"_links":{"self":[{"href":"https:\/\/www.ufsm.br\/unidades-universitarias\/cachoeira-do-sul\/wp-json\/wp\/v2\/posts\/1949","targetHints":{"allow":["GET"]}}],"collection":[{"href":"https:\/\/www.ufsm.br\/unidades-universitarias\/cachoeira-do-sul\/wp-json\/wp\/v2\/posts"}],"about":[{"href":"https:\/\/www.ufsm.br\/unidades-universitarias\/cachoeira-do-sul\/wp-json\/wp\/v2\/types\/post"}],"author":[{"embeddable":true,"href":"https:\/\/www.ufsm.br\/unidades-universitarias\/cachoeira-do-sul\/wp-json\/wp\/v2\/users\/293"}],"replies":[{"embeddable":true,"href":"https:\/\/www.ufsm.br\/unidades-universitarias\/cachoeira-do-sul\/wp-json\/wp\/v2\/comments?post=1949"}],"version-history":[{"count":0,"href":"https:\/\/www.ufsm.br\/unidades-universitarias\/cachoeira-do-sul\/wp-json\/wp\/v2\/posts\/1949\/revisions"}],"wp:featuredmedia":[{"embeddable":true,"href":"https:\/\/www.ufsm.br\/unidades-universitarias\/cachoeira-do-sul\/wp-json\/wp\/v2\/media\/1966"}],"wp:attachment":[{"href":"https:\/\/www.ufsm.br\/unidades-universitarias\/cachoeira-do-sul\/wp-json\/wp\/v2\/media?parent=1949"}],"wp:term":[{"taxonomy":"category","embeddable":true,"href":"https:\/\/www.ufsm.br\/unidades-universitarias\/cachoeira-do-sul\/wp-json\/wp\/v2\/categories?post=1949"},{"taxonomy":"post_tag","embeddable":true,"href":"https:\/\/www.ufsm.br\/unidades-universitarias\/cachoeira-do-sul\/wp-json\/wp\/v2\/tags?post=1949"}],"curies":[{"name":"wp","href":"https:\/\/api.w.org\/{rel}","templated":true}]}}