{"id":2028,"date":"2019-05-20T17:18:24","date_gmt":"2019-05-20T20:18:24","guid":{"rendered":"https:\/\/www.ufsm.br\/unidades-universitarias\/cachoeira-do-sul\/?p=2028"},"modified":"2019-05-20T17:18:26","modified_gmt":"2019-05-20T20:18:26","slug":"projeto-de-extensao-da-ufsm-cs-realiza-atividades-em-escola-de-cachoeira-do-sul","status":"publish","type":"post","link":"https:\/\/www.ufsm.br\/unidades-universitarias\/cachoeira-do-sul\/2019\/05\/20\/projeto-de-extensao-da-ufsm-cs-realiza-atividades-em-escola-de-cachoeira-do-sul","title":{"rendered":"Projeto de extens\u00e3o da UFSM-CS realiza atividades em escola de Cachoeira do Sul"},"content":{"rendered":"\n<p style=\"text-align: justify\" data-tadv-p=\"keep\">O projeto de extens\u00e3o &#8220;Pedala Kids&#8221;, da UFSM &#8211; Cachoeira do Sul, realizou, na \u00faltima sexta-feira (17), atividade com crian\u00e7as entre 2 e 4 anos, estudantes da Classe Beb\u00ea e N\u00edvel 1, do Col\u00e9gio Marista Roque.<\/p>\n<p style=\"text-align: justify\" data-tadv-p=\"keep\"><img fetchpriority=\"high\" decoding=\"async\" class=\"size-medium wp-image-2031 alignleft\" src=\"https:\/\/www.ufsm.br\/unidades-universitarias\/cachoeira-do-sul\/wp-content\/uploads\/sites\/376\/2019\/05\/IMG_9190-300x196.jpg\" alt=\"\" width=\"300\" height=\"196\" srcset=\"https:\/\/www.ufsm.br\/app\/uploads\/sites\/376\/2019\/05\/IMG_9190-300x196.jpg 300w, https:\/\/www.ufsm.br\/app\/uploads\/sites\/376\/2019\/05\/IMG_9190-768x501.jpg 768w, https:\/\/www.ufsm.br\/app\/uploads\/sites\/376\/2019\/05\/IMG_9190-1024x668.jpg 1024w, https:\/\/www.ufsm.br\/app\/uploads\/sites\/376\/2019\/05\/IMG_9190.jpg 1920w\" sizes=\"(max-width: 300px) 100vw, 300px\" \/>A ideia do projeto \u00e9 promover a intera\u00e7\u00e3o de crian\u00e7as com a mobilidade e o espa\u00e7o urbano de forma a contribuir para a sua forma\u00e7\u00e3o<img decoding=\"async\" class=\"size-medium wp-image-2030 alignright\" src=\"https:\/\/www.ufsm.br\/unidades-universitarias\/cachoeira-do-sul\/wp-content\/uploads\/sites\/376\/2019\/05\/IMG_9145-200x300.jpg\" alt=\"\" width=\"200\" height=\"300\" srcset=\"https:\/\/www.ufsm.br\/app\/uploads\/sites\/376\/2019\/05\/IMG_9145-200x300.jpg 200w, https:\/\/www.ufsm.br\/app\/uploads\/sites\/376\/2019\/05\/IMG_9145-768x1152.jpg 768w, https:\/\/www.ufsm.br\/app\/uploads\/sites\/376\/2019\/05\/IMG_9145-683x1024.jpg 683w, https:\/\/www.ufsm.br\/app\/uploads\/sites\/376\/2019\/05\/IMG_9145.jpg 1920w\" sizes=\"(max-width: 200px) 100vw, 200px\" \/> cidad\u00e3 atrav\u00e9s de atividades l\u00fadicas em\u00a0sala de aula e tamb\u00e9m atividades pr\u00e1ticas com base no uso de bicicletas. Para isso, o projeto realiza atividades chamadas Jogos de Bicicleta, que buscam estimular o uso da bicicleta entre as crian\u00e7as. Os Jogos s\u00e3o realizados dentro do ambiente escolar, local protegido em que aptid\u00f5es motoras, e sociais podem ser desenvolvidas e aprimoradas de forma segura.<\/p>\n<p>\u00a0<\/p>\n<p><img decoding=\"async\" class=\"size-medium wp-image-2033 alignleft\" src=\"https:\/\/www.ufsm.br\/unidades-universitarias\/cachoeira-do-sul\/wp-content\/uploads\/sites\/376\/2019\/05\/IMG_9396-300x200.jpg\" alt=\"\" width=\"300\" height=\"200\" srcset=\"https:\/\/www.ufsm.br\/app\/uploads\/sites\/376\/2019\/05\/IMG_9396-300x200.jpg 300w, https:\/\/www.ufsm.br\/app\/uploads\/sites\/376\/2019\/05\/IMG_9396-768x512.jpg 768w, https:\/\/www.ufsm.br\/app\/uploads\/sites\/376\/2019\/05\/IMG_9396-1024x683.jpg 1024w, https:\/\/www.ufsm.br\/app\/uploads\/sites\/376\/2019\/05\/IMG_9396-272x182.jpg 272w, https:\/\/www.ufsm.br\/app\/uploads\/sites\/376\/2019\/05\/IMG_9396.jpg 1920w\" sizes=\"(max-width: 300px) 100vw, 300px\" \/><\/p>\n<p style=\"text-align: justify\" data-tadv-p=\"keep\">Nesta atividade do dia 17, estiveram presentes os docentes Brenda Medeiros Pereira, Alejandro Ruiz Padillo, \u00a0Ana Luisa Soubhia, Laline Cenci e Vanessa Alves, e as acad\u00eamicas Juliana Macedo (Engenharia de Transportes e Log\u00edstica) e Jordana Freitas (Arquitetura e Urbanismo). Rafael Kr\u00fcgel, da Ciclo Bikes, tamb\u00e9m colaborou com a atividade.<\/p>\n<p><img loading=\"lazy\" decoding=\"async\" class=\"size-medium wp-image-2029 alignright\" src=\"https:\/\/www.ufsm.br\/unidades-universitarias\/cachoeira-do-sul\/wp-content\/uploads\/sites\/376\/2019\/05\/IMG_9028-300x200.jpg\" alt=\"\" width=\"300\" height=\"200\" srcset=\"https:\/\/www.ufsm.br\/app\/uploads\/sites\/376\/2019\/05\/IMG_9028-300x200.jpg 300w, https:\/\/www.ufsm.br\/app\/uploads\/sites\/376\/2019\/05\/IMG_9028-768x512.jpg 768w, https:\/\/www.ufsm.br\/app\/uploads\/sites\/376\/2019\/05\/IMG_9028-1024x683.jpg 1024w, https:\/\/www.ufsm.br\/app\/uploads\/sites\/376\/2019\/05\/IMG_9028-272x182.jpg 272w, https:\/\/www.ufsm.br\/app\/uploads\/sites\/376\/2019\/05\/IMG_9028.jpg 1920w\" sizes=\"(max-width: 300px) 100vw, 300px\" \/><\/p>\n<p>\u00a0<\/p>\n<p style=\"text-align: justify\" data-tadv-p=\"keep\">Segundo a coordenadora do projeto, Profa. Brenda Pereira, \u00e9 importante que a atividade comece dentro da escola, uma vez que \u00e9 nela em que acontece a principal atividade cotidiana das crian\u00e7as e dos adolescentes. &#8220;A forma como se deslocam para as institui\u00e7\u00f5es de ensino contribui para a viv\u00eancia e contato com o ambiente e a sociedade. Apesar de estarem com sua forma\u00e7\u00e3o cognitiva em desenvolvimento e serem consideradas mais vulner\u00e1veis aos acidentes de tr\u00e2nsito, as crian\u00e7as possuem grande sensibilidade para quest\u00f5es do ambiente em que se inserem&#8221;, complementa a professora.<\/p>\n<p><img loading=\"lazy\" decoding=\"async\" class=\"aligncenter wp-image-2032\" src=\"https:\/\/www.ufsm.br\/unidades-universitarias\/cachoeira-do-sul\/wp-content\/uploads\/sites\/376\/2019\/05\/IMG_9376-300x200.jpg\" alt=\"\" width=\"500\" height=\"333\" srcset=\"https:\/\/www.ufsm.br\/app\/uploads\/sites\/376\/2019\/05\/IMG_9376-300x200.jpg 300w, https:\/\/www.ufsm.br\/app\/uploads\/sites\/376\/2019\/05\/IMG_9376-768x512.jpg 768w, https:\/\/www.ufsm.br\/app\/uploads\/sites\/376\/2019\/05\/IMG_9376-1024x683.jpg 1024w, https:\/\/www.ufsm.br\/app\/uploads\/sites\/376\/2019\/05\/IMG_9376-272x182.jpg 272w, https:\/\/www.ufsm.br\/app\/uploads\/sites\/376\/2019\/05\/IMG_9376.jpg 1920w\" sizes=\"(max-width: 500px) 100vw, 500px\" \/><\/p>\n<p style=\"text-align: justify\" data-tadv-p=\"keep\">Nas pr\u00f3ximas semanas, ser\u00e3o desenvolvidas atividades com outras turmas da escola. No segundo semestre de 2019, o projeto tamb\u00e9m prev\u00ea, al\u00e9m dos Jogos de Bicicleta, a discuss\u00e3o sobre desenvolvimento urbano e mobilidade sustent\u00e1vel atrav\u00e9s de atividades l\u00fadicas e criativas. J\u00e1 para o pr\u00f3ximo ano, a equipe do projeto quer estender as atividades do &#8220;Pedala Kids&#8221; para as escolas p\u00fablicas do munic\u00edpio, atrav\u00e9s da articula\u00e7\u00e3o entre poss\u00edveis parceiros.<\/p>\n","protected":false},"excerpt":{"rendered":"<p>O projeto de extens\u00e3o &#8220;Pedala Kids&#8221;, da UFSM &#8211; Cachoeira do Sul, realizou, na \u00faltima sexta-feira (17), atividade com crian\u00e7as entre 2 e 4 anos, estudantes da Classe Beb\u00ea e N\u00edvel 1, do Col\u00e9gio Marista Roque. A ideia do projeto \u00e9 promover a intera\u00e7\u00e3o de crian\u00e7as com a mobilidade e o espa\u00e7o urbano de forma [&hellip;]<\/p>\n","protected":false},"author":293,"featured_media":2034,"comment_status":"closed","ping_status":"closed","sticky":false,"template":"","format":"standard","meta":{"footnotes":""},"categories":[21,1],"tags":[],"class_list":["post-2028","post","type-post","status-publish","format-standard","has-post-thumbnail","hentry","category-banner","category-noticias"],"acf":[],"_links":{"self":[{"href":"https:\/\/www.ufsm.br\/unidades-universitarias\/cachoeira-do-sul\/wp-json\/wp\/v2\/posts\/2028","targetHints":{"allow":["GET"]}}],"collection":[{"href":"https:\/\/www.ufsm.br\/unidades-universitarias\/cachoeira-do-sul\/wp-json\/wp\/v2\/posts"}],"about":[{"href":"https:\/\/www.ufsm.br\/unidades-universitarias\/cachoeira-do-sul\/wp-json\/wp\/v2\/types\/post"}],"author":[{"embeddable":true,"href":"https:\/\/www.ufsm.br\/unidades-universitarias\/cachoeira-do-sul\/wp-json\/wp\/v2\/users\/293"}],"replies":[{"embeddable":true,"href":"https:\/\/www.ufsm.br\/unidades-universitarias\/cachoeira-do-sul\/wp-json\/wp\/v2\/comments?post=2028"}],"version-history":[{"count":0,"href":"https:\/\/www.ufsm.br\/unidades-universitarias\/cachoeira-do-sul\/wp-json\/wp\/v2\/posts\/2028\/revisions"}],"wp:featuredmedia":[{"embeddable":true,"href":"https:\/\/www.ufsm.br\/unidades-universitarias\/cachoeira-do-sul\/wp-json\/wp\/v2\/media\/2034"}],"wp:attachment":[{"href":"https:\/\/www.ufsm.br\/unidades-universitarias\/cachoeira-do-sul\/wp-json\/wp\/v2\/media?parent=2028"}],"wp:term":[{"taxonomy":"category","embeddable":true,"href":"https:\/\/www.ufsm.br\/unidades-universitarias\/cachoeira-do-sul\/wp-json\/wp\/v2\/categories?post=2028"},{"taxonomy":"post_tag","embeddable":true,"href":"https:\/\/www.ufsm.br\/unidades-universitarias\/cachoeira-do-sul\/wp-json\/wp\/v2\/tags?post=2028"}],"curies":[{"name":"wp","href":"https:\/\/api.w.org\/{rel}","templated":true}]}}