{"id":2045,"date":"2019-05-23T12:08:16","date_gmt":"2019-05-23T15:08:16","guid":{"rendered":"https:\/\/www.ufsm.br\/unidades-universitarias\/cachoeira-do-sul\/?p=2045"},"modified":"2019-05-23T12:23:18","modified_gmt":"2019-05-23T15:23:18","slug":"ufsm-cs-realiza-sua-mostra-de-projetos","status":"publish","type":"post","link":"https:\/\/www.ufsm.br\/unidades-universitarias\/cachoeira-do-sul\/2019\/05\/23\/ufsm-cs-realiza-sua-mostra-de-projetos","title":{"rendered":"UFSM-CS realiza sua Mostra de Projetos"},"content":{"rendered":"\n<p style=\"text-align: justify\">Nesta quarta-feira (22), a UFSM &#8211; Campus Cachoeira do Sul realizou mais uma edi\u00e7\u00e3o da Mostra de Projetos da UFSM-CS. O evento tem por finalidade expor os trabalhos oriundos de diversos projetos e atividades desenvolvidas no campus, bem como apresentar aos alunos da UFSM-CS projetos realizados em outras institui\u00e7\u00f5es.<\/p>\n<figure id=\"attachment_2046\" aria-describedby=\"caption-attachment-2046\" style=\"width: 500px\" class=\"wp-caption aligncenter\"><img fetchpriority=\"high\" decoding=\"async\" class=\"wp-image-2046\" src=\"https:\/\/www.ufsm.br\/unidades-universitarias\/cachoeira-do-sul\/wp-content\/uploads\/sites\/376\/2019\/05\/IMG_9995-300x200.jpg\" alt=\"\" width=\"500\" height=\"333\" srcset=\"https:\/\/www.ufsm.br\/app\/uploads\/sites\/376\/2019\/05\/IMG_9995-300x200.jpg 300w, https:\/\/www.ufsm.br\/app\/uploads\/sites\/376\/2019\/05\/IMG_9995-768x512.jpg 768w, https:\/\/www.ufsm.br\/app\/uploads\/sites\/376\/2019\/05\/IMG_9995-1024x683.jpg 1024w, https:\/\/www.ufsm.br\/app\/uploads\/sites\/376\/2019\/05\/IMG_9995-272x182.jpg 272w, https:\/\/www.ufsm.br\/app\/uploads\/sites\/376\/2019\/05\/IMG_9995.jpg 1920w\" sizes=\"(max-width: 500px) 100vw, 500px\" \/><figcaption id=\"caption-attachment-2046\" class=\"wp-caption-text\">Cerca de 200 pessoas estiveram presentes no evento, que contou com apresenta\u00e7\u00f5es orais e exposi\u00e7\u00e3o de banners.<\/figcaption><\/figure>\n<p style=\"text-align: justify\">Ao todo, foram cerca de 100 projetos apresentados, entre as modalidades de exposi\u00e7\u00e3o de banners e apresenta\u00e7\u00e3o oral. Os trabalhos contemplaram diversas \u00e1reas de conhecimento, no \u00e2mbito do ensino, da pesquisa e da extens\u00e3o.<\/p>\n<p style=\"text-align: justify\">Neste ano, a Mostra ir\u00e1 novamente certificar com men\u00e7\u00e3o honrosa os melhores trabalhos apresentados. Tamb\u00e9m ser\u00e1 publicada a 2\u00aa edi\u00e7\u00e3o especial da Mostra de Projetos na Revista Ci\u00eancia in Natura, com artigos completos. A 3\u00aa edi\u00e7\u00e3o ainda trar\u00e1 mais uma publica\u00e7\u00e3o para os alunos participantes da Mostra: um e-book, vinculado a uma editora, com o resumo de todos os trabalhos apresentados. As publica\u00e7\u00f5es e a certifica\u00e7\u00e3o dever\u00e3o acontecer no segundo semestre deste ano.<\/p>\n<p style=\"text-align: justify\">Segundo os coordenadores da Mostra, Prof. Jocenir Boita e Prof. Glauber Quadros, &#8220;o evento \u00e9 inteiramente gratuito e traz \u00e0 comunidade acad\u00eamica, principalmente aos alunos, a oportunidade de trocar experi\u00eancias, enriquecendo seu curr\u00edculo, seja na forma de publica\u00e7\u00f5es oriundas da 3\u00aa Mostra de Projetos &#8211; e-book e artigo completo -, seja pelas mais diversas formas de certifica\u00e7\u00f5es&#8221;. Para finalizar, os professores, que tamb\u00e9m atuam na Coordena\u00e7\u00e3o de Pesquisa e Extens\u00e3o, salientam que &#8220;a Coordena\u00e7\u00e3o de Pesquisa e Extens\u00e3o, junto com a dire\u00e7\u00e3o do campus, apoia fortemente este tipo de evento e vem cada vez mais contribuindo para que isso ser torne realidade. Agradecemos a todas as pessoas envolvidas que de alguma forma contribu\u00edram para que o evento se realizasse&#8221;.<\/p>\n<p style=\"text-align: justify\">Todos os inscritos que participaram do evento, ouvintes e apresentadores, receber\u00e3o certificado digital.<\/p>\n<p>Para saber mais sobre esta edi\u00e7\u00e3o da Mostra de Projeto, acesso o<a href=\"http:\/\/enrea.ccsul.ufsm.br\/mostra\/2019\/\"> site do evento.<\/a><\/p>\n<p style=\"text-align: justify\">\u00a0<\/p>\n","protected":false},"excerpt":{"rendered":"<p>Nesta quarta-feira (22), a UFSM &#8211; Campus Cachoeira do Sul realizou mais uma edi\u00e7\u00e3o da Mostra de Projetos da UFSM-CS. O evento tem por finalidade expor os trabalhos oriundos de diversos projetos e atividades desenvolvidas no campus, bem como apresentar aos alunos da UFSM-CS projetos realizados em outras institui\u00e7\u00f5es. Ao todo, foram cerca de 100 [&hellip;]<\/p>\n","protected":false},"author":293,"featured_media":2047,"comment_status":"closed","ping_status":"closed","sticky":false,"template":"","format":"standard","meta":{"footnotes":""},"categories":[21,1],"tags":[],"class_list":["post-2045","post","type-post","status-publish","format-standard","has-post-thumbnail","hentry","category-banner","category-noticias"],"acf":[],"_links":{"self":[{"href":"https:\/\/www.ufsm.br\/unidades-universitarias\/cachoeira-do-sul\/wp-json\/wp\/v2\/posts\/2045","targetHints":{"allow":["GET"]}}],"collection":[{"href":"https:\/\/www.ufsm.br\/unidades-universitarias\/cachoeira-do-sul\/wp-json\/wp\/v2\/posts"}],"about":[{"href":"https:\/\/www.ufsm.br\/unidades-universitarias\/cachoeira-do-sul\/wp-json\/wp\/v2\/types\/post"}],"author":[{"embeddable":true,"href":"https:\/\/www.ufsm.br\/unidades-universitarias\/cachoeira-do-sul\/wp-json\/wp\/v2\/users\/293"}],"replies":[{"embeddable":true,"href":"https:\/\/www.ufsm.br\/unidades-universitarias\/cachoeira-do-sul\/wp-json\/wp\/v2\/comments?post=2045"}],"version-history":[{"count":0,"href":"https:\/\/www.ufsm.br\/unidades-universitarias\/cachoeira-do-sul\/wp-json\/wp\/v2\/posts\/2045\/revisions"}],"wp:featuredmedia":[{"embeddable":true,"href":"https:\/\/www.ufsm.br\/unidades-universitarias\/cachoeira-do-sul\/wp-json\/wp\/v2\/media\/2047"}],"wp:attachment":[{"href":"https:\/\/www.ufsm.br\/unidades-universitarias\/cachoeira-do-sul\/wp-json\/wp\/v2\/media?parent=2045"}],"wp:term":[{"taxonomy":"category","embeddable":true,"href":"https:\/\/www.ufsm.br\/unidades-universitarias\/cachoeira-do-sul\/wp-json\/wp\/v2\/categories?post=2045"},{"taxonomy":"post_tag","embeddable":true,"href":"https:\/\/www.ufsm.br\/unidades-universitarias\/cachoeira-do-sul\/wp-json\/wp\/v2\/tags?post=2045"}],"curies":[{"name":"wp","href":"https:\/\/api.w.org\/{rel}","templated":true}]}}