{"id":2122,"date":"2019-06-27T10:26:26","date_gmt":"2019-06-27T13:26:26","guid":{"rendered":"https:\/\/www.ufsm.br\/unidades-universitarias\/cachoeira-do-sul\/?p=2122"},"modified":"2019-06-27T10:44:43","modified_gmt":"2019-06-27T13:44:43","slug":"divulgados-os-25-melhores-trabalhos-da-mostra-de-projetos","status":"publish","type":"post","link":"https:\/\/www.ufsm.br\/unidades-universitarias\/cachoeira-do-sul\/2019\/06\/27\/divulgados-os-25-melhores-trabalhos-da-mostra-de-projetos","title":{"rendered":"Divulgados os 25 melhores trabalhos da Mostra de Projetos"},"content":{"rendered":"\n<p style=\"text-align: justify\">A comiss\u00e3o organizadora da 3\u00aa Mostra de Projetos da UFSM-CS divulgou, na manh\u00e3 desta quinta-feira (27), a lista dos melhores trabalhos apresentados durante a edi\u00e7\u00e3o de 2019 da Mostra.<\/p>\n<p style=\"text-align: justify\">Ao todo, foram selecionados 25 trabalhos dos 95 apresentados nas modalidades oral e banner. A Mostra de Projetos ocorreu no dia 22 de maio e contou com a presen\u00e7a de mais de 160 inscritos.<\/p>\n<p style=\"text-align: justify\">Os trabalhos selecionados receber\u00e3o uma men\u00e7\u00e3o honrosa a ser entregue em um evento que ser\u00e1 realizado no 2\u00ba semestre, com data a ser definida.<\/p>\n<p style=\"text-align: justify\">Para visualizar a lista completa, <a href=\"https:\/\/www.ufsm.br\/unidades-universitarias\/cachoeira-do-sul\/wp-content\/uploads\/sites\/376\/2019\/06\/LISTA-DE-MELHORES-TRABALHOS-Divulga\u00e7\u00e3o.pdf\">clique aqui<\/a>.\u00a0<\/p>\n<p>\u00a0<\/p>\n<p>\u00a0<\/p>\n<p>\u00a0<\/p>\n<p>\u00a0<\/p>\n<p>\u00a0<\/p>\n<p>\u00a0<\/p>\n<p>\u00a0<\/p>\n<p>\u00a0<\/p>\n<p>\u00a0<\/p>\n","protected":false},"excerpt":{"rendered":"<p>A comiss\u00e3o organizadora da 3\u00aa Mostra de Projetos da UFSM-CS divulgou, na manh\u00e3 desta quinta-feira (27), a lista dos melhores trabalhos apresentados durante a edi\u00e7\u00e3o de 2019 da Mostra. Ao todo, foram selecionados 25 trabalhos dos 95 apresentados nas modalidades oral e banner. A Mostra de Projetos ocorreu no dia 22 de maio e contou [&hellip;]<\/p>\n","protected":false},"author":293,"featured_media":1935,"comment_status":"closed","ping_status":"closed","sticky":false,"template":"","format":"standard","meta":{"footnotes":""},"categories":[21,1],"tags":[],"class_list":["post-2122","post","type-post","status-publish","format-standard","has-post-thumbnail","hentry","category-banner","category-noticias"],"acf":[],"_links":{"self":[{"href":"https:\/\/www.ufsm.br\/unidades-universitarias\/cachoeira-do-sul\/wp-json\/wp\/v2\/posts\/2122","targetHints":{"allow":["GET"]}}],"collection":[{"href":"https:\/\/www.ufsm.br\/unidades-universitarias\/cachoeira-do-sul\/wp-json\/wp\/v2\/posts"}],"about":[{"href":"https:\/\/www.ufsm.br\/unidades-universitarias\/cachoeira-do-sul\/wp-json\/wp\/v2\/types\/post"}],"author":[{"embeddable":true,"href":"https:\/\/www.ufsm.br\/unidades-universitarias\/cachoeira-do-sul\/wp-json\/wp\/v2\/users\/293"}],"replies":[{"embeddable":true,"href":"https:\/\/www.ufsm.br\/unidades-universitarias\/cachoeira-do-sul\/wp-json\/wp\/v2\/comments?post=2122"}],"version-history":[{"count":0,"href":"https:\/\/www.ufsm.br\/unidades-universitarias\/cachoeira-do-sul\/wp-json\/wp\/v2\/posts\/2122\/revisions"}],"wp:featuredmedia":[{"embeddable":true,"href":"https:\/\/www.ufsm.br\/unidades-universitarias\/cachoeira-do-sul\/wp-json\/wp\/v2\/media\/1935"}],"wp:attachment":[{"href":"https:\/\/www.ufsm.br\/unidades-universitarias\/cachoeira-do-sul\/wp-json\/wp\/v2\/media?parent=2122"}],"wp:term":[{"taxonomy":"category","embeddable":true,"href":"https:\/\/www.ufsm.br\/unidades-universitarias\/cachoeira-do-sul\/wp-json\/wp\/v2\/categories?post=2122"},{"taxonomy":"post_tag","embeddable":true,"href":"https:\/\/www.ufsm.br\/unidades-universitarias\/cachoeira-do-sul\/wp-json\/wp\/v2\/tags?post=2122"}],"curies":[{"name":"wp","href":"https:\/\/api.w.org\/{rel}","templated":true}]}}