{"id":2151,"date":"2019-07-10T17:32:44","date_gmt":"2019-07-10T20:32:44","guid":{"rendered":"https:\/\/www.ufsm.br\/unidades-universitarias\/cachoeira-do-sul\/?p=2151"},"modified":"2019-07-11T09:52:01","modified_gmt":"2019-07-11T12:52:01","slug":"alunos-desenvolvem-bicicletas-em-disciplina-da-ufsm-cs","status":"publish","type":"post","link":"https:\/\/www.ufsm.br\/unidades-universitarias\/cachoeira-do-sul\/2019\/07\/10\/alunos-desenvolvem-bicicletas-em-disciplina-da-ufsm-cs","title":{"rendered":"Alunos desenvolvem bicicletas em disciplina da UFSM-CS"},"content":{"rendered":"\t\t<div data-elementor-type=\"wp-post\" data-elementor-id=\"2151\" class=\"elementor elementor-2151\">\n\t\t\t\t\t\t<section class=\"elementor-section elementor-top-section elementor-element elementor-element-1580f01f elementor-section-boxed elementor-section-height-default elementor-section-height-default\" data-id=\"1580f01f\" data-element_type=\"section\">\n\t\t\t\t\t\t<div class=\"elementor-container elementor-column-gap-default\">\n\t\t\t\t\t<div class=\"elementor-column elementor-col-100 elementor-top-column elementor-element elementor-element-71e1258b\" data-id=\"71e1258b\" data-element_type=\"column\">\n\t\t\t<div class=\"elementor-widget-wrap elementor-element-populated\">\n\t\t\t\t\t\t<div class=\"elementor-element elementor-element-79248335 elementor-widget elementor-widget-text-editor\" data-id=\"79248335\" data-element_type=\"widget\" data-widget_type=\"text-editor.default\">\n\t\t\t\t<div class=\"elementor-widget-container\">\n\t\t\t\t\t\t\t<!-- wp:tadv\/classic-paragraph -->\n<div dir=\"ltr\">\n<div dir=\"ltr\">\n<div style=\"text-align: justify\">Os alunos da disciplina de Metodologia de Projeto de Produto, dos cursos de Engenharia de Transportes e Log\u00edstica e Engenharia Mec\u00e2nica, apresentaram, na noite da \u00faltima ter\u00e7a-feira (9), o resultado final de projeto desenvolvido ao longo deste semestre. A ideia da disciplina \u00e9 desenvolver habilidades discentes na elabora\u00e7\u00e3o de projeto que resulte em um produto.<\/div>\n<div>\u00a0<\/div>\n<div style=\"text-align: justify\">Neste semestre foi proposto, pelos professores da disciplina Vanessa Alves e C\u00e9sar Santos, o desenvolvimento de uma bicicleta de equil\u00edbrio que deveria ser produzida com mat\u00e9ria-prima reciclada ou reutilizada. A finalidade do produto \u00e9 auxiliar no desenvolvimento das fun\u00e7\u00f5es motoras das crian\u00e7as, como equil\u00edbrio din\u00e2mico e de dire\u00e7\u00e3o. Para este projeto, cada grupo de alunos deveria escolher a faixa et\u00e1ria (dentro de um limite de abrang\u00eancia definido entre 1 a 5 anos), n\u00e3o possuir rodinhas, n\u00e3o possuir pedais e ter um custo m\u00e1ximo de R$100,00. Para elaborar o projeto, as atividades foram divididas em quatro etapas: Projeto Informacional, Projeto Preliminar, Projeto Conceitual e Projeto Detalhado. Ap\u00f3s estas etapas o prot\u00f3tipo do produto foi confeccionado para ser apresentado.\u00a0<\/div>\n<\/div>\n<\/div>\n<div style=\"text-align: justify\">\u00a0<\/div>\n<div style=\"text-align: justify\">Durante a apresenta\u00e7\u00e3o, os alunos explicaram as etapas que levaram ao desenvolvimento do prot\u00f3tipo de sua bicicleta. Ap\u00f3s a apresenta\u00e7\u00e3o, os produtos foram testados e os alunos responderam a questionamentos da banca. <span style=\"text-align: justify\">Participaram da banca de avalia\u00e7\u00e3o, Eduardo Bottega, professor do curso de Engenharia Agr\u00edcola; Ana Lu\u00edsa <\/span><span style=\"text-align: justify\">Soubhia e Brenda Pereira, professoras do curso de Engenharia de Transportes e Log\u00edstica; Juan Balcazar, professor do curso de Engenharia Mec\u00e2nica; e Rafael Kr\u00fcgel, da Ciclo Bikes.\u00a0<\/span><\/div>\n<div dir=\"ltr\" style=\"text-align: justify\">\n<div dir=\"ltr\">\n<div dir=\"auto\" style=\"text-align: justify\">\u00a0<\/div>\n<div dir=\"auto\" style=\"text-align: justify\">Ao todo, se apresentaram nove grupos compostos pelos alunos Arthur Klusener; Arthur Strelow; \u00a0Augusto Delazeri; Carlos Potter; Cezar Hettwer Couto; \u00a0Denison Moraes; Fabio Schultz; Guinther Couto; \u00a0Henrique Costa; Jefferson da Silva; Jean Augusto Lemes; \u00a0Jo\u00e3o Arthur Bottlender; Leonardo Breunig; Lucas Visnievski; Luciane Azeredo; Luiz Felipe Santana; Paulo Henrique Lehmen; Robert Araujo Oliveira e Wantuil Prado.<\/div>\n<div style=\"text-align: justify\">\u00a0<\/div>\n<div style=\"text-align: justify\">A equipe que ficou com o 1\u00ba lugar, composta pelos estudantes Luciane Eliza Pires de Azeredo e Paulo Henrique Fontana Lehmen, apresentou uma bicicleta de PVC, cumprindo todos os requisitos solicitados.<\/div>\n<div style=\"text-align: justify\">\u00a0<\/div>\n<div style=\"text-align: justify\">Ao final das apresenta\u00e7\u00f5es, todos os alunos doaram suas bicicletas ao projeto de extens\u00e3o Pedala Kids, para as atividades l\u00fadicas que ser\u00e3o desenvolvidas em escolas p\u00fablicas da cidade de Cachoeira do Sul.<\/div>\n<\/div>\n<\/div>\n<div class=\"yj6qo ajU\">\n<div id=\":va\" class=\"ajR\" style=\"text-align: justify\" role=\"button\" data-tooltip=\"Mostrar conte\u00fado cortado\" aria-label=\"Mostrar conte\u00fado cortado\"><img decoding=\"async\" class=\"ajT\" src=\"https:\/\/ssl.gstatic.com\/ui\/v1\/icons\/mail\/images\/cleardot.gif\" \/><\/div>\n<\/div>\n<!-- \/wp:tadv\/classic-paragraph -->\t\t\t\t\t\t<\/div>\n\t\t\t\t<\/div>\n\t\t\t\t\t<\/div>\n\t\t<\/div>\n\t\t\t\t\t<\/div>\n\t\t<\/section>\n\t\t\t\t<section class=\"elementor-section elementor-top-section elementor-element elementor-element-8111b0b elementor-section-boxed elementor-section-height-default elementor-section-height-default\" data-id=\"8111b0b\" data-element_type=\"section\">\n\t\t\t\t\t\t<div class=\"elementor-container elementor-column-gap-default\">\n\t\t\t\t\t<div class=\"elementor-column elementor-col-100 elementor-top-column elementor-element elementor-element-615bf49\" data-id=\"615bf49\" data-element_type=\"column\">\n\t\t\t<div class=\"elementor-widget-wrap elementor-element-populated\">\n\t\t\t\t\t\t<div class=\"elementor-element elementor-element-3cb325b elementor-arrows-position-inside elementor-pagination-position-outside elementor-widget elementor-widget-image-carousel\" data-id=\"3cb325b\" data-element_type=\"widget\" data-settings=\"{&quot;slides_to_show&quot;:&quot;1&quot;,&quot;navigation&quot;:&quot;both&quot;,&quot;autoplay&quot;:&quot;yes&quot;,&quot;pause_on_hover&quot;:&quot;yes&quot;,&quot;pause_on_interaction&quot;:&quot;yes&quot;,&quot;autoplay_speed&quot;:5000,&quot;infinite&quot;:&quot;yes&quot;,&quot;effect&quot;:&quot;slide&quot;,&quot;speed&quot;:500}\" data-widget_type=\"image-carousel.default\">\n\t\t\t\t<div class=\"elementor-widget-container\">\n\t\t\t\t\t<div class=\"elementor-image-carousel-wrapper swiper\" dir=\"ltr\">\n\t\t\t<div class=\"elementor-image-carousel swiper-wrapper\" aria-live=\"off\">\n\t\t\t\t\t\t\t\t<div class=\"swiper-slide\" role=\"group\" aria-roledescription=\"slide\" aria-label=\"1 of 7\"><figure class=\"swiper-slide-inner\"><img decoding=\"async\" class=\"swiper-slide-image\" src=\"https:\/\/www.ufsm.br\/app\/uploads\/sites\/376\/elementor\/thumbs\/Projeto_-Bicicleta-de-Equil\u00edbrio-1-1-oam4d57p3ltw10ps9kwcmh7ul6o1r2vytageurv7d4.jpg\" alt=\"Projeto_ Bicicleta de Equil\u00edbrio (1)-1\" \/><\/figure><\/div><div class=\"swiper-slide\" role=\"group\" aria-roledescription=\"slide\" aria-label=\"2 of 7\"><figure class=\"swiper-slide-inner\"><img decoding=\"async\" class=\"swiper-slide-image\" src=\"https:\/\/www.ufsm.br\/app\/uploads\/sites\/376\/elementor\/thumbs\/Projeto_-Bicicleta-de-Equil\u00edbrio-1-2-oam4dem2zy6r94c4qoymbeugj1dpw1xa6kz9njh9mw.jpg\" alt=\"Projeto_ Bicicleta de Equil\u00edbrio (1)-2\" \/><\/figure><\/div><div class=\"swiper-slide\" role=\"group\" aria-roledescription=\"slide\" aria-label=\"3 of 7\"><figure class=\"swiper-slide-inner\"><img decoding=\"async\" class=\"swiper-slide-image\" src=\"https:\/\/www.ufsm.br\/app\/uploads\/sites\/376\/elementor\/thumbs\/Projeto_-Bicicleta-de-Equil\u00edbrio-1-3-oam4do0gwajmh7yh7t0w0ch2gw3e10yljvi4gb3bwo.jpg\" alt=\"Projeto_ Bicicleta de Equil\u00edbrio (1)-3\" \/><\/figure><\/div><div class=\"swiper-slide\" role=\"group\" aria-roledescription=\"slide\" aria-label=\"4 of 7\"><figure class=\"swiper-slide-inner\"><img decoding=\"async\" class=\"swiper-slide-image\" src=\"https:\/\/www.ufsm.br\/app\/uploads\/sites\/376\/elementor\/thumbs\/Projeto_-Bicicleta-de-Equil\u00edbrio-1-4-oam4dwh0lsv7dpm6ueoj4sc7tcxoyaw6l1dhrsqsco.jpg\" alt=\"Projeto_ Bicicleta de Equil\u00edbrio (1)-4\" \/><\/figure><\/div><div class=\"swiper-slide\" role=\"group\" aria-roledescription=\"slide\" aria-label=\"5 of 7\"><figure class=\"swiper-slide-inner\"><img decoding=\"async\" class=\"swiper-slide-image\" src=\"https:\/\/www.ufsm.br\/app\/uploads\/sites\/376\/elementor\/thumbs\/Projeto_-Bicicleta-de-Equil\u00edbrio-1-5-oam4e6t8oz9cxf76615fe7qacliqaz18agju1ubgg8.jpg\" alt=\"Projeto_ Bicicleta de Equil\u00edbrio (1)-5\" \/><\/figure><\/div><div class=\"swiper-slide\" role=\"group\" aria-roledescription=\"slide\" aria-label=\"6 of 7\"><figure class=\"swiper-slide-inner\"><img decoding=\"async\" class=\"swiper-slide-image\" src=\"https:\/\/www.ufsm.br\/app\/uploads\/sites\/376\/elementor\/thumbs\/Projeto_-Bicicleta-de-Equil\u00edbrio-1-6-oam4eh5gs5nih4s5hnmbnn4cvu3rnn69zvq6bvw4js.jpg\" alt=\"Projeto_ Bicicleta de Equil\u00edbrio (1)-6\" \/><\/figure><\/div><div class=\"swiper-slide\" role=\"group\" aria-roledescription=\"slide\" aria-label=\"7 of 7\"><figure class=\"swiper-slide-inner\"><img decoding=\"async\" class=\"swiper-slide-image\" src=\"https:\/\/www.ufsm.br\/app\/uploads\/sites\/376\/elementor\/thumbs\/Projeto_-Bicicleta-de-Equil\u00edbrio-1-7-oam4eqjuoi0dp8ehyrolckqytotfsm7ld6914ni6tk.jpg\" alt=\"Projeto_ Bicicleta de Equil\u00edbrio (1)-7\" \/><\/figure><\/div>\t\t\t<\/div>\n\t\t\t\t\t\t\t\t\t\t\t\t<div class=\"elementor-swiper-button elementor-swiper-button-prev\" role=\"button\" tabindex=\"0\">\n\t\t\t\t\t\t<i aria-hidden=\"true\" class=\"eicon-chevron-left\"><\/i>\t\t\t\t\t<\/div>\n\t\t\t\t\t<div class=\"elementor-swiper-button elementor-swiper-button-next\" role=\"button\" tabindex=\"0\">\n\t\t\t\t\t\t<i aria-hidden=\"true\" class=\"eicon-chevron-right\"><\/i>\t\t\t\t\t<\/div>\n\t\t\t\t\n\t\t\t\t\t\t\t\t\t<div class=\"swiper-pagination\"><\/div>\n\t\t\t\t\t\t\t\t\t<\/div>\n\t\t\t\t<\/div>\n\t\t\t\t<\/div>\n\t\t\t\t\t<\/div>\n\t\t<\/div>\n\t\t\t\t\t<\/div>\n\t\t<\/section>\n\t\t\t\t<\/div>\n\t\t","protected":false},"excerpt":{"rendered":"<p>Os alunos da disciplina de Metodologia de Projeto de Produto, dos cursos de Engenharia de Transportes e Log\u00edstica e Engenharia Mec\u00e2nica, apresentaram, na noite da \u00faltima ter\u00e7a-feira (9), o resultado final de projeto desenvolvido ao longo deste semestre. A ideia da disciplina \u00e9 desenvolver habilidades discentes na elabora\u00e7\u00e3o de projeto que resulte em um produto. [&hellip;]<\/p>\n","protected":false},"author":293,"featured_media":2159,"comment_status":"closed","ping_status":"closed","sticky":false,"template":"","format":"standard","meta":{"footnotes":""},"categories":[21,1],"tags":[],"class_list":["post-2151","post","type-post","status-publish","format-standard","has-post-thumbnail","hentry","category-banner","category-noticias"],"acf":[],"_links":{"self":[{"href":"https:\/\/www.ufsm.br\/unidades-universitarias\/cachoeira-do-sul\/wp-json\/wp\/v2\/posts\/2151","targetHints":{"allow":["GET"]}}],"collection":[{"href":"https:\/\/www.ufsm.br\/unidades-universitarias\/cachoeira-do-sul\/wp-json\/wp\/v2\/posts"}],"about":[{"href":"https:\/\/www.ufsm.br\/unidades-universitarias\/cachoeira-do-sul\/wp-json\/wp\/v2\/types\/post"}],"author":[{"embeddable":true,"href":"https:\/\/www.ufsm.br\/unidades-universitarias\/cachoeira-do-sul\/wp-json\/wp\/v2\/users\/293"}],"replies":[{"embeddable":true,"href":"https:\/\/www.ufsm.br\/unidades-universitarias\/cachoeira-do-sul\/wp-json\/wp\/v2\/comments?post=2151"}],"version-history":[{"count":0,"href":"https:\/\/www.ufsm.br\/unidades-universitarias\/cachoeira-do-sul\/wp-json\/wp\/v2\/posts\/2151\/revisions"}],"wp:featuredmedia":[{"embeddable":true,"href":"https:\/\/www.ufsm.br\/unidades-universitarias\/cachoeira-do-sul\/wp-json\/wp\/v2\/media\/2159"}],"wp:attachment":[{"href":"https:\/\/www.ufsm.br\/unidades-universitarias\/cachoeira-do-sul\/wp-json\/wp\/v2\/media?parent=2151"}],"wp:term":[{"taxonomy":"category","embeddable":true,"href":"https:\/\/www.ufsm.br\/unidades-universitarias\/cachoeira-do-sul\/wp-json\/wp\/v2\/categories?post=2151"},{"taxonomy":"post_tag","embeddable":true,"href":"https:\/\/www.ufsm.br\/unidades-universitarias\/cachoeira-do-sul\/wp-json\/wp\/v2\/tags?post=2151"}],"curies":[{"name":"wp","href":"https:\/\/api.w.org\/{rel}","templated":true}]}}