{"id":2236,"date":"2019-08-16T19:07:03","date_gmt":"2019-08-16T22:07:03","guid":{"rendered":"https:\/\/www.ufsm.br\/unidades-universitarias\/cachoeira-do-sul\/?p=2236"},"modified":"2019-08-16T19:07:08","modified_gmt":"2019-08-16T22:07:08","slug":"ufsm-cachoeira-do-sul-comemora-5-anos","status":"publish","type":"post","link":"https:\/\/www.ufsm.br\/unidades-universitarias\/cachoeira-do-sul\/2019\/08\/16\/ufsm-cachoeira-do-sul-comemora-5-anos","title":{"rendered":"UFSM &#8211; Cachoeira do Sul comemora 5 anos"},"content":{"rendered":"\n<p style=\"text-align: justify\"><img fetchpriority=\"high\" decoding=\"async\" class=\"size-medium wp-image-2239 alignright\" src=\"https:\/\/www.ufsm.br\/unidades-universitarias\/cachoeira-do-sul\/wp-content\/uploads\/sites\/376\/2019\/08\/IMG_4787-300x200.jpg\" alt=\"\" width=\"300\" height=\"200\" srcset=\"https:\/\/www.ufsm.br\/app\/uploads\/sites\/376\/2019\/08\/IMG_4787-300x200.jpg 300w, https:\/\/www.ufsm.br\/app\/uploads\/sites\/376\/2019\/08\/IMG_4787-768x512.jpg 768w, https:\/\/www.ufsm.br\/app\/uploads\/sites\/376\/2019\/08\/IMG_4787-1024x683.jpg 1024w, https:\/\/www.ufsm.br\/app\/uploads\/sites\/376\/2019\/08\/IMG_4787-272x182.jpg 272w, https:\/\/www.ufsm.br\/app\/uploads\/sites\/376\/2019\/08\/IMG_4787.jpg 1920w\" sizes=\"(max-width: 300px) 100vw, 300px\" \/>No \u00faltimo dia 11, o Campus da UFSM em Cachoeira do Sul comemorou 5 anos desde o seu primeiro dia de aula. Para marcar a data, no dia 12, foi realizada um &#8220;Parab\u00e9ns para voc\u00ea&#8221; simb\u00f3lico no sagu\u00e3o do Pr\u00e9dio 1. Participaram da atividade, alunos, professores, t\u00e9cnico-administrativos e colaboradores da UFSM-CS.<\/p>\n<p style=\"text-align: justify\">\u00a0<img decoding=\"async\" class=\"size-medium wp-image-2238 alignleft\" src=\"https:\/\/www.ufsm.br\/unidades-universitarias\/cachoeira-do-sul\/wp-content\/uploads\/sites\/376\/2019\/08\/IMG_4760-300x200.jpg\" alt=\"\" width=\"300\" height=\"200\" srcset=\"https:\/\/www.ufsm.br\/app\/uploads\/sites\/376\/2019\/08\/IMG_4760-300x200.jpg 300w, https:\/\/www.ufsm.br\/app\/uploads\/sites\/376\/2019\/08\/IMG_4760-768x512.jpg 768w, https:\/\/www.ufsm.br\/app\/uploads\/sites\/376\/2019\/08\/IMG_4760-1024x683.jpg 1024w, https:\/\/www.ufsm.br\/app\/uploads\/sites\/376\/2019\/08\/IMG_4760-272x182.jpg 272w, https:\/\/www.ufsm.br\/app\/uploads\/sites\/376\/2019\/08\/IMG_4760.jpg 1920w\" sizes=\"(max-width: 300px) 100vw, 300px\" \/>Ao longo do semestre, est\u00e3o programadas diversas atividades que celebrar\u00e3o a data. Entre elas, \u00a0uma apresenta\u00e7\u00e3o da Orquestra da UFSM, no dia 14 de setembro, \u00e0s 19h, na Sociedade Rio Branco; uma edi\u00e7\u00e3o do Viva o Campus, em novembro; uma apresenta\u00e7\u00e3o do Coral da UFSM, \u00a0uma sess\u00e3o do Cineclube da Boca em Cachoeira do Sul; e muito mais. \u00a0<\/p>\n<p style=\"text-align: justify\">A pr\u00f3xima atividade acontecer\u00e1 no dia 24 de agosto: uma edi\u00e7\u00e3o especial do Pra\u00e7a Viva.<\/p>\n<p style=\"text-align: justify\">O evento , que j\u00e1 est\u00e1 em sua 4\u00aa edi\u00e7\u00e3o, consiste em uma ocupa\u00e7\u00e3o tempor\u00e1ria, de viv\u00eancia coletiva e de revitaliza\u00e7\u00e3o das rela\u00e7\u00f5es junto \u00e0 Pra\u00e7a Santo Ant\u00f4nio (em frente a Par\u00f3quia Santo Ant\u00f4nio e o Pr\u00e9dio 1 da UFSM-CS), com a inten\u00e7\u00e3o de gerar um novo olhar de possibilidades para o espa\u00e7o p\u00fablico.<\/p>\n","protected":false},"excerpt":{"rendered":"<p>No \u00faltimo dia 11, o Campus da UFSM em Cachoeira do Sul comemorou 5 anos desde o seu primeiro dia de aula. Para marcar a data, no dia 12, foi realizada um &#8220;Parab\u00e9ns para voc\u00ea&#8221; simb\u00f3lico no sagu\u00e3o do Pr\u00e9dio 1. Participaram da atividade, alunos, professores, t\u00e9cnico-administrativos e colaboradores da UFSM-CS. \u00a0Ao longo do semestre, [&hellip;]<\/p>\n","protected":false},"author":293,"featured_media":2241,"comment_status":"closed","ping_status":"closed","sticky":false,"template":"","format":"standard","meta":{"footnotes":""},"categories":[21,1],"tags":[],"class_list":["post-2236","post","type-post","status-publish","format-standard","has-post-thumbnail","hentry","category-banner","category-noticias"],"acf":[],"_links":{"self":[{"href":"https:\/\/www.ufsm.br\/unidades-universitarias\/cachoeira-do-sul\/wp-json\/wp\/v2\/posts\/2236","targetHints":{"allow":["GET"]}}],"collection":[{"href":"https:\/\/www.ufsm.br\/unidades-universitarias\/cachoeira-do-sul\/wp-json\/wp\/v2\/posts"}],"about":[{"href":"https:\/\/www.ufsm.br\/unidades-universitarias\/cachoeira-do-sul\/wp-json\/wp\/v2\/types\/post"}],"author":[{"embeddable":true,"href":"https:\/\/www.ufsm.br\/unidades-universitarias\/cachoeira-do-sul\/wp-json\/wp\/v2\/users\/293"}],"replies":[{"embeddable":true,"href":"https:\/\/www.ufsm.br\/unidades-universitarias\/cachoeira-do-sul\/wp-json\/wp\/v2\/comments?post=2236"}],"version-history":[{"count":0,"href":"https:\/\/www.ufsm.br\/unidades-universitarias\/cachoeira-do-sul\/wp-json\/wp\/v2\/posts\/2236\/revisions"}],"wp:featuredmedia":[{"embeddable":true,"href":"https:\/\/www.ufsm.br\/unidades-universitarias\/cachoeira-do-sul\/wp-json\/wp\/v2\/media\/2241"}],"wp:attachment":[{"href":"https:\/\/www.ufsm.br\/unidades-universitarias\/cachoeira-do-sul\/wp-json\/wp\/v2\/media?parent=2236"}],"wp:term":[{"taxonomy":"category","embeddable":true,"href":"https:\/\/www.ufsm.br\/unidades-universitarias\/cachoeira-do-sul\/wp-json\/wp\/v2\/categories?post=2236"},{"taxonomy":"post_tag","embeddable":true,"href":"https:\/\/www.ufsm.br\/unidades-universitarias\/cachoeira-do-sul\/wp-json\/wp\/v2\/tags?post=2236"}],"curies":[{"name":"wp","href":"https:\/\/api.w.org\/{rel}","templated":true}]}}