{"id":2243,"date":"2019-08-20T08:28:05","date_gmt":"2019-08-20T11:28:05","guid":{"rendered":"https:\/\/www.ufsm.br\/unidades-universitarias\/cachoeira-do-sul\/?p=2243"},"modified":"2019-08-20T08:59:42","modified_gmt":"2019-08-20T11:59:42","slug":"lamot-realiza-encontro-de-metodologias-ativas-na-ufsm-cs","status":"publish","type":"post","link":"https:\/\/www.ufsm.br\/unidades-universitarias\/cachoeira-do-sul\/2019\/08\/20\/lamot-realiza-encontro-de-metodologias-ativas-na-ufsm-cs","title":{"rendered":"Encontro de Metodologias Ativas \u00e9 realizado na UFSM-CS"},"content":{"rendered":"\n<p style=\"text-align: justify\">Na tarde da \u00faltima quarta-feira (14), foi realizado, na UFSM &#8211; Campus Cachoeira do Sul, o <strong>Encontro de Metodologias Ativas de Ensino: an\u00e1lise do perfil dos alunos da UFSM-CS<\/strong>. O Encontro, direcionado a docentes e t\u00e9cnicos de laborat\u00f3rio, faz parte das atividades do projeto de ensino &#8220;<em>Project-based learning<\/em> &#8211; Desenvolvimento de atividades pr\u00e1ticas em ambiente l\u00fadico\/real\/did\u00e1tico (PBL)&#8221;.\u00a0<\/p>\n<p style=\"text-align: justify\">Durante o evento, os docentes Alejandro Ruiz Padillo e Carmen Brum Rosa e os acad\u00eamicos Let\u00edcia Oestreich e Vagner Stefanello, pesquisadores do Laborat\u00f3rio de Mobilidade e Log\u00edstica (LAMOT), apresentaram alguns dados e conceitos gerais sobre as metodologias ativas no ensino\/aprendizagem e sua import\u00e2ncia para cursos de gradua\u00e7\u00e3o, especialmente de tipo t\u00e9cnico e tecnol\u00f3gico, como s\u00e3o as Engenharias e a Arquitetura e Urbanismo, cursos ministrados no campus de Cachoeira do Sul.\u00a0<\/p>\n<figure id=\"attachment_2244\" aria-describedby=\"caption-attachment-2244\" style=\"width: 500px\" class=\"wp-caption aligncenter\"><img fetchpriority=\"high\" decoding=\"async\" class=\"wp-image-2244\" src=\"https:\/\/www.ufsm.br\/unidades-universitarias\/cachoeira-do-sul\/wp-content\/uploads\/sites\/376\/2019\/08\/IMG_4810-300x200.jpg\" alt=\"\" width=\"500\" height=\"333\" srcset=\"https:\/\/www.ufsm.br\/app\/uploads\/sites\/376\/2019\/08\/IMG_4810-300x200.jpg 300w, https:\/\/www.ufsm.br\/app\/uploads\/sites\/376\/2019\/08\/IMG_4810-768x512.jpg 768w, https:\/\/www.ufsm.br\/app\/uploads\/sites\/376\/2019\/08\/IMG_4810-1024x683.jpg 1024w, https:\/\/www.ufsm.br\/app\/uploads\/sites\/376\/2019\/08\/IMG_4810-272x182.jpg 272w, https:\/\/www.ufsm.br\/app\/uploads\/sites\/376\/2019\/08\/IMG_4810.jpg 1920w\" sizes=\"(max-width: 500px) 100vw, 500px\" \/><figcaption id=\"caption-attachment-2244\" class=\"wp-caption-text\">Pesquisadores do LAMOT apresentando as metodologias ativas referentes ao projeto de ensino PBL.<\/figcaption><\/figure>\n<p style=\"text-align: justify\">Para exemplificar essas metodologias e suas diferentes abordagens, foram apresentadas algumas experi\u00eancias desenvolvidas em diversas disciplinas dos cinco cursos do campus, como sala de aula invertida, resolu\u00e7\u00e3o de problemas, atividades pr\u00e1ticas em ambiente real, trabalhos em equipe, utiliza\u00e7\u00e3o de softwares e equipamentos espec\u00edficos, atividades l\u00fadicas, entre outras. Professores respons\u00e1veis pelas disciplinas que estavam presentes no encontro relataram em detalhes suas experi\u00eancias e os resultados obtidos junto \u00e0s turmas envolvidas.<\/p>\n<figure id=\"attachment_2247\" aria-describedby=\"caption-attachment-2247\" style=\"width: 500px\" class=\"wp-caption aligncenter\"><img decoding=\"async\" class=\"wp-image-2247\" src=\"https:\/\/www.ufsm.br\/unidades-universitarias\/cachoeira-do-sul\/wp-content\/uploads\/sites\/376\/2019\/08\/IMG_4834-300x200.jpg\" alt=\"\" width=\"500\" height=\"333\" srcset=\"https:\/\/www.ufsm.br\/app\/uploads\/sites\/376\/2019\/08\/IMG_4834-300x200.jpg 300w, https:\/\/www.ufsm.br\/app\/uploads\/sites\/376\/2019\/08\/IMG_4834-768x512.jpg 768w, https:\/\/www.ufsm.br\/app\/uploads\/sites\/376\/2019\/08\/IMG_4834-1024x683.jpg 1024w, https:\/\/www.ufsm.br\/app\/uploads\/sites\/376\/2019\/08\/IMG_4834-272x182.jpg 272w, https:\/\/www.ufsm.br\/app\/uploads\/sites\/376\/2019\/08\/IMG_4834.jpg 1920w\" sizes=\"(max-width: 500px) 100vw, 500px\" \/><figcaption id=\"caption-attachment-2247\" class=\"wp-caption-text\">Diversos professores de diferentes cursos na apresenta\u00e7\u00e3o das metodologias ativas referente ao projeto de ensino PBL.<\/figcaption><\/figure>\n<figure id=\"attachment_2245\" aria-describedby=\"caption-attachment-2245\" style=\"width: 350px\" class=\"wp-caption alignright\"><img decoding=\"async\" class=\"wp-image-2245\" src=\"https:\/\/www.ufsm.br\/unidades-universitarias\/cachoeira-do-sul\/wp-content\/uploads\/sites\/376\/2019\/08\/IMG_4820-300x200.jpg\" alt=\"\" width=\"350\" height=\"233\" srcset=\"https:\/\/www.ufsm.br\/app\/uploads\/sites\/376\/2019\/08\/IMG_4820-300x200.jpg 300w, https:\/\/www.ufsm.br\/app\/uploads\/sites\/376\/2019\/08\/IMG_4820-768x512.jpg 768w, https:\/\/www.ufsm.br\/app\/uploads\/sites\/376\/2019\/08\/IMG_4820-1024x683.jpg 1024w, https:\/\/www.ufsm.br\/app\/uploads\/sites\/376\/2019\/08\/IMG_4820-272x182.jpg 272w, https:\/\/www.ufsm.br\/app\/uploads\/sites\/376\/2019\/08\/IMG_4820.jpg 1920w\" sizes=\"(max-width: 350px) 100vw, 350px\" \/><figcaption id=\"caption-attachment-2245\" class=\"wp-caption-text\">Professora Carmen Rosa e a acad\u00eamica Let\u00edcia Oestreich, durante a apresenta\u00e7\u00e3o.<\/figcaption><\/figure>\n<p style=\"text-align: justify\">Na sequ\u00eancia, sempre contando com a participa\u00e7\u00e3o e debate dos presentes, os pesquisadores apresentaram uma an\u00e1lise do perfil dos alunos da UFSM-CS. Este perfil foi delineado a partir de uma modelagem matem\u00e1tica das respostas an\u00f4nimas dos pr\u00f3prios alunos participantes dessas e outras experi\u00eancias de metodologias ativas no campus no ano de 2018. Esse perfil alcan\u00e7ou detalhes sobre caracteriza\u00e7\u00e3o dos alunos do campus, suas expectativas sobre essas metodologias e percep\u00e7\u00f5es sobre aspectos como trabalhos em grupo, lideran\u00e7a, participa\u00e7\u00e3o, busca de informa\u00e7\u00f5es para estudo, relacionamento com os colegas, estilos de aprendizado predominantes, entre outros. Os resultados tamb\u00e9m permitiram mostrar a exist\u00eancias de cinco grupos de alunos, segundo seu perfil em rela\u00e7\u00e3o \u00e0s metodologias ativas.<\/p>\n<p style=\"text-align: justify\">\u00a0<\/p>\n<figure id=\"attachment_2246\" aria-describedby=\"caption-attachment-2246\" style=\"width: 350px\" class=\"wp-caption alignleft\"><img loading=\"lazy\" decoding=\"async\" class=\"wp-image-2246\" src=\"https:\/\/www.ufsm.br\/unidades-universitarias\/cachoeira-do-sul\/wp-content\/uploads\/sites\/376\/2019\/08\/IMG_4821-300x200.jpg\" alt=\"\" width=\"350\" height=\"233\" srcset=\"https:\/\/www.ufsm.br\/app\/uploads\/sites\/376\/2019\/08\/IMG_4821-300x200.jpg 300w, https:\/\/www.ufsm.br\/app\/uploads\/sites\/376\/2019\/08\/IMG_4821-768x512.jpg 768w, https:\/\/www.ufsm.br\/app\/uploads\/sites\/376\/2019\/08\/IMG_4821-1024x683.jpg 1024w, https:\/\/www.ufsm.br\/app\/uploads\/sites\/376\/2019\/08\/IMG_4821-272x182.jpg 272w, https:\/\/www.ufsm.br\/app\/uploads\/sites\/376\/2019\/08\/IMG_4821.jpg 1920w\" sizes=\"(max-width: 350px) 100vw, 350px\" \/><figcaption id=\"caption-attachment-2246\" class=\"wp-caption-text\">Acad\u00eamico Vagner Stefanello e o Professor Alejandro Padillo.<\/figcaption><\/figure>\n<p style=\"text-align: justify\">Segundo o professor Alejandro Ruiz Padillo, as conclus\u00f5es obtidas com esse trabalho podem auxiliar no planejamento de disciplinas que objetivam a aplica\u00e7\u00e3o de metodologias ativas para o aprendizado dos alunos, uma vez que os resultados se mostraram satisfat\u00f3rios.\u00a0 &#8220;Dessa forma, acredita-se que a aplica\u00e7\u00e3o de metodologias ativas pode aumentar a motiva\u00e7\u00e3o dos estudantes e reduzir os \u00edndices de evas\u00e3o em cursos de cunho t\u00e9cnico e cient\u00edfico&#8221;, acrescenta o docente.<\/p>\n<p>\u00a0<\/p>\n<p><em>Fotos: N\u00facleo de Divulga\u00e7\u00e3o Institucional da UFSM-CS<\/em><\/p>\n","protected":false},"excerpt":{"rendered":"<p>Na tarde da \u00faltima quarta-feira (14), foi realizado, na UFSM &#8211; Campus Cachoeira do Sul, o Encontro de Metodologias Ativas de Ensino: an\u00e1lise do perfil dos alunos da UFSM-CS. O Encontro, direcionado a docentes e t\u00e9cnicos de laborat\u00f3rio, faz parte das atividades do projeto de ensino &#8220;Project-based learning &#8211; Desenvolvimento de atividades pr\u00e1ticas em ambiente [&hellip;]<\/p>\n","protected":false},"author":293,"featured_media":2248,"comment_status":"closed","ping_status":"closed","sticky":false,"template":"","format":"standard","meta":{"footnotes":""},"categories":[21,1],"tags":[],"class_list":["post-2243","post","type-post","status-publish","format-standard","has-post-thumbnail","hentry","category-banner","category-noticias"],"acf":[],"_links":{"self":[{"href":"https:\/\/www.ufsm.br\/unidades-universitarias\/cachoeira-do-sul\/wp-json\/wp\/v2\/posts\/2243","targetHints":{"allow":["GET"]}}],"collection":[{"href":"https:\/\/www.ufsm.br\/unidades-universitarias\/cachoeira-do-sul\/wp-json\/wp\/v2\/posts"}],"about":[{"href":"https:\/\/www.ufsm.br\/unidades-universitarias\/cachoeira-do-sul\/wp-json\/wp\/v2\/types\/post"}],"author":[{"embeddable":true,"href":"https:\/\/www.ufsm.br\/unidades-universitarias\/cachoeira-do-sul\/wp-json\/wp\/v2\/users\/293"}],"replies":[{"embeddable":true,"href":"https:\/\/www.ufsm.br\/unidades-universitarias\/cachoeira-do-sul\/wp-json\/wp\/v2\/comments?post=2243"}],"version-history":[{"count":0,"href":"https:\/\/www.ufsm.br\/unidades-universitarias\/cachoeira-do-sul\/wp-json\/wp\/v2\/posts\/2243\/revisions"}],"wp:featuredmedia":[{"embeddable":true,"href":"https:\/\/www.ufsm.br\/unidades-universitarias\/cachoeira-do-sul\/wp-json\/wp\/v2\/media\/2248"}],"wp:attachment":[{"href":"https:\/\/www.ufsm.br\/unidades-universitarias\/cachoeira-do-sul\/wp-json\/wp\/v2\/media?parent=2243"}],"wp:term":[{"taxonomy":"category","embeddable":true,"href":"https:\/\/www.ufsm.br\/unidades-universitarias\/cachoeira-do-sul\/wp-json\/wp\/v2\/categories?post=2243"},{"taxonomy":"post_tag","embeddable":true,"href":"https:\/\/www.ufsm.br\/unidades-universitarias\/cachoeira-do-sul\/wp-json\/wp\/v2\/tags?post=2243"}],"curies":[{"name":"wp","href":"https:\/\/api.w.org\/{rel}","templated":true}]}}