{"id":2299,"date":"2019-09-17T14:42:35","date_gmt":"2019-09-17T17:42:35","guid":{"rendered":"https:\/\/www.ufsm.br\/unidades-universitarias\/cachoeira-do-sul\/?p=2299"},"modified":"2019-09-17T14:54:05","modified_gmt":"2019-09-17T17:54:05","slug":"estudantes-participaram-de-bate-papo-sobre-a-pressao-academica","status":"publish","type":"post","link":"https:\/\/www.ufsm.br\/unidades-universitarias\/cachoeira-do-sul\/2019\/09\/17\/estudantes-participaram-de-bate-papo-sobre-a-pressao-academica","title":{"rendered":"Estudantes participaram de bate-papo sobre a press\u00e3o acad\u00eamica"},"content":{"rendered":"\n<p style=\"text-align: justify\">O estresse vivido no meio universit\u00e1rio foi assunto de um bate-papo ocorrido no final da tarde desta segunda-feira, 16 de setembro, no audit\u00f3rio do campus da UFSM de Cachoeira do Sul.\u00a0 A conversa com os acad\u00eamicos foi conduzida pela professora e coach Eliane Pereira da Silveira.<\/p>\n<p>\u00a0<\/p>\n<p><img fetchpriority=\"high\" decoding=\"async\" class=\"aligncenter wp-image-2300\" src=\"https:\/\/www.ufsm.br\/unidades-universitarias\/cachoeira-do-sul\/wp-content\/uploads\/sites\/376\/2019\/09\/fotos-bate-papo-pressao-300x225.jpeg\" alt=\"\" width=\"500\" height=\"375\" srcset=\"https:\/\/www.ufsm.br\/app\/uploads\/sites\/376\/2019\/09\/fotos-bate-papo-pressao-300x225.jpeg 300w, https:\/\/www.ufsm.br\/app\/uploads\/sites\/376\/2019\/09\/fotos-bate-papo-pressao-768x576.jpeg 768w, https:\/\/www.ufsm.br\/app\/uploads\/sites\/376\/2019\/09\/fotos-bate-papo-pressao-1024x768.jpeg 1024w, https:\/\/www.ufsm.br\/app\/uploads\/sites\/376\/2019\/09\/fotos-bate-papo-pressao.jpeg 1280w\" sizes=\"(max-width: 500px) 100vw, 500px\" \/><\/p>\n<p>\u00a0<\/p>\n<p style=\"text-align: justify\">Estrat\u00e9gias como organiza\u00e7\u00e3o do tempo e ado\u00e7\u00e3o de h\u00e1bitos de vida saud\u00e1veis foram algumas das ferramentas elencadas por Eliane para ajudar a lidar com a press\u00e3o na gradua\u00e7\u00e3o.\u00a0 O encontro foi organizado pelos N\u00facleo de Apoio Pedag\u00f3gico e N\u00facleo de Assist\u00eancia Estudantil, como atividade do Setembro Amarelo, pela valoriza\u00e7\u00e3o da vida e preven\u00e7\u00e3o do suic\u00eddio.<\/p>\n","protected":false},"excerpt":{"rendered":"<p>O estresse vivido no meio universit\u00e1rio foi assunto de um bate-papo ocorrido no final da tarde desta segunda-feira, 16 de setembro, no audit\u00f3rio do campus da UFSM de Cachoeira do Sul.\u00a0 A conversa com os acad\u00eamicos foi conduzida pela professora e coach Eliane Pereira da Silveira. \u00a0 \u00a0 Estrat\u00e9gias como organiza\u00e7\u00e3o do tempo e ado\u00e7\u00e3o [&hellip;]<\/p>\n","protected":false},"author":293,"featured_media":2302,"comment_status":"closed","ping_status":"closed","sticky":false,"template":"","format":"standard","meta":{"footnotes":""},"categories":[21,1],"tags":[],"class_list":["post-2299","post","type-post","status-publish","format-standard","has-post-thumbnail","hentry","category-banner","category-noticias"],"acf":[],"_links":{"self":[{"href":"https:\/\/www.ufsm.br\/unidades-universitarias\/cachoeira-do-sul\/wp-json\/wp\/v2\/posts\/2299","targetHints":{"allow":["GET"]}}],"collection":[{"href":"https:\/\/www.ufsm.br\/unidades-universitarias\/cachoeira-do-sul\/wp-json\/wp\/v2\/posts"}],"about":[{"href":"https:\/\/www.ufsm.br\/unidades-universitarias\/cachoeira-do-sul\/wp-json\/wp\/v2\/types\/post"}],"author":[{"embeddable":true,"href":"https:\/\/www.ufsm.br\/unidades-universitarias\/cachoeira-do-sul\/wp-json\/wp\/v2\/users\/293"}],"replies":[{"embeddable":true,"href":"https:\/\/www.ufsm.br\/unidades-universitarias\/cachoeira-do-sul\/wp-json\/wp\/v2\/comments?post=2299"}],"version-history":[{"count":0,"href":"https:\/\/www.ufsm.br\/unidades-universitarias\/cachoeira-do-sul\/wp-json\/wp\/v2\/posts\/2299\/revisions"}],"wp:featuredmedia":[{"embeddable":true,"href":"https:\/\/www.ufsm.br\/unidades-universitarias\/cachoeira-do-sul\/wp-json\/wp\/v2\/media\/2302"}],"wp:attachment":[{"href":"https:\/\/www.ufsm.br\/unidades-universitarias\/cachoeira-do-sul\/wp-json\/wp\/v2\/media?parent=2299"}],"wp:term":[{"taxonomy":"category","embeddable":true,"href":"https:\/\/www.ufsm.br\/unidades-universitarias\/cachoeira-do-sul\/wp-json\/wp\/v2\/categories?post=2299"},{"taxonomy":"post_tag","embeddable":true,"href":"https:\/\/www.ufsm.br\/unidades-universitarias\/cachoeira-do-sul\/wp-json\/wp\/v2\/tags?post=2299"}],"curies":[{"name":"wp","href":"https:\/\/api.w.org\/{rel}","templated":true}]}}