{"id":2303,"date":"2019-09-19T15:51:13","date_gmt":"2019-09-19T18:51:13","guid":{"rendered":"https:\/\/www.ufsm.br\/unidades-universitarias\/cachoeira-do-sul\/?p=2303"},"modified":"2019-09-19T15:51:15","modified_gmt":"2019-09-19T18:51:15","slug":"orquestra-sinfonica-de-santa-maria-se-apresenta-em-cachoeira-do-sul","status":"publish","type":"post","link":"https:\/\/www.ufsm.br\/unidades-universitarias\/cachoeira-do-sul\/2019\/09\/19\/orquestra-sinfonica-de-santa-maria-se-apresenta-em-cachoeira-do-sul","title":{"rendered":"Orquestra Sinf\u00f4nica de Santa Maria se apresenta em Cachoeira do Sul"},"content":{"rendered":"\n<p style=\"text-align: justify\">Na noite do \u00faltimo s\u00e1bado (14), a Orquestra Sinf\u00f4nica de Santa Maria se apresentou em Cachoeira do Sul. Regido pelo maestro Jo\u00e3o Batista Sartor, o grupo de m\u00fasicos encantou o p\u00fablico que compareceu ao evento.<\/p>\n<p style=\"text-align: justify\">\u00a0<\/p>\n<p style=\"text-align: justify\"><img fetchpriority=\"high\" decoding=\"async\" class=\"aligncenter wp-image-2304\" src=\"https:\/\/www.ufsm.br\/unidades-universitarias\/cachoeira-do-sul\/wp-content\/uploads\/sites\/376\/2019\/09\/IMG_5204-300x200.jpg\" alt=\"\" width=\"500\" height=\"333\" srcset=\"https:\/\/www.ufsm.br\/app\/uploads\/sites\/376\/2019\/09\/IMG_5204-300x200.jpg 300w, https:\/\/www.ufsm.br\/app\/uploads\/sites\/376\/2019\/09\/IMG_5204-768x512.jpg 768w, https:\/\/www.ufsm.br\/app\/uploads\/sites\/376\/2019\/09\/IMG_5204-1024x683.jpg 1024w, https:\/\/www.ufsm.br\/app\/uploads\/sites\/376\/2019\/09\/IMG_5204-272x182.jpg 272w, https:\/\/www.ufsm.br\/app\/uploads\/sites\/376\/2019\/09\/IMG_5204.jpg 1920w\" sizes=\"(max-width: 500px) 100vw, 500px\" \/><\/p>\n<p style=\"text-align: justify\">A apresenta\u00e7\u00e3o gratuita ocorreu na Sociedade Rio Branco e faz parte das comemora\u00e7\u00f5es dos 5 anos do Campus da UFSM em Cachoeira do Sul. Dentro desta programa\u00e7\u00e3o tamb\u00e9m ser\u00e1 realizada uma apresenta\u00e7\u00e3o do Coral na UFSM no dia 30 de novembro, na Par\u00f3quia Santo Ant\u00f4nio.<\/p>\n<p>\u00a0<\/p>\n<p>\u00a0<\/p>\n<p>\u00a0<\/p>\n<p>\u00a0<\/p>\n<p>\u00a0<\/p>\n<p>\u00a0<\/p>\n<p>\u00a0<\/p>\n<p>\u00a0<\/p>\n<p>\u00a0<\/p>\n","protected":false},"excerpt":{"rendered":"<p>Na noite do \u00faltimo s\u00e1bado (14), a Orquestra Sinf\u00f4nica de Santa Maria se apresentou em Cachoeira do Sul. Regido pelo maestro Jo\u00e3o Batista Sartor, o grupo de m\u00fasicos encantou o p\u00fablico que compareceu ao evento. \u00a0 A apresenta\u00e7\u00e3o gratuita ocorreu na Sociedade Rio Branco e faz parte das comemora\u00e7\u00f5es dos 5 anos do Campus da [&hellip;]<\/p>\n","protected":false},"author":293,"featured_media":2306,"comment_status":"closed","ping_status":"closed","sticky":false,"template":"","format":"standard","meta":{"footnotes":""},"categories":[21,1],"tags":[],"class_list":["post-2303","post","type-post","status-publish","format-standard","has-post-thumbnail","hentry","category-banner","category-noticias"],"acf":[],"_links":{"self":[{"href":"https:\/\/www.ufsm.br\/unidades-universitarias\/cachoeira-do-sul\/wp-json\/wp\/v2\/posts\/2303","targetHints":{"allow":["GET"]}}],"collection":[{"href":"https:\/\/www.ufsm.br\/unidades-universitarias\/cachoeira-do-sul\/wp-json\/wp\/v2\/posts"}],"about":[{"href":"https:\/\/www.ufsm.br\/unidades-universitarias\/cachoeira-do-sul\/wp-json\/wp\/v2\/types\/post"}],"author":[{"embeddable":true,"href":"https:\/\/www.ufsm.br\/unidades-universitarias\/cachoeira-do-sul\/wp-json\/wp\/v2\/users\/293"}],"replies":[{"embeddable":true,"href":"https:\/\/www.ufsm.br\/unidades-universitarias\/cachoeira-do-sul\/wp-json\/wp\/v2\/comments?post=2303"}],"version-history":[{"count":0,"href":"https:\/\/www.ufsm.br\/unidades-universitarias\/cachoeira-do-sul\/wp-json\/wp\/v2\/posts\/2303\/revisions"}],"wp:featuredmedia":[{"embeddable":true,"href":"https:\/\/www.ufsm.br\/unidades-universitarias\/cachoeira-do-sul\/wp-json\/wp\/v2\/media\/2306"}],"wp:attachment":[{"href":"https:\/\/www.ufsm.br\/unidades-universitarias\/cachoeira-do-sul\/wp-json\/wp\/v2\/media?parent=2303"}],"wp:term":[{"taxonomy":"category","embeddable":true,"href":"https:\/\/www.ufsm.br\/unidades-universitarias\/cachoeira-do-sul\/wp-json\/wp\/v2\/categories?post=2303"},{"taxonomy":"post_tag","embeddable":true,"href":"https:\/\/www.ufsm.br\/unidades-universitarias\/cachoeira-do-sul\/wp-json\/wp\/v2\/tags?post=2303"}],"curies":[{"name":"wp","href":"https:\/\/api.w.org\/{rel}","templated":true}]}}