{"id":2354,"date":"2019-10-15T09:39:20","date_gmt":"2019-10-15T12:39:20","guid":{"rendered":"https:\/\/www.ufsm.br\/unidades-universitarias\/cachoeira-do-sul\/?p=2354"},"modified":"2019-10-15T09:39:22","modified_gmt":"2019-10-15T12:39:22","slug":"1o-pedala-kids-traz-atividades-ludicas-e-brincadeiras-para-a-pracinha-da-soares","status":"publish","type":"post","link":"https:\/\/www.ufsm.br\/unidades-universitarias\/cachoeira-do-sul\/2019\/10\/15\/1o-pedala-kids-traz-atividades-ludicas-e-brincadeiras-para-a-pracinha-da-soares","title":{"rendered":"1\u00ba Pedala Kids traz atividades l\u00fadicas e brincadeiras para a Pracinha da Soares"},"content":{"rendered":"\n<p style=\"text-align: justify\"><img fetchpriority=\"high\" decoding=\"async\" class=\"aligncenter wp-image-2355\" src=\"https:\/\/www.ufsm.br\/unidades-universitarias\/cachoeira-do-sul\/wp-content\/uploads\/sites\/376\/2019\/10\/Divulga\u00e7\u00e3o-1\u00ba-Pedala-Kids-300x225.jpg\" alt=\"\" width=\"500\" height=\"375\" srcset=\"https:\/\/www.ufsm.br\/app\/uploads\/sites\/376\/2019\/10\/Divulga\u00e7\u00e3o-1\u00ba-Pedala-Kids-300x225.jpg 300w, https:\/\/www.ufsm.br\/app\/uploads\/sites\/376\/2019\/10\/Divulga\u00e7\u00e3o-1\u00ba-Pedala-Kids-768x576.jpg 768w, https:\/\/www.ufsm.br\/app\/uploads\/sites\/376\/2019\/10\/Divulga\u00e7\u00e3o-1\u00ba-Pedala-Kids.jpg 960w\" sizes=\"(max-width: 500px) 100vw, 500px\" \/><\/p>\n<p style=\"text-align: justify\">No pr\u00f3ximo domingo (20), entre \u00e0s 14h30min e 18h30min, a Pracinha da Soares, em Cachoeira do Sul, ser\u00e1 palco de atividades l\u00fadicas e brincadeiras, nas quais a bicicleta ser\u00e1 o meio para a divers\u00e3o. Esta ser\u00e1 a 1\u00aa edi\u00e7\u00e3o do Pedala Kids, um evento p\u00fablico e gratuito destinado a toda comunidade cachoeirense. As atividades s\u00e3o voltadas para crian\u00e7as a partir de 2 anos.<\/p>\n<p style=\"text-align: justify\">O Projeto de Extens\u00e3o Pedala Kids, desenvolvido por professores e acad\u00eamicos da UFSM-CS, tem o objetivo de promover a intera\u00e7\u00e3o de crian\u00e7as com a mobilidade e o espa\u00e7o urbano de forma a contribuir para a sua forma\u00e7\u00e3o cidad\u00e3. A ideia do evento \u00e9, atrav\u00e9s de atividades l\u00fadicas baseadas no uso da bicicleta, dialogar sobre o conv\u00edvio no espa\u00e7o urbano, sobre as op\u00e7\u00f5es de mobilidade atuais e sobre as que se desejam para o futuro de Cachoeira do Sul.<\/p>\n<p style=\"text-align: justify\">Segundo a coordenadora do Projeto, Profa. Brenda Pereira, apesar de estarem com sua forma\u00e7\u00e3o cognitiva em desenvolvimento, as crian\u00e7as possuem grande sensibilidade para quest\u00f5es do ambiente em que se inserem. &#8220;Caminhar e brincar pelas ruas estimula o sentido de pertencimento da crian\u00e7a, facilitando a cria\u00e7\u00e3o de um mapa mental sobre quest\u00f5es urban\u00edsticas, indo al\u00e9m do conhecimento de vias e parques pr\u00f3ximos a sua resid\u00eancia&#8221;, complementa a professora. Assim, ao trazer as crian\u00e7as e, por consequ\u00eancia, os adultos que as cercam &#8211; pais, professores, familiares e amigos -, pode se ampliar o di\u00e1logo sobre o desenvolvimento sustent\u00e1vel atrav\u00e9s do uso recreativo da bicicleta.<\/p>\n<p>\u00a0<\/p>\n","protected":false},"excerpt":{"rendered":"<p>No pr\u00f3ximo domingo (20), entre \u00e0s 14h30min e 18h30min, a Pracinha da Soares, em Cachoeira do Sul, ser\u00e1 palco de atividades l\u00fadicas e brincadeiras, nas quais a bicicleta ser\u00e1 o meio para a divers\u00e3o. Esta ser\u00e1 a 1\u00aa edi\u00e7\u00e3o do Pedala Kids, um evento p\u00fablico e gratuito destinado a toda comunidade cachoeirense. As atividades s\u00e3o [&hellip;]<\/p>\n","protected":false},"author":293,"featured_media":2356,"comment_status":"closed","ping_status":"closed","sticky":false,"template":"","format":"standard","meta":{"footnotes":""},"categories":[21,1],"tags":[],"class_list":["post-2354","post","type-post","status-publish","format-standard","has-post-thumbnail","hentry","category-banner","category-noticias"],"acf":[],"_links":{"self":[{"href":"https:\/\/www.ufsm.br\/unidades-universitarias\/cachoeira-do-sul\/wp-json\/wp\/v2\/posts\/2354","targetHints":{"allow":["GET"]}}],"collection":[{"href":"https:\/\/www.ufsm.br\/unidades-universitarias\/cachoeira-do-sul\/wp-json\/wp\/v2\/posts"}],"about":[{"href":"https:\/\/www.ufsm.br\/unidades-universitarias\/cachoeira-do-sul\/wp-json\/wp\/v2\/types\/post"}],"author":[{"embeddable":true,"href":"https:\/\/www.ufsm.br\/unidades-universitarias\/cachoeira-do-sul\/wp-json\/wp\/v2\/users\/293"}],"replies":[{"embeddable":true,"href":"https:\/\/www.ufsm.br\/unidades-universitarias\/cachoeira-do-sul\/wp-json\/wp\/v2\/comments?post=2354"}],"version-history":[{"count":0,"href":"https:\/\/www.ufsm.br\/unidades-universitarias\/cachoeira-do-sul\/wp-json\/wp\/v2\/posts\/2354\/revisions"}],"wp:featuredmedia":[{"embeddable":true,"href":"https:\/\/www.ufsm.br\/unidades-universitarias\/cachoeira-do-sul\/wp-json\/wp\/v2\/media\/2356"}],"wp:attachment":[{"href":"https:\/\/www.ufsm.br\/unidades-universitarias\/cachoeira-do-sul\/wp-json\/wp\/v2\/media?parent=2354"}],"wp:term":[{"taxonomy":"category","embeddable":true,"href":"https:\/\/www.ufsm.br\/unidades-universitarias\/cachoeira-do-sul\/wp-json\/wp\/v2\/categories?post=2354"},{"taxonomy":"post_tag","embeddable":true,"href":"https:\/\/www.ufsm.br\/unidades-universitarias\/cachoeira-do-sul\/wp-json\/wp\/v2\/tags?post=2354"}],"curies":[{"name":"wp","href":"https:\/\/api.w.org\/{rel}","templated":true}]}}