{"id":2425,"date":"2019-12-23T08:39:43","date_gmt":"2019-12-23T11:39:43","guid":{"rendered":"https:\/\/www.ufsm.br\/unidades-universitarias\/cachoeira-do-sul\/?p=2425"},"modified":"2019-12-23T08:39:46","modified_gmt":"2019-12-23T11:39:46","slug":"ufsm-cs-termina-o-ano-com-diversas-conquistas","status":"publish","type":"post","link":"https:\/\/www.ufsm.br\/unidades-universitarias\/cachoeira-do-sul\/2019\/12\/23\/ufsm-cs-termina-o-ano-com-diversas-conquistas","title":{"rendered":"UFSM-CS termina o ano com diversas conquistas"},"content":{"rendered":"\n<p style=\"text-align: justify\">A UFSM &#8211; Cachoeira do Sul est\u00e1 finalizando mais um ano de atua\u00e7\u00e3o. Em 2019, aconteceram eventos memor\u00e1veis, como o in\u00edcio das atividades no campus do Passo d&#8217;Areia e a primeira formatura.\u00a0 O campus Cachoeira do Sul fechou o ano de 2019 com 844 alunos regularmente matriculados. Entre eles, cerca de 40 recebem aux\u00edlio moradia para conseguirem manter seus estudos na cidade, al\u00e9m de aux\u00edlio alimenta\u00e7\u00e3o e aux\u00edlio transporte. Ainda foram desenvolvidos mais de 160 projetos no campus, entre pesquisa, ensino e extens\u00e3o.\u00a0<\/p>\n<p style=\"text-align: justify\">Os projetos de extens\u00e3o deste ano no campus Cachoeira do Sul, aqueles voltados diretamente \u00e0 comunidade externa, acrescentaram diversas parcerias da UFSM com Institui\u00e7\u00f5es locais.<\/p>\n<p style=\"text-align: justify\">O projeto Pedala Kids, desenvolvido em parceria com a Prefeitura e com escolas do Munic\u00edpio, trouxe a intera\u00e7\u00e3o das crian\u00e7as com a mobilidade e o espa\u00e7o urbano, atrav\u00e9s de atividades l\u00fadicas e pr\u00e1ticas com base no uso de bicicletas. Ainda com a Prefeitura, de forma colaborativa, o campus produziu o Plano de Mobilidade Urbana de Cachoeira do Sul, al\u00e9m de consultorias e apoio t\u00e9cnico nas quest\u00f5es de tr\u00e1fego e planejamento urbano.<\/p>\n<p><img fetchpriority=\"high\" decoding=\"async\" class=\"aligncenter wp-image-2428\" src=\"https:\/\/www.ufsm.br\/unidades-universitarias\/cachoeira-do-sul\/wp-content\/uploads\/sites\/376\/2019\/12\/IMG_5349-300x200.jpg\" alt=\"\" width=\"500\" height=\"333\" srcset=\"https:\/\/www.ufsm.br\/app\/uploads\/sites\/376\/2019\/12\/IMG_5349-300x200.jpg 300w, https:\/\/www.ufsm.br\/app\/uploads\/sites\/376\/2019\/12\/IMG_5349-1024x683.jpg 1024w, https:\/\/www.ufsm.br\/app\/uploads\/sites\/376\/2019\/12\/IMG_5349-768x512.jpg 768w, https:\/\/www.ufsm.br\/app\/uploads\/sites\/376\/2019\/12\/IMG_5349-1536x1024.jpg 1536w, https:\/\/www.ufsm.br\/app\/uploads\/sites\/376\/2019\/12\/IMG_5349-272x182.jpg 272w, https:\/\/www.ufsm.br\/app\/uploads\/sites\/376\/2019\/12\/IMG_5349.jpg 1920w\" sizes=\"(max-width: 500px) 100vw, 500px\" \/>\u00a0\u00a0 \u00a0<\/p>\n<p style=\"text-align: justify\">Neste ano, tamb\u00e9m foi iniciado o projeto de revitaliza\u00e7\u00e3o do kart\u00f3dromo de Cachoeira do Sul, no qual a Prefeitura ir\u00e1 revitalizar o espa\u00e7o com o apoio da UFSM-CS e de diversas entidades cachoeirenses. Em dezembro, houve mais uma parceria com o Munic\u00edpio que rendeu um evento com carrinhos de rolim\u00e3. O &#8220;Descida rumo ao resgate da inf\u00e2ncia&#8221; foi um evento promovido pela Secretaria Municipal de Desportos, com apoio da UFSM-CS.<\/p>\n<p style=\"text-align: justify\">O projeto Horta Viva na Escola, que j\u00e1 vem levando hortas para o ambiente escolar, n\u00e3o s\u00f3 em Cachoeira do Sul, como em cidades da regi\u00e3o, tamb\u00e9m leva para as escolas informa\u00e7\u00f5es sobre o preparo das hortas, seu manejo e manuten\u00e7\u00e3o. O projeto Pra\u00e7a Viva, que completou tr\u00eas anos em 2019, tamb\u00e9m continuou realizando suas edi\u00e7\u00f5es e levando a popula\u00e7\u00e3o a ocupar espa\u00e7os esquecidos para atividades de lazer.<\/p>\n<p><img decoding=\"async\" class=\"aligncenter wp-image-2429\" src=\"https:\/\/www.ufsm.br\/unidades-universitarias\/cachoeira-do-sul\/wp-content\/uploads\/sites\/376\/2019\/12\/IMG_4847-300x200.jpg\" alt=\"\" width=\"500\" height=\"333\" srcset=\"https:\/\/www.ufsm.br\/app\/uploads\/sites\/376\/2019\/12\/IMG_4847-300x200.jpg 300w, https:\/\/www.ufsm.br\/app\/uploads\/sites\/376\/2019\/12\/IMG_4847-1024x683.jpg 1024w, https:\/\/www.ufsm.br\/app\/uploads\/sites\/376\/2019\/12\/IMG_4847-768x512.jpg 768w, https:\/\/www.ufsm.br\/app\/uploads\/sites\/376\/2019\/12\/IMG_4847-1536x1024.jpg 1536w, https:\/\/www.ufsm.br\/app\/uploads\/sites\/376\/2019\/12\/IMG_4847-272x182.jpg 272w, https:\/\/www.ufsm.br\/app\/uploads\/sites\/376\/2019\/12\/IMG_4847.jpg 1920w\" sizes=\"(max-width: 500px) 100vw, 500px\" \/><\/p>\n<p style=\"text-align: justify\">Foi em 2019 tamb\u00e9m, que o campus Cachoeira do Sul sediou o II Congresso Nacional para Salvaguarda do Patrim\u00f4nio Cultural, que contou com cerca de 130 participantes e a presen\u00e7a de diversos profissionais de todo o Pa\u00eds. Al\u00e9m disso, foi registrada neste ano a 2\u00aa patente de inven\u00e7\u00e3o do Laborat\u00f3rio de S\u00edntese e Caracteriza\u00e7\u00e3o de Nanomateriais (LSCNano) da UFSM-CS. A patente \u00e9 de um bloco de concreto celular produzido a partir de res\u00edduos de cinza de casca de arroz e p\u00f3 de \u00c1gata, junto a nanopart\u00edculas de \u00f3xido de ferro.<\/p>\n<p style=\"text-align: justify\">E para encerrar um ano de tantas realiza\u00e7\u00f5es, a UFSM &#8211; Cachoeira do Sul foi agraciada com o pr\u00eamio &#8220;Conquista do Ano&#8221;, na Noite dos Destaques 2019, promovido pelo Grupo Vieira da Cunha, no qual institui\u00e7\u00f5es da cidade s\u00e3o reconhecidas pela sua atua\u00e7\u00e3o junto \u00e0 comunidade.<\/p>\n<p style=\"text-align: justify\"><em>\u00a0<\/em><\/p>\n<p style=\"text-align: justify\">\u00a0<\/p>\n<p style=\"text-align: justify\"><strong>A consolida\u00e7\u00e3o da UFSM &#8211; Cachoeira do Sul<\/strong><\/p>\n<p style=\"text-align: justify\">\u00a0<\/p>\n<p style=\"text-align: justify\">O ano de 2019 pode ser definido como o ano em que o campus da UFSM foi consolidado em Cachoeira do Sul.<\/p>\n<p style=\"text-align: justify\">A ocupa\u00e7\u00e3o dos primeiros pr\u00e9dios no campus definitivo no Passo d&#8217;Areia foi um marco na hist\u00f3ria da Unidade Universit\u00e1ria. Em mar\u00e7o, os alunos j\u00e1 puderam come\u00e7ar o semestre tendo aulas nos novos pr\u00e9dios, que abrigam salas de aula, laborat\u00f3rios e ateli\u00eas, al\u00e9m de uma unidade do Restaurante Universit\u00e1rio. E este foi s\u00f3 o come\u00e7o de um projeto mais extenso. Em 2020, ser\u00e3o entregues os pr\u00f3ximos pr\u00e9dios que compreendem mais dois blocos que salas de aula, quatro pr\u00e9dios de laborat\u00f3rios, uma casa administrativa e a Casa do Estudante.<\/p>\n<p style=\"text-align: justify\"><img decoding=\"async\" class=\"aligncenter wp-image-2427\" src=\"https:\/\/www.ufsm.br\/unidades-universitarias\/cachoeira-do-sul\/wp-content\/uploads\/sites\/376\/2019\/12\/IMG_8589-300x200.jpg\" alt=\"\" width=\"500\" height=\"333\" srcset=\"https:\/\/www.ufsm.br\/app\/uploads\/sites\/376\/2019\/12\/IMG_8589-300x200.jpg 300w, https:\/\/www.ufsm.br\/app\/uploads\/sites\/376\/2019\/12\/IMG_8589-1024x683.jpg 1024w, https:\/\/www.ufsm.br\/app\/uploads\/sites\/376\/2019\/12\/IMG_8589-768x512.jpg 768w, https:\/\/www.ufsm.br\/app\/uploads\/sites\/376\/2019\/12\/IMG_8589-1536x1024.jpg 1536w, https:\/\/www.ufsm.br\/app\/uploads\/sites\/376\/2019\/12\/IMG_8589-272x182.jpg 272w, https:\/\/www.ufsm.br\/app\/uploads\/sites\/376\/2019\/12\/IMG_8589.jpg 1920w\" sizes=\"(max-width: 500px) 100vw, 500px\" \/><\/p>\n<p style=\"text-align: justify\">Outro marco muito importante para a consolida\u00e7\u00e3o do campus da UFSM em Cachoeira do Sul foi a primeira solenidade de cola\u00e7\u00e3o de grau dos cursos de Engenharia Agr\u00edcola, Engenharia El\u00e9trica e Engenharia Mec\u00e2nica da UFSM-CS. Ao todo nove alunos se formaram, entrando para a hist\u00f3ria da Institui\u00e7\u00e3o com os primeiros egressos do campus. No dia 11 de janeiro de 2020, ser\u00e1 realizada a solenidade de cola\u00e7\u00e3o de grau de mais 19 alunos destes tr\u00eas cursos. Os cursos de Engenharia de Transportes e Log\u00edstica e Arquitetura e Urbanismo formar\u00e3o suas primeiras turmas no segundo semestre de 2020, por se tratarem de cursos com dura\u00e7\u00e3o de 12 semestres.<\/p>\n<p><img loading=\"lazy\" decoding=\"async\" class=\"aligncenter wp-image-2426\" src=\"https:\/\/www.ufsm.br\/unidades-universitarias\/cachoeira-do-sul\/wp-content\/uploads\/sites\/376\/2019\/12\/IMG_4341-300x200.jpg\" alt=\"\" width=\"500\" height=\"333\" srcset=\"https:\/\/www.ufsm.br\/app\/uploads\/sites\/376\/2019\/12\/IMG_4341-300x200.jpg 300w, https:\/\/www.ufsm.br\/app\/uploads\/sites\/376\/2019\/12\/IMG_4341-1024x683.jpg 1024w, https:\/\/www.ufsm.br\/app\/uploads\/sites\/376\/2019\/12\/IMG_4341-768x512.jpg 768w, https:\/\/www.ufsm.br\/app\/uploads\/sites\/376\/2019\/12\/IMG_4341-1536x1024.jpg 1536w, https:\/\/www.ufsm.br\/app\/uploads\/sites\/376\/2019\/12\/IMG_4341-272x182.jpg 272w, https:\/\/www.ufsm.br\/app\/uploads\/sites\/376\/2019\/12\/IMG_4341.jpg 1920w\" sizes=\"(max-width: 500px) 100vw, 500px\" \/><\/p>\n<p>\u00a0<\/p>\n","protected":false},"excerpt":{"rendered":"<p>A UFSM &#8211; Cachoeira do Sul est\u00e1 finalizando mais um ano de atua\u00e7\u00e3o. Em 2019, aconteceram eventos memor\u00e1veis, como o in\u00edcio das atividades no campus do Passo d&#8217;Areia e a primeira formatura.\u00a0 O campus Cachoeira do Sul fechou o ano de 2019 com 844 alunos regularmente matriculados. Entre eles, cerca de 40 recebem aux\u00edlio moradia [&hellip;]<\/p>\n","protected":false},"author":293,"featured_media":2430,"comment_status":"closed","ping_status":"closed","sticky":false,"template":"","format":"standard","meta":{"footnotes":""},"categories":[21,1],"tags":[],"class_list":["post-2425","post","type-post","status-publish","format-standard","has-post-thumbnail","hentry","category-banner","category-noticias"],"acf":[],"_links":{"self":[{"href":"https:\/\/www.ufsm.br\/unidades-universitarias\/cachoeira-do-sul\/wp-json\/wp\/v2\/posts\/2425","targetHints":{"allow":["GET"]}}],"collection":[{"href":"https:\/\/www.ufsm.br\/unidades-universitarias\/cachoeira-do-sul\/wp-json\/wp\/v2\/posts"}],"about":[{"href":"https:\/\/www.ufsm.br\/unidades-universitarias\/cachoeira-do-sul\/wp-json\/wp\/v2\/types\/post"}],"author":[{"embeddable":true,"href":"https:\/\/www.ufsm.br\/unidades-universitarias\/cachoeira-do-sul\/wp-json\/wp\/v2\/users\/293"}],"replies":[{"embeddable":true,"href":"https:\/\/www.ufsm.br\/unidades-universitarias\/cachoeira-do-sul\/wp-json\/wp\/v2\/comments?post=2425"}],"version-history":[{"count":0,"href":"https:\/\/www.ufsm.br\/unidades-universitarias\/cachoeira-do-sul\/wp-json\/wp\/v2\/posts\/2425\/revisions"}],"wp:featuredmedia":[{"embeddable":true,"href":"https:\/\/www.ufsm.br\/unidades-universitarias\/cachoeira-do-sul\/wp-json\/wp\/v2\/media\/2430"}],"wp:attachment":[{"href":"https:\/\/www.ufsm.br\/unidades-universitarias\/cachoeira-do-sul\/wp-json\/wp\/v2\/media?parent=2425"}],"wp:term":[{"taxonomy":"category","embeddable":true,"href":"https:\/\/www.ufsm.br\/unidades-universitarias\/cachoeira-do-sul\/wp-json\/wp\/v2\/categories?post=2425"},{"taxonomy":"post_tag","embeddable":true,"href":"https:\/\/www.ufsm.br\/unidades-universitarias\/cachoeira-do-sul\/wp-json\/wp\/v2\/tags?post=2425"}],"curies":[{"name":"wp","href":"https:\/\/api.w.org\/{rel}","templated":true}]}}