{"id":2433,"date":"2020-01-15T11:08:47","date_gmt":"2020-01-15T14:08:47","guid":{"rendered":"https:\/\/www.ufsm.br\/unidades-universitarias\/cachoeira-do-sul\/?p=2433"},"modified":"2020-01-15T11:09:24","modified_gmt":"2020-01-15T14:09:24","slug":"ufsm-cachoeira-do-sul-realiza-sua-segunda-formatura","status":"publish","type":"post","link":"https:\/\/www.ufsm.br\/unidades-universitarias\/cachoeira-do-sul\/2020\/01\/15\/ufsm-cachoeira-do-sul-realiza-sua-segunda-formatura","title":{"rendered":"UFSM &#8211; Cachoeira do Sul realiza sua segunda formatura"},"content":{"rendered":"\n<p style=\"text-align: justify\"><img fetchpriority=\"high\" decoding=\"async\" class=\"aligncenter wp-image-2434\" src=\"https:\/\/www.ufsm.br\/unidades-universitarias\/cachoeira-do-sul\/wp-content\/uploads\/sites\/376\/2020\/01\/IMG_9028-300x200.jpg\" alt=\"\" width=\"500\" height=\"333\" srcset=\"https:\/\/www.ufsm.br\/app\/uploads\/sites\/376\/2020\/01\/IMG_9028-300x200.jpg 300w, https:\/\/www.ufsm.br\/app\/uploads\/sites\/376\/2020\/01\/IMG_9028-1024x683.jpg 1024w, https:\/\/www.ufsm.br\/app\/uploads\/sites\/376\/2020\/01\/IMG_9028-768x512.jpg 768w, https:\/\/www.ufsm.br\/app\/uploads\/sites\/376\/2020\/01\/IMG_9028-1536x1024.jpg 1536w, https:\/\/www.ufsm.br\/app\/uploads\/sites\/376\/2020\/01\/IMG_9028-272x182.jpg 272w, https:\/\/www.ufsm.br\/app\/uploads\/sites\/376\/2020\/01\/IMG_9028.jpg 1920w\" sizes=\"(max-width: 500px) 100vw, 500px\" \/><\/p>\n<p style=\"text-align: justify\">Na noite do \u00faltimo s\u00e1bado (11), a UFSM &#8211; Campus Cachoeira do Sul realizou a solenidade de formatura da 2\u00aa Turma dos cursos de Engenharia Agr\u00edcola, Engenharia El\u00e9trica e Engenharia Mec\u00e2nica.<\/p>\n<p style=\"text-align: justify\">A solenidade ocorreu na Sal\u00e3o de Atos da Ulbra e contou com 19 formandos. Durante a cerim\u00f4nia, professores salientaram a import\u00e2ncia de uma educa\u00e7\u00e3o p\u00fablica, gratuita e de qualidade como a que vem sendo ofertada no campus da UFSM em Cachoeira do Sul. O Prof. Rog\u00e9rio Brittes, diretor do campus, lembrou ainda as parcerias estabelecidas pelo campus ao longo dos seus cinco anos de exist\u00eancia e as conquistas e os avan\u00e7os que j\u00e1 foram alcan\u00e7ados.<\/p>\n<p>Para ver mais fotos, acesse o <a href=\"https:\/\/www.facebook.com\/pg\/ufsmcs\/photos\/?tab=album&amp;album_id=2430134913906967\">\u00e1lbum no Facebook<\/a>.<\/p>\n","protected":false},"excerpt":{"rendered":"<p>Na noite do \u00faltimo s\u00e1bado (11), a UFSM &#8211; Campus Cachoeira do Sul realizou a solenidade de formatura da 2\u00aa Turma dos cursos de Engenharia Agr\u00edcola, Engenharia El\u00e9trica e Engenharia Mec\u00e2nica. A solenidade ocorreu na Sal\u00e3o de Atos da Ulbra e contou com 19 formandos. Durante a cerim\u00f4nia, professores salientaram a import\u00e2ncia de uma educa\u00e7\u00e3o [&hellip;]<\/p>\n","protected":false},"author":293,"featured_media":2435,"comment_status":"closed","ping_status":"closed","sticky":false,"template":"","format":"standard","meta":{"footnotes":""},"categories":[21,1],"tags":[],"class_list":["post-2433","post","type-post","status-publish","format-standard","has-post-thumbnail","hentry","category-banner","category-noticias"],"acf":[],"_links":{"self":[{"href":"https:\/\/www.ufsm.br\/unidades-universitarias\/cachoeira-do-sul\/wp-json\/wp\/v2\/posts\/2433","targetHints":{"allow":["GET"]}}],"collection":[{"href":"https:\/\/www.ufsm.br\/unidades-universitarias\/cachoeira-do-sul\/wp-json\/wp\/v2\/posts"}],"about":[{"href":"https:\/\/www.ufsm.br\/unidades-universitarias\/cachoeira-do-sul\/wp-json\/wp\/v2\/types\/post"}],"author":[{"embeddable":true,"href":"https:\/\/www.ufsm.br\/unidades-universitarias\/cachoeira-do-sul\/wp-json\/wp\/v2\/users\/293"}],"replies":[{"embeddable":true,"href":"https:\/\/www.ufsm.br\/unidades-universitarias\/cachoeira-do-sul\/wp-json\/wp\/v2\/comments?post=2433"}],"version-history":[{"count":0,"href":"https:\/\/www.ufsm.br\/unidades-universitarias\/cachoeira-do-sul\/wp-json\/wp\/v2\/posts\/2433\/revisions"}],"wp:featuredmedia":[{"embeddable":true,"href":"https:\/\/www.ufsm.br\/unidades-universitarias\/cachoeira-do-sul\/wp-json\/wp\/v2\/media\/2435"}],"wp:attachment":[{"href":"https:\/\/www.ufsm.br\/unidades-universitarias\/cachoeira-do-sul\/wp-json\/wp\/v2\/media?parent=2433"}],"wp:term":[{"taxonomy":"category","embeddable":true,"href":"https:\/\/www.ufsm.br\/unidades-universitarias\/cachoeira-do-sul\/wp-json\/wp\/v2\/categories?post=2433"},{"taxonomy":"post_tag","embeddable":true,"href":"https:\/\/www.ufsm.br\/unidades-universitarias\/cachoeira-do-sul\/wp-json\/wp\/v2\/tags?post=2433"}],"curies":[{"name":"wp","href":"https:\/\/api.w.org\/{rel}","templated":true}]}}