{"id":2447,"date":"2020-01-29T08:12:11","date_gmt":"2020-01-29T11:12:11","guid":{"rendered":"https:\/\/www.ufsm.br\/unidades-universitarias\/cachoeira-do-sul\/?p=2447"},"modified":"2020-01-29T08:12:14","modified_gmt":"2020-01-29T11:12:14","slug":"novidades-no-campus-da-ufsm-cs","status":"publish","type":"post","link":"https:\/\/www.ufsm.br\/unidades-universitarias\/cachoeira-do-sul\/2020\/01\/29\/novidades-no-campus-da-ufsm-cs","title":{"rendered":"Novidades no campus da UFSM-CS"},"content":{"rendered":"\n<p style=\"text-align: justify\">Desde o in\u00edcio do m\u00eas de janeiro, o campus da UFSM em Cachoeira do Sul est\u00e1 realizando mais uma etapa do processo de ocupa\u00e7\u00e3o de suas instala\u00e7\u00f5es pr\u00f3prias. Um novo pr\u00e9dio de salas de aula foi mobiliado e ocorreu tamb\u00e9m a transfer\u00eancia de diversos setores para um pr\u00e9dio administrativo. Al\u00e9m de servidores da UFSM, o Campus contou com o apoio do 13\u00b0 Grupo de Artilharia de Campanha, que disponibilizou pessoal e caminh\u00f5es.<\/p>\n<figure id=\"attachment_2449\" aria-describedby=\"caption-attachment-2449\" style=\"width: 500px\" class=\"wp-caption aligncenter\"><img fetchpriority=\"high\" decoding=\"async\" class=\"wp-image-2449\" src=\"https:\/\/www.ufsm.br\/unidades-universitarias\/cachoeira-do-sul\/wp-content\/uploads\/sites\/376\/2020\/01\/Mudan\u00e7a-para-o-campus-Jan.2020-300x225.jpg\" alt=\"\" width=\"500\" height=\"375\" srcset=\"https:\/\/www.ufsm.br\/app\/uploads\/sites\/376\/2020\/01\/Mudan\u00e7a-para-o-campus-Jan.2020-300x225.jpg 300w, https:\/\/www.ufsm.br\/app\/uploads\/sites\/376\/2020\/01\/Mudan\u00e7a-para-o-campus-Jan.2020-1024x768.jpg 1024w, https:\/\/www.ufsm.br\/app\/uploads\/sites\/376\/2020\/01\/Mudan\u00e7a-para-o-campus-Jan.2020-768x576.jpg 768w, https:\/\/www.ufsm.br\/app\/uploads\/sites\/376\/2020\/01\/Mudan\u00e7a-para-o-campus-Jan.2020.jpg 1280w\" sizes=\"(max-width: 500px) 100vw, 500px\" \/><figcaption id=\"caption-attachment-2449\" class=\"wp-caption-text\">Servidores e militares que participaram das atividades de mudan\u00e7a para as instala\u00e7\u00f5es pr\u00f3prias no dia 09 de janeiro.<\/figcaption><\/figure>\n<p style=\"text-align: justify\">J\u00e1 est\u00e3o funcionando nas novas instala\u00e7\u00f5es os seguintes setores\/servi\u00e7os: Almoxarifado, Arquivo e Protocolo, Coordenadoria Administrativa, Comunica\u00e7\u00e3o, Dire\u00e7\u00e3o e Secretaria do Campus.<\/p>\n<p style=\"text-align: justify\">\u00a0<\/p>\n<p style=\"text-align: justify\"><strong>RU centro foi desocupado<\/strong><\/p>\n<p style=\"text-align: justify\">Na manh\u00e3 de 23 de janeiro, o Prof. Rog\u00e9rio Brittes fez a entrega das chaves do pr\u00e9dio locado pelo Executivo Municipal e utilizado pelo campus como Restaurante Universit\u00e1rio (RU centro). O valor do contrato de loca\u00e7\u00e3o, de R$3.900\/m\u00eas, era pago pelo Executivo desde 2014. O Diretor agradeceu ao Prefeito S\u00e9rgio Ghignatti e destacou que foram servidas\u00a0282.956\u00a0refei\u00e7\u00f5es no RU centro (considerando desjejuns, almo\u00e7os e jantares).<\/p>\n<figure id=\"attachment_2448\" aria-describedby=\"caption-attachment-2448\" style=\"width: 500px\" class=\"wp-caption aligncenter\"><img decoding=\"async\" class=\"wp-image-2448\" src=\"https:\/\/www.ufsm.br\/unidades-universitarias\/cachoeira-do-sul\/wp-content\/uploads\/sites\/376\/2020\/01\/Entrega-chaves-do-RU-para-Prefeitura-23.01.2020-300x199.jpeg\" alt=\"\" width=\"500\" height=\"332\" srcset=\"https:\/\/www.ufsm.br\/app\/uploads\/sites\/376\/2020\/01\/Entrega-chaves-do-RU-para-Prefeitura-23.01.2020-300x199.jpeg 300w, https:\/\/www.ufsm.br\/app\/uploads\/sites\/376\/2020\/01\/Entrega-chaves-do-RU-para-Prefeitura-23.01.2020-1024x681.jpeg 1024w, https:\/\/www.ufsm.br\/app\/uploads\/sites\/376\/2020\/01\/Entrega-chaves-do-RU-para-Prefeitura-23.01.2020-768x511.jpeg 768w, https:\/\/www.ufsm.br\/app\/uploads\/sites\/376\/2020\/01\/Entrega-chaves-do-RU-para-Prefeitura-23.01.2020-272x182.jpeg 272w, https:\/\/www.ufsm.br\/app\/uploads\/sites\/376\/2020\/01\/Entrega-chaves-do-RU-para-Prefeitura-23.01.2020.jpeg 1280w\" sizes=\"(max-width: 500px) 100vw, 500px\" \/><figcaption id=\"caption-attachment-2448\" class=\"wp-caption-text\">Prefeito S\u00e9rgio Ghignatti, Prof. Rog\u00e9rio Brittes e Vereador Noeli Cabral Gon\u00e7alves, na entrega das chaves do RU centro.<\/figcaption><\/figure>\n<p>\u00a0<\/p>\n<p><em>Fotos: Arquivo pessoal Rog\u00e9rio Brittes \/ Assessoria do Gabinete do Prefeito<\/em><\/p>\n","protected":false},"excerpt":{"rendered":"<p>Desde o in\u00edcio do m\u00eas de janeiro, o campus da UFSM em Cachoeira do Sul est\u00e1 realizando mais uma etapa do processo de ocupa\u00e7\u00e3o de suas instala\u00e7\u00f5es pr\u00f3prias. Um novo pr\u00e9dio de salas de aula foi mobiliado e ocorreu tamb\u00e9m a transfer\u00eancia de diversos setores para um pr\u00e9dio administrativo. Al\u00e9m de servidores da UFSM, o [&hellip;]<\/p>\n","protected":false},"author":293,"featured_media":2450,"comment_status":"closed","ping_status":"closed","sticky":false,"template":"","format":"standard","meta":{"footnotes":""},"categories":[21,1],"tags":[],"class_list":["post-2447","post","type-post","status-publish","format-standard","has-post-thumbnail","hentry","category-banner","category-noticias"],"acf":[],"_links":{"self":[{"href":"https:\/\/www.ufsm.br\/unidades-universitarias\/cachoeira-do-sul\/wp-json\/wp\/v2\/posts\/2447","targetHints":{"allow":["GET"]}}],"collection":[{"href":"https:\/\/www.ufsm.br\/unidades-universitarias\/cachoeira-do-sul\/wp-json\/wp\/v2\/posts"}],"about":[{"href":"https:\/\/www.ufsm.br\/unidades-universitarias\/cachoeira-do-sul\/wp-json\/wp\/v2\/types\/post"}],"author":[{"embeddable":true,"href":"https:\/\/www.ufsm.br\/unidades-universitarias\/cachoeira-do-sul\/wp-json\/wp\/v2\/users\/293"}],"replies":[{"embeddable":true,"href":"https:\/\/www.ufsm.br\/unidades-universitarias\/cachoeira-do-sul\/wp-json\/wp\/v2\/comments?post=2447"}],"version-history":[{"count":0,"href":"https:\/\/www.ufsm.br\/unidades-universitarias\/cachoeira-do-sul\/wp-json\/wp\/v2\/posts\/2447\/revisions"}],"wp:featuredmedia":[{"embeddable":true,"href":"https:\/\/www.ufsm.br\/unidades-universitarias\/cachoeira-do-sul\/wp-json\/wp\/v2\/media\/2450"}],"wp:attachment":[{"href":"https:\/\/www.ufsm.br\/unidades-universitarias\/cachoeira-do-sul\/wp-json\/wp\/v2\/media?parent=2447"}],"wp:term":[{"taxonomy":"category","embeddable":true,"href":"https:\/\/www.ufsm.br\/unidades-universitarias\/cachoeira-do-sul\/wp-json\/wp\/v2\/categories?post=2447"},{"taxonomy":"post_tag","embeddable":true,"href":"https:\/\/www.ufsm.br\/unidades-universitarias\/cachoeira-do-sul\/wp-json\/wp\/v2\/tags?post=2447"}],"curies":[{"name":"wp","href":"https:\/\/api.w.org\/{rel}","templated":true}]}}