{"id":2648,"date":"2020-06-23T16:44:49","date_gmt":"2020-06-23T19:44:49","guid":{"rendered":"https:\/\/www.ufsm.br\/unidades-universitarias\/cachoeira-do-sul\/?p=2648"},"modified":"2020-07-03T14:57:25","modified_gmt":"2020-07-03T17:57:25","slug":"ufsm-cs-realiza-campanha-de-doacao-de-equipamentos-de-informatica","status":"publish","type":"post","link":"https:\/\/www.ufsm.br\/unidades-universitarias\/cachoeira-do-sul\/2020\/06\/23\/ufsm-cs-realiza-campanha-de-doacao-de-equipamentos-de-informatica","title":{"rendered":"UFSM-CS realiza campanha de doa\u00e7\u00e3o de equipamentos de inform\u00e1tica"},"content":{"rendered":"\n<p class=\"wp-block-paragraph\">A Universidade Federal de Santa Maria (UFSM), atrav\u00e9s da Pr\u00f3-Reitoria de Extens\u00e3o (PRE), em parceria com o Campus e com a Prefeitura Municipal de Cachoeira do Sul, por meio da Secretaria de Educa\u00e7\u00e3o, est\u00e1 promovendo uma campanha de arrecada\u00e7\u00e3o de equipamentos de inform\u00e1tica para alunos da Rede P\u00fablica Municipal de Ensino.<\/p>\n\n\n\n<p class=\"wp-block-paragraph\">Os interessados em contribuir com a campanha podem doar smartphones, tablets, notebooks, computadores de mesa, cabos e carregadores que estejam em condi\u00e7\u00f5es de uso. Os materiais arrecadados ser\u00e3o encaminhados \u00e0 avalia\u00e7\u00e3o da equipe do N\u00facleo de TI do campus, para, ent\u00e3o, serem destinados \u00e0 Secretaria de Educa\u00e7\u00e3o, que far\u00e1 a distribui\u00e7\u00e3o para as escolas.<\/p>\n\n\n\n<p class=\"wp-block-paragraph\">A campanha deve acontecer at\u00e9 o dia 31 de julho. As pessoas interessadas podem entrar em contato com a Secretaria do campus atrav\u00e9s do telefone (51) 98931-6797. Um dos ve\u00edculos oficiais do campus far\u00e1 a coleta na resid\u00eancia dos doadores.<\/p>\n\n\n\n<div class=\"wp-block-image\"><figure class=\"aligncenter size-large is-resized\"><img fetchpriority=\"high\" decoding=\"async\" src=\"https:\/\/www.ufsm.br\/unidades-universitarias\/cachoeira-do-sul\/wp-content\/uploads\/sites\/376\/2020\/06\/Post-Campanha-Doa\u00e7\u00e3o-de-Equipamentos-de-Inform\u00e1tica-CS-novo-1024x1009.jpg\" alt=\"\" class=\"wp-image-2657\" width=\"512\" height=\"505\" srcset=\"https:\/\/www.ufsm.br\/app\/uploads\/sites\/376\/2020\/06\/Post-Campanha-Doa\u00e7\u00e3o-de-Equipamentos-de-Inform\u00e1tica-CS-novo-1024x1009.jpg 1024w, https:\/\/www.ufsm.br\/app\/uploads\/sites\/376\/2020\/06\/Post-Campanha-Doa\u00e7\u00e3o-de-Equipamentos-de-Inform\u00e1tica-CS-novo-300x295.jpg 300w, https:\/\/www.ufsm.br\/app\/uploads\/sites\/376\/2020\/06\/Post-Campanha-Doa\u00e7\u00e3o-de-Equipamentos-de-Inform\u00e1tica-CS-novo-768x756.jpg 768w, https:\/\/www.ufsm.br\/app\/uploads\/sites\/376\/2020\/06\/Post-Campanha-Doa\u00e7\u00e3o-de-Equipamentos-de-Inform\u00e1tica-CS-novo-1536x1513.jpg 1536w, https:\/\/www.ufsm.br\/app\/uploads\/sites\/376\/2020\/06\/Post-Campanha-Doa\u00e7\u00e3o-de-Equipamentos-de-Inform\u00e1tica-CS-novo.jpg 1920w\" sizes=\"(max-width: 512px) 100vw, 512px\" \/><\/figure><\/div>\n","protected":false},"excerpt":{"rendered":"<p>A Universidade Federal de Santa Maria (UFSM), atrav\u00e9s da Pr\u00f3-Reitoria de Extens\u00e3o (PRE), em parceria com o Campus e com a Prefeitura Municipal de Cachoeira do Sul, por meio da Secretaria de Educa\u00e7\u00e3o, est\u00e1 promovendo uma campanha de arrecada\u00e7\u00e3o de equipamentos de inform\u00e1tica para alunos da Rede P\u00fablica Municipal de Ensino. Os interessados em contribuir [&hellip;]<\/p>\n","protected":false},"author":293,"featured_media":2650,"comment_status":"closed","ping_status":"closed","sticky":false,"template":"","format":"standard","meta":{"footnotes":""},"categories":[21,1],"tags":[],"class_list":["post-2648","post","type-post","status-publish","format-standard","has-post-thumbnail","hentry","category-banner","category-noticias"],"acf":[],"_links":{"self":[{"href":"https:\/\/www.ufsm.br\/unidades-universitarias\/cachoeira-do-sul\/wp-json\/wp\/v2\/posts\/2648","targetHints":{"allow":["GET"]}}],"collection":[{"href":"https:\/\/www.ufsm.br\/unidades-universitarias\/cachoeira-do-sul\/wp-json\/wp\/v2\/posts"}],"about":[{"href":"https:\/\/www.ufsm.br\/unidades-universitarias\/cachoeira-do-sul\/wp-json\/wp\/v2\/types\/post"}],"author":[{"embeddable":true,"href":"https:\/\/www.ufsm.br\/unidades-universitarias\/cachoeira-do-sul\/wp-json\/wp\/v2\/users\/293"}],"replies":[{"embeddable":true,"href":"https:\/\/www.ufsm.br\/unidades-universitarias\/cachoeira-do-sul\/wp-json\/wp\/v2\/comments?post=2648"}],"version-history":[{"count":0,"href":"https:\/\/www.ufsm.br\/unidades-universitarias\/cachoeira-do-sul\/wp-json\/wp\/v2\/posts\/2648\/revisions"}],"wp:featuredmedia":[{"embeddable":true,"href":"https:\/\/www.ufsm.br\/unidades-universitarias\/cachoeira-do-sul\/wp-json\/wp\/v2\/media\/2650"}],"wp:attachment":[{"href":"https:\/\/www.ufsm.br\/unidades-universitarias\/cachoeira-do-sul\/wp-json\/wp\/v2\/media?parent=2648"}],"wp:term":[{"taxonomy":"category","embeddable":true,"href":"https:\/\/www.ufsm.br\/unidades-universitarias\/cachoeira-do-sul\/wp-json\/wp\/v2\/categories?post=2648"},{"taxonomy":"post_tag","embeddable":true,"href":"https:\/\/www.ufsm.br\/unidades-universitarias\/cachoeira-do-sul\/wp-json\/wp\/v2\/tags?post=2648"}],"curies":[{"name":"wp","href":"https:\/\/api.w.org\/{rel}","templated":true}]}}