{"id":2823,"date":"2020-10-23T10:25:09","date_gmt":"2020-10-23T13:25:09","guid":{"rendered":"https:\/\/www.ufsm.br\/unidades-universitarias\/cachoeira-do-sul\/?p=2823"},"modified":"2020-10-23T10:31:59","modified_gmt":"2020-10-23T13:31:59","slug":"projeto-de-extensao-pratica-corporal-em-danca-flamenca-continua-com-suas-atividades-em-formato-online","status":"publish","type":"post","link":"https:\/\/www.ufsm.br\/unidades-universitarias\/cachoeira-do-sul\/2020\/10\/23\/projeto-de-extensao-pratica-corporal-em-danca-flamenca-continua-com-suas-atividades-em-formato-online","title":{"rendered":"Projeto de extens\u00e3o &#8220;Pr\u00e1tica Corporal em Dan\u00e7a Flamenca&#8221; continua com suas atividades em formato online"},"content":{"rendered":"\n<p style=\"text-align: justify\">Amanh\u00e3, dia 24 de outubro, completa um ano que, na Casa de Cultura de Cachoeira do Sul, ocorria o espet\u00e1culo \u201cAmistad del Fandango\u201d, atividade do projeto de extens\u00e3o \u201cPr\u00e1tica Corporal em Dan\u00e7a Flamenca\u201d, coordenado pela professora Ver\u00f4nica Donoso, do curso de Arquitetura e Urbanismo da UFSM-CS. O cen\u00e1rio do espet\u00e1culo foi criado atrav\u00e9s de Oficina de Cenografia, ministrada pela professora Paula Olivo, e teve a participa\u00e7\u00e3o das alunas do projeto no corpo de baile, e tamb\u00e9m de convidados especiais: no cante e caj\u00f3n Pedro Fern\u00e1ndez, na guitarra flamenca Al\u00ea Palma, no baile e palmas Aline Nunes e Giovanna Alvarenga.<\/p>\n<figure id=\"attachment_2824\" aria-describedby=\"caption-attachment-2824\" style=\"width: 500px\" class=\"wp-caption aligncenter\"><img fetchpriority=\"high\" decoding=\"async\" class=\"wp-image-2824\" src=\"https:\/\/www.ufsm.br\/app\/uploads\/sites\/376\/2020\/10\/IMG_5801-300x200.jpg\" alt=\"\" width=\"500\" height=\"333\" srcset=\"https:\/\/www.ufsm.br\/app\/uploads\/sites\/376\/2020\/10\/IMG_5801-300x200.jpg 300w, https:\/\/www.ufsm.br\/app\/uploads\/sites\/376\/2020\/10\/IMG_5801-1024x683.jpg 1024w, https:\/\/www.ufsm.br\/app\/uploads\/sites\/376\/2020\/10\/IMG_5801-768x512.jpg 768w, https:\/\/www.ufsm.br\/app\/uploads\/sites\/376\/2020\/10\/IMG_5801-1536x1024.jpg 1536w, https:\/\/www.ufsm.br\/app\/uploads\/sites\/376\/2020\/10\/IMG_5801-272x182.jpg 272w, https:\/\/www.ufsm.br\/app\/uploads\/sites\/376\/2020\/10\/IMG_5801.jpg 1920w\" sizes=\"(max-width: 500px) 100vw, 500px\" \/><figcaption id=\"caption-attachment-2824\" class=\"wp-caption-text\">Professora Ver\u00f4nica, alunas do projeto e convidados no espet\u00e1culo \u201cAmistad del Fandango\u201d.<\/figcaption><\/figure>\n<p style=\"text-align: justify\">Atualmente, o projeto mant\u00e9m suas atividades de forma online, com aulas de dan\u00e7a semanais, disponibiliza\u00e7\u00e3o de v\u00eddeos para ensaio individual dos participantes e postagens informativas sobre a cultura flamenca nas redes sociais. O projeto tamb\u00e9m tem realizado apresenta\u00e7\u00f5es virtuais a convite, como para escolas de ensino fundamental e m\u00e9dio, e est\u00e1 organizando o segundo espet\u00e1culo do projeto: \u201cAl comp\u00e1s del tiempo\u201d, todo realizado de forma remota e a ser apresentado virtualmente.<\/p>\n<p style=\"text-align: justify\">As vagas est\u00e3o abertas para a participa\u00e7\u00e3o nas aulas e tamb\u00e9m no espet\u00e1culo. As atividades s\u00e3o gratuitas e est\u00e3o abertas a toda a comunidade. Os interessados em participar ou que busquem mais informa\u00e7\u00f5es sobre o projeto podem entrar em contato atrav\u00e9s do Instagram (<a href=\"https:\/\/www.instagram.com\/flamencoufsmcs\/\">@flamencoufsmcs<\/a>) ou por e-mail (<a href=\"mailto:veronica.donoso@ufsm.br\">veronica.donoso@ufsm.br<\/a>).<\/p>\n","protected":false},"excerpt":{"rendered":"<p>Amanh\u00e3, dia 24 de outubro, completa um ano que, na Casa de Cultura de Cachoeira do Sul, ocorria o espet\u00e1culo \u201cAmistad del Fandango\u201d, atividade do projeto de extens\u00e3o \u201cPr\u00e1tica Corporal em Dan\u00e7a Flamenca\u201d, coordenado pela professora Ver\u00f4nica Donoso, do curso de Arquitetura e Urbanismo da UFSM-CS. O cen\u00e1rio do espet\u00e1culo foi criado atrav\u00e9s de Oficina [&hellip;]<\/p>\n","protected":false},"author":293,"featured_media":2825,"comment_status":"closed","ping_status":"closed","sticky":false,"template":"","format":"standard","meta":{"footnotes":""},"categories":[21,1],"tags":[],"class_list":["post-2823","post","type-post","status-publish","format-standard","has-post-thumbnail","hentry","category-banner","category-noticias"],"acf":[],"_links":{"self":[{"href":"https:\/\/www.ufsm.br\/unidades-universitarias\/cachoeira-do-sul\/wp-json\/wp\/v2\/posts\/2823","targetHints":{"allow":["GET"]}}],"collection":[{"href":"https:\/\/www.ufsm.br\/unidades-universitarias\/cachoeira-do-sul\/wp-json\/wp\/v2\/posts"}],"about":[{"href":"https:\/\/www.ufsm.br\/unidades-universitarias\/cachoeira-do-sul\/wp-json\/wp\/v2\/types\/post"}],"author":[{"embeddable":true,"href":"https:\/\/www.ufsm.br\/unidades-universitarias\/cachoeira-do-sul\/wp-json\/wp\/v2\/users\/293"}],"replies":[{"embeddable":true,"href":"https:\/\/www.ufsm.br\/unidades-universitarias\/cachoeira-do-sul\/wp-json\/wp\/v2\/comments?post=2823"}],"version-history":[{"count":0,"href":"https:\/\/www.ufsm.br\/unidades-universitarias\/cachoeira-do-sul\/wp-json\/wp\/v2\/posts\/2823\/revisions"}],"wp:featuredmedia":[{"embeddable":true,"href":"https:\/\/www.ufsm.br\/unidades-universitarias\/cachoeira-do-sul\/wp-json\/wp\/v2\/media\/2825"}],"wp:attachment":[{"href":"https:\/\/www.ufsm.br\/unidades-universitarias\/cachoeira-do-sul\/wp-json\/wp\/v2\/media?parent=2823"}],"wp:term":[{"taxonomy":"category","embeddable":true,"href":"https:\/\/www.ufsm.br\/unidades-universitarias\/cachoeira-do-sul\/wp-json\/wp\/v2\/categories?post=2823"},{"taxonomy":"post_tag","embeddable":true,"href":"https:\/\/www.ufsm.br\/unidades-universitarias\/cachoeira-do-sul\/wp-json\/wp\/v2\/tags?post=2823"}],"curies":[{"name":"wp","href":"https:\/\/api.w.org\/{rel}","templated":true}]}}