{"id":2831,"date":"2020-11-02T23:30:52","date_gmt":"2020-11-03T02:30:52","guid":{"rendered":"https:\/\/www.ufsm.br\/unidades-universitarias\/cachoeira-do-sul\/?p=2831"},"modified":"2020-11-02T23:30:54","modified_gmt":"2020-11-03T02:30:54","slug":"pro-reitoria-de-extensao-realiza-2a-edicao-do-6o-forum-regional-permanente-de-extensao-em-cachoeira-do-sul","status":"publish","type":"post","link":"https:\/\/www.ufsm.br\/unidades-universitarias\/cachoeira-do-sul\/2020\/11\/02\/pro-reitoria-de-extensao-realiza-2a-edicao-do-6o-forum-regional-permanente-de-extensao-em-cachoeira-do-sul","title":{"rendered":"Pr\u00f3-Reitoria de Extens\u00e3o realiza 2\u00aa edi\u00e7\u00e3o do 6\u00ba F\u00f3rum Regional Permanente de Extens\u00e3o em Cachoeira do Sul"},"content":{"rendered":"\n<p style=\"text-align: justify\">Na pr\u00f3xima quinta-feira (5), \u00e0s 14h, a Pr\u00f3-Reitoria de Extens\u00e3o (PRE) da Universidade Federal de Santa Maria (UFSM) realizar\u00e1 a 2\u00aa edi\u00e7\u00e3o de 2020 do 6\u00ba F\u00f3rum Regional Permanente de Extens\u00e3o em Cachoeira do Sul. O evento visa fortalecer o papel social da Universidade e ouvir as demandas das comunidades nas quais est\u00e1 inserida. Conforme as recomenda\u00e7\u00f5es das autoridades de sa\u00fade e da UFSM, esta edi\u00e7\u00e3o do F\u00f3rum ser\u00e1 realizada em formato virtual e segue aberta para toda a comunidade.<\/p>\n<p style=\"text-align: justify\">Nesta edi\u00e7\u00e3o, que conta com a participa\u00e7\u00e3o da comunidade acad\u00eamica e externa, \u00e9 poss\u00edvel que a sociedade aponte em quais \u00e1reas a Extens\u00e3o da UFSM deve ser fortalecida em cada cidade. Deste modo, ap\u00f3s serem processadas, essas sugest\u00f5es geram as prioridades para a atua\u00e7\u00e3o da Universidade nas regi\u00f5es de abrang\u00eancia da UFSM, orientando a cria\u00e7\u00e3o de novos projetos e programas de Extens\u00e3o \u2013 a\u00e7\u00f5es pr\u00e1ticas da Universidade desenvolvidas nas comunidades \u2013 e auxiliando na distribui\u00e7\u00e3o dos recursos financeiros na Extens\u00e3o.<\/p>\n<p style=\"text-align: justify\">Os interessados em participar do evento podem ser inscrever atrav\u00e9s deste <a href=\"https:\/\/www.even3.com.br\/forumextensaoufsm\/\">link<\/a>.<\/p>\n<p>\u00a0<\/p>\n<p><strong>Participantes podem votar diretamente nos Objetivos da Agenda 2030<\/strong><\/p>\n<p style=\"text-align: justify\">A pouco mais de 10 anos para 2030 \u2013 ano que marca o prazo para que os pa\u00edses signat\u00e1rios da Agenda 2030 implementem a\u00e7\u00f5es para o desenvolvimento social, econ\u00f4mico e sustent\u00e1vel -, a UFSM lan\u00e7ou uma nova plataforma para que os participantes deixem as suas contribui\u00e7\u00f5es e, dessa forma, auxiliem a aplica\u00e7\u00e3o dos recursos financeiros e humanos da Institui\u00e7\u00e3o nas a\u00e7\u00f5es pr\u00e1ticas na sociedade. Nela \u00e9 poss\u00edvel que os usu\u00e1rios participem ativamente do processo de implementa\u00e7\u00e3o do protocolo na UFSM e no interior ga\u00facho, atrav\u00e9s da vota\u00e7\u00e3o direta nos Objetivos de Desenvolvimento Sustent\u00e1vel (ODS) que considerem priorit\u00e1rios para a atua\u00e7\u00e3o da Institui\u00e7\u00e3o.<\/p>\n<p style=\"text-align: justify\">Desta forma, a UFSM, al\u00e9m de tornar a vota\u00e7\u00e3o mais acess\u00edvel \u00e0 comunidade externa, possibilita que cada cidad\u00e3o contribua na constru\u00e7\u00e3o de um mundo mais desenvolvido, sustent\u00e1vel e com uma aten\u00e7\u00e3o maior aos problemas cotidianos enfrentados pela popula\u00e7\u00e3o. A Nova Plataforma de coleta de dados, alinhada \u00e0 Agenda 2030, busca conhecer os problemas enfrentados pelos moradores das cidades em que a UFSM est\u00e1 inserida e, assim, contribuir para a execu\u00e7\u00e3o de a\u00e7\u00f5es que atendam efetivamente \u00e0s demandas locais.<\/p>\n<p style=\"text-align: justify\">Para votar, basta acessar esse endere\u00e7o: <a href=\"https:\/\/www.ufsm.br\/pro-reitorias\/pre\/app-ods\/\">https:\/\/www.ufsm.br\/pro-reitorias\/pre\/app-ods\/<\/a><\/p>\n","protected":false},"excerpt":{"rendered":"<p>Na pr\u00f3xima quinta-feira (5), \u00e0s 14h, a Pr\u00f3-Reitoria de Extens\u00e3o (PRE) da Universidade Federal de Santa Maria (UFSM) realizar\u00e1 a 2\u00aa edi\u00e7\u00e3o de 2020 do 6\u00ba F\u00f3rum Regional Permanente de Extens\u00e3o em Cachoeira do Sul. O evento visa fortalecer o papel social da Universidade e ouvir as demandas das comunidades nas quais est\u00e1 inserida. Conforme [&hellip;]<\/p>\n","protected":false},"author":293,"featured_media":2832,"comment_status":"closed","ping_status":"closed","sticky":false,"template":"","format":"standard","meta":{"footnotes":""},"categories":[21,197,1],"tags":[],"class_list":["post-2831","post","type-post","status-publish","format-standard","has-post-thumbnail","hentry","category-banner","category-forum-de-extensao","category-noticias"],"acf":[],"_links":{"self":[{"href":"https:\/\/www.ufsm.br\/unidades-universitarias\/cachoeira-do-sul\/wp-json\/wp\/v2\/posts\/2831","targetHints":{"allow":["GET"]}}],"collection":[{"href":"https:\/\/www.ufsm.br\/unidades-universitarias\/cachoeira-do-sul\/wp-json\/wp\/v2\/posts"}],"about":[{"href":"https:\/\/www.ufsm.br\/unidades-universitarias\/cachoeira-do-sul\/wp-json\/wp\/v2\/types\/post"}],"author":[{"embeddable":true,"href":"https:\/\/www.ufsm.br\/unidades-universitarias\/cachoeira-do-sul\/wp-json\/wp\/v2\/users\/293"}],"replies":[{"embeddable":true,"href":"https:\/\/www.ufsm.br\/unidades-universitarias\/cachoeira-do-sul\/wp-json\/wp\/v2\/comments?post=2831"}],"version-history":[{"count":0,"href":"https:\/\/www.ufsm.br\/unidades-universitarias\/cachoeira-do-sul\/wp-json\/wp\/v2\/posts\/2831\/revisions"}],"wp:featuredmedia":[{"embeddable":true,"href":"https:\/\/www.ufsm.br\/unidades-universitarias\/cachoeira-do-sul\/wp-json\/wp\/v2\/media\/2832"}],"wp:attachment":[{"href":"https:\/\/www.ufsm.br\/unidades-universitarias\/cachoeira-do-sul\/wp-json\/wp\/v2\/media?parent=2831"}],"wp:term":[{"taxonomy":"category","embeddable":true,"href":"https:\/\/www.ufsm.br\/unidades-universitarias\/cachoeira-do-sul\/wp-json\/wp\/v2\/categories?post=2831"},{"taxonomy":"post_tag","embeddable":true,"href":"https:\/\/www.ufsm.br\/unidades-universitarias\/cachoeira-do-sul\/wp-json\/wp\/v2\/tags?post=2831"}],"curies":[{"name":"wp","href":"https:\/\/api.w.org\/{rel}","templated":true}]}}