{"id":2856,"date":"2020-11-19T16:50:12","date_gmt":"2020-11-19T19:50:12","guid":{"rendered":"https:\/\/www.ufsm.br\/unidades-universitarias\/cachoeira-do-sul\/?p=2856"},"modified":"2020-11-19T19:10:33","modified_gmt":"2020-11-19T22:10:33","slug":"alunos-do-curso-de-arquitetura-e-urbanismo-da-ufsm-cs-sao-premiados-no-projeto-novos-olhares","status":"publish","type":"post","link":"https:\/\/www.ufsm.br\/unidades-universitarias\/cachoeira-do-sul\/2020\/11\/19\/alunos-do-curso-de-arquitetura-e-urbanismo-da-ufsm-cs-sao-premiados-no-projeto-novos-olhares","title":{"rendered":"Alunos do curso de Arquitetura e Urbanismo da UFSM-CS s\u00e3o premiados no Projeto Novos Olhares"},"content":{"rendered":"\n<p style=\"text-align: justify\">O Projeto do Parque Fractal, desenvolvido pelos discentes Ivan Soares de Almeida e Ram\u00e3o Camargo Machado, do curso de Arquitetura e Urbanismo da UFSM-CS, com orienta\u00e7\u00e3o das professoras Veronica Garcia Donoso e Joani Covaleski, foi selecionado na premia\u00e7\u00e3o do Projeto Novos Olhares.<\/p>\n<p><img fetchpriority=\"high\" decoding=\"async\" class=\"size-medium wp-image-2859 alignright\" src=\"https:\/\/www.ufsm.br\/app\/uploads\/sites\/376\/2020\/11\/Imagem-3-1-1536x864-1-300x169.jpg\" alt=\"\" width=\"300\" height=\"169\" srcset=\"https:\/\/www.ufsm.br\/app\/uploads\/sites\/376\/2020\/11\/Imagem-3-1-1536x864-1-300x169.jpg 300w, https:\/\/www.ufsm.br\/app\/uploads\/sites\/376\/2020\/11\/Imagem-3-1-1536x864-1-1024x576.jpg 1024w, https:\/\/www.ufsm.br\/app\/uploads\/sites\/376\/2020\/11\/Imagem-3-1-1536x864-1-768x432.jpg 768w, https:\/\/www.ufsm.br\/app\/uploads\/sites\/376\/2020\/11\/Imagem-3-1-1536x864-1.jpg 1536w\" sizes=\"(max-width: 300px) 100vw, 300px\" \/><\/p>\n<p style=\"text-align: justify\">O Projeto Novos Olhares \u00e9 organizado em coopera\u00e7\u00e3o t\u00e9cnica entre a Associa\u00e7\u00e3o Brasileira de Ensino de Arquitetura e Urbanismo (ABEA) e o Rio Capital Mundial da Arquitetura UNESCO.UIA &#8211; RCMA (UIA 2021RIO). Em novembro, ele destacou trabalhos de estudantes de gradua\u00e7\u00e3o que interv\u00eam em espa\u00e7os livres p\u00fablicos. Foram 15 trabalhos selecionados, dentre 48 projetos recebidos, provenientes de 20 escolas diferentes, de sete estados.\u00a0<\/p>\n<p style=\"text-align: justify\"><img decoding=\"async\" class=\"size-medium wp-image-2860 alignleft\" src=\"https:\/\/www.ufsm.br\/app\/uploads\/sites\/376\/2020\/11\/Imagem-4-1-1536x864-1-300x169.jpg\" alt=\"\" width=\"300\" height=\"169\" srcset=\"https:\/\/www.ufsm.br\/app\/uploads\/sites\/376\/2020\/11\/Imagem-4-1-1536x864-1-300x169.jpg 300w, https:\/\/www.ufsm.br\/app\/uploads\/sites\/376\/2020\/11\/Imagem-4-1-1536x864-1-1024x576.jpg 1024w, https:\/\/www.ufsm.br\/app\/uploads\/sites\/376\/2020\/11\/Imagem-4-1-1536x864-1-768x432.jpg 768w, https:\/\/www.ufsm.br\/app\/uploads\/sites\/376\/2020\/11\/Imagem-4-1-1536x864-1.jpg 1536w\" sizes=\"(max-width: 300px) 100vw, 300px\" \/>O Parque Fractal foi desenvolvido para a disciplina de Projeto Urbano e da Paisagem I, na qual foi realizada a cria\u00e7\u00e3o do projeto do primeiro parque urbano municipal de Cachoeira do Sul-RS, com foco na recupera\u00e7\u00e3o e conscientiza\u00e7\u00e3o ambiental na orla no rio Jacu\u00ed.<\/p>\n<p style=\"text-align: justify\">Para saber mais sobre o Parque Fractal e os demais projetos selecionados, acesse o <a href=\"http:\/\/www.abea.org.br\/?p=2671\">site da ABEA<\/a>.<\/p>\n","protected":false},"excerpt":{"rendered":"<p>O Projeto do Parque Fractal, desenvolvido pelos discentes Ivan Soares de Almeida e Ram\u00e3o Camargo Machado, do curso de Arquitetura e Urbanismo da UFSM-CS, com orienta\u00e7\u00e3o das professoras Veronica Garcia Donoso e Joani Covaleski, foi selecionado na premia\u00e7\u00e3o do Projeto Novos Olhares. O Projeto Novos Olhares \u00e9 organizado em coopera\u00e7\u00e3o t\u00e9cnica entre a Associa\u00e7\u00e3o Brasileira [&hellip;]<\/p>\n","protected":false},"author":293,"featured_media":2862,"comment_status":"closed","ping_status":"closed","sticky":false,"template":"","format":"standard","meta":{"footnotes":""},"categories":[21,1],"tags":[],"class_list":["post-2856","post","type-post","status-publish","format-standard","has-post-thumbnail","hentry","category-banner","category-noticias"],"acf":[],"_links":{"self":[{"href":"https:\/\/www.ufsm.br\/unidades-universitarias\/cachoeira-do-sul\/wp-json\/wp\/v2\/posts\/2856","targetHints":{"allow":["GET"]}}],"collection":[{"href":"https:\/\/www.ufsm.br\/unidades-universitarias\/cachoeira-do-sul\/wp-json\/wp\/v2\/posts"}],"about":[{"href":"https:\/\/www.ufsm.br\/unidades-universitarias\/cachoeira-do-sul\/wp-json\/wp\/v2\/types\/post"}],"author":[{"embeddable":true,"href":"https:\/\/www.ufsm.br\/unidades-universitarias\/cachoeira-do-sul\/wp-json\/wp\/v2\/users\/293"}],"replies":[{"embeddable":true,"href":"https:\/\/www.ufsm.br\/unidades-universitarias\/cachoeira-do-sul\/wp-json\/wp\/v2\/comments?post=2856"}],"version-history":[{"count":0,"href":"https:\/\/www.ufsm.br\/unidades-universitarias\/cachoeira-do-sul\/wp-json\/wp\/v2\/posts\/2856\/revisions"}],"wp:featuredmedia":[{"embeddable":true,"href":"https:\/\/www.ufsm.br\/unidades-universitarias\/cachoeira-do-sul\/wp-json\/wp\/v2\/media\/2862"}],"wp:attachment":[{"href":"https:\/\/www.ufsm.br\/unidades-universitarias\/cachoeira-do-sul\/wp-json\/wp\/v2\/media?parent=2856"}],"wp:term":[{"taxonomy":"category","embeddable":true,"href":"https:\/\/www.ufsm.br\/unidades-universitarias\/cachoeira-do-sul\/wp-json\/wp\/v2\/categories?post=2856"},{"taxonomy":"post_tag","embeddable":true,"href":"https:\/\/www.ufsm.br\/unidades-universitarias\/cachoeira-do-sul\/wp-json\/wp\/v2\/tags?post=2856"}],"curies":[{"name":"wp","href":"https:\/\/api.w.org\/{rel}","templated":true}]}}