{"id":289,"date":"2015-08-24T17:31:58","date_gmt":"2015-08-24T20:31:58","guid":{"rendered":"https:\/\/www.ufsm.br\/unidades-universitarias\/cachoeira-do-sul\/2015\/08\/24\/horario-das-entrevistas-para-candidatos-a-bolsa-da-comissao-setorial-de-avaliacao-csa\/"},"modified":"2015-08-24T17:31:58","modified_gmt":"2015-08-24T20:31:58","slug":"horario-das-entrevistas-para-candidatos-a-bolsa-da-comissao-setorial-de-avaliacao-csa","status":"publish","type":"post","link":"https:\/\/www.ufsm.br\/unidades-universitarias\/cachoeira-do-sul\/2015\/08\/24\/horario-das-entrevistas-para-candidatos-a-bolsa-da-comissao-setorial-de-avaliacao-csa","title":{"rendered":"Hor\u00e1rio das entrevistas para candidatos \u00e0 bolsa da Comiss\u00e3o Setorial de Avalia\u00e7\u00e3o (CSA)"},"content":{"rendered":"<p>O N\u00facleo de Assist\u00eancia ao Estudante (NAES) est\u00e1 divulgando os hor\u00e1rios das entrevistas para os candidatos \u00e0 bolsa da Comiss\u00e3o Setorial de Avalia\u00e7\u00e3o (CSA), que acontecer\u00e3o nesta quarta-feira, dia 26.<\/p>\n<p><img fetchpriority=\"high\" decoding=\"async\" class=\" size-full wp-image-288\" src=\"https:\/\/www.ufsm.br\/unidades-universitarias\/cachoeira-do-sul\/wp-content\/uploads\/sites\/376\/2015\/08\/agendamento-bolsistas.png\" alt=\"\" width=\"729\" height=\"666\" srcset=\"https:\/\/www.ufsm.br\/app\/uploads\/sites\/376\/2015\/08\/agendamento-bolsistas.png 729w, https:\/\/www.ufsm.br\/app\/uploads\/sites\/376\/2015\/08\/agendamento-bolsistas-300x274.png 300w\" sizes=\"(max-width: 729px) 100vw, 729px\" \/><\/p>\n","protected":false},"excerpt":{"rendered":"<p>O N\u00facleo de Assist\u00eancia ao Estudante (NAES) est\u00e1 divulgando os hor\u00e1rios das entrevistas para os candidatos \u00e0 bolsa da Comiss\u00e3o Setorial de Avalia\u00e7\u00e3o (CSA), que acontecer\u00e3o nesta quarta-feira, dia 26.<\/p>\n","protected":false},"author":27,"featured_media":288,"comment_status":"closed","ping_status":"closed","sticky":false,"template":"","format":"standard","meta":{"footnotes":""},"categories":[1],"tags":[],"class_list":["post-289","post","type-post","status-publish","format-standard","has-post-thumbnail","hentry","category-noticias"],"acf":[],"_links":{"self":[{"href":"https:\/\/www.ufsm.br\/unidades-universitarias\/cachoeira-do-sul\/wp-json\/wp\/v2\/posts\/289","targetHints":{"allow":["GET"]}}],"collection":[{"href":"https:\/\/www.ufsm.br\/unidades-universitarias\/cachoeira-do-sul\/wp-json\/wp\/v2\/posts"}],"about":[{"href":"https:\/\/www.ufsm.br\/unidades-universitarias\/cachoeira-do-sul\/wp-json\/wp\/v2\/types\/post"}],"author":[{"embeddable":true,"href":"https:\/\/www.ufsm.br\/unidades-universitarias\/cachoeira-do-sul\/wp-json\/wp\/v2\/users\/27"}],"replies":[{"embeddable":true,"href":"https:\/\/www.ufsm.br\/unidades-universitarias\/cachoeira-do-sul\/wp-json\/wp\/v2\/comments?post=289"}],"version-history":[{"count":0,"href":"https:\/\/www.ufsm.br\/unidades-universitarias\/cachoeira-do-sul\/wp-json\/wp\/v2\/posts\/289\/revisions"}],"wp:featuredmedia":[{"embeddable":true,"href":"https:\/\/www.ufsm.br\/unidades-universitarias\/cachoeira-do-sul\/wp-json\/wp\/v2\/media\/288"}],"wp:attachment":[{"href":"https:\/\/www.ufsm.br\/unidades-universitarias\/cachoeira-do-sul\/wp-json\/wp\/v2\/media?parent=289"}],"wp:term":[{"taxonomy":"category","embeddable":true,"href":"https:\/\/www.ufsm.br\/unidades-universitarias\/cachoeira-do-sul\/wp-json\/wp\/v2\/categories?post=289"},{"taxonomy":"post_tag","embeddable":true,"href":"https:\/\/www.ufsm.br\/unidades-universitarias\/cachoeira-do-sul\/wp-json\/wp\/v2\/tags?post=289"}],"curies":[{"name":"wp","href":"https:\/\/api.w.org\/{rel}","templated":true}]}}