{"id":290,"date":"2015-08-28T19:02:46","date_gmt":"2015-08-28T22:02:46","guid":{"rendered":"https:\/\/www.ufsm.br\/unidades-universitarias\/cachoeira-do-sul\/2015\/08\/28\/professor-recebe-premio-ufrgs-de-tese-2015-na-area-de-ciencias-exatas-e-da-terra\/"},"modified":"2015-08-28T19:02:46","modified_gmt":"2015-08-28T22:02:46","slug":"professor-recebe-premio-ufrgs-de-tese-2015-na-area-de-ciencias-exatas-e-da-terra","status":"publish","type":"post","link":"https:\/\/www.ufsm.br\/unidades-universitarias\/cachoeira-do-sul\/2015\/08\/28\/professor-recebe-premio-ufrgs-de-tese-2015-na-area-de-ciencias-exatas-e-da-terra","title":{"rendered":"Professor da UFSM-CS recebe Pr\u00eamio UFRGS de Tese 2015 na \u00e1rea de Ci\u00eancias Exatas e da Terra"},"content":{"rendered":"<p style=\"margin: 0px 0px 10px; color: #666666; font-family: Helvetica,Arial,sans-serif; font-size: 13px; font-style: normal; font-variant: normal; font-weight: normal; letter-spacing: normal; line-height: 23px; text-indent: 0px; text-transform: none; white-space: normal; widows: 1; word-spacing: 0px; text-align: justify; background-color: #ffffff;\"><a class=\"fotos\" style=\"color: #4782b2; text-decoration: none; background: none repeat scroll 0px 0px transparent;\" title=\"Professor Jocenir Boita\" href=\"http:\/\/site.ufsm.br\/arquivos\/uploaded\/uploads\/64848f9b-793d-4aca-898b-caea3e780630.JPG\" rel=\"galeria\" target=\"_blank\"><img decoding=\"async\" style=\"border: 0px none; vertical-align: middle; width: 320px; float: right; margin: 0px 0px 10px 10px;\" title=\"Professor Jocenir Boita\" src=\"http:\/\/site.ufsm.br\/arquivos\/uploaded\/uploads\/64848f9b-793d-4aca-898b-caea3e780630.JPG.500x375_q85_crop-scale.jpg\" alt=\"Professor Jocenir Boita\" \/><\/a>O professor Jocenir Boita, docente na \u00e1rea de F\u00edsica da UFSM campus Cachoeira do Sul, foi agraciado&nbsp;com o&nbsp;<a style=\"color: #4782b2; text-decoration: none; background: none repeat scroll 0px 0px transparent;\" href=\"http:\/\/www.ufrgs.br\/propg\/editais\/propg-premio-ufrgs-de-tese\/arquivos\/teses-premiadas\">Pr\u00eamio UFRGS de Tese 2015<\/a>, na \u00e1rea de Ci\u00eancias Exatas e da Terra, com o trabalho intitulado &#8220;Estudos por Espectroscopia de Absor\u00e7\u00e3o de Raios X in situ da Forma\u00e7\u00e3o e Reatividade de Nanopart\u00edculas Mono &#8211; e Bi &#8211; met\u00e1licas: Pt, Cu e Pt-Cu&#8221;.<\/p>\n<p style=\"margin: 0px 0px 10px; color: #666666; font-family: Helvetica,Arial,sans-serif; font-size: 13px; font-style: normal; font-variant: normal; font-weight: normal; letter-spacing: normal; line-height: 23px; text-indent: 0px; text-transform: none; white-space: normal; widows: 1; word-spacing: 0px; text-align: justify; background-color: #ffffff;\">Com orienta\u00e7\u00e3o do professor Jonder Morais, a tese trata do estudo da forma\u00e7\u00e3o e da reatividade de nanopart\u00edculas (NPs) mono- e bi-met\u00e1licas por Espectroscopia de Absor\u00e7\u00e3o de Raios X Dispersivo (DXAS)<em style=\"font-size: 13px; background-color: initial;\">in situ<\/em>. Uma parte do trabalho foi dedicada a aperfei\u00e7oar o m\u00e9todo de prepara\u00e7\u00e3o das NPs, e ao desenvolvimento de uma instrumenta\u00e7\u00e3o espec\u00edfica para monitorar a forma\u00e7\u00e3o das NPs (coloides) da s\u00edntese qu\u00edmica em fase l\u00edquida. Com isso, foi poss\u00edvel investigar a forma\u00e7\u00e3o de NPs de platina (Pt), cobre (Cu) e platina-cobre (Pt-Cu). As NPs obtidas tamb\u00e9m foram caracterizadas por XRD (<em style=\"font-size: 13px; background-color: initial;\">X-ray Diffraction<\/em>), TEM (<em style=\"font-size: 13px; background-color: initial;\">Transmission Electron Microscopy<\/em>) e HRTEM (<em style=\"font-size: 13px; background-color: initial;\">High Resolution Transmission Electron Microscopy<\/em>). Uma vez formadas e caracterizadas, as NPs foram extra\u00eddas da solu\u00e7\u00e3o coloidal e submetidas a processos t\u00e9rmicos sob atmosferas gasosas (H<sub style=\"font-size: 9.75px; line-height: 0; position: relative; vertical-align: baseline; bottom: -0.25em; background-color: initial;\">2<\/sub>S ou H<sub style=\"font-size: 9.75px; line-height: 0; position: relative; vertical-align: baseline; bottom: -0.25em; background-color: initial;\">2<\/sub>), ao mesmo tempo que eram analisadas por DXAS<em style=\"font-size: 13px; background-color: initial;\">in situ<\/em>.&nbsp;<\/p>\n<p style=\"margin: 0px 0px 10px; color: #666666; font-family: Helvetica,Arial,sans-serif; font-size: 13px; font-style: normal; font-variant: normal; font-weight: normal; letter-spacing: normal; line-height: 23px; text-indent: 0px; text-transform: none; white-space: normal; widows: 1; word-spacing: 0px; text-align: justify; background-color: #ffffff;\">A partir da an\u00e1lise dos dados obtidos foi poss\u00edvel comparar a reatividade das NPs ao envenenamento por enxofre, analisar a sua reversibilidade, al\u00e9m de determinar as energias de ativa\u00e7\u00e3o (E<sub style=\"font-size: 9.75px; line-height: 0; position: relative; vertical-align: baseline; bottom: -0.25em; background-color: initial;\">A<\/sub>) dos processos de sulfeta\u00e7\u00e3o e redu\u00e7\u00e3o.&nbsp;<\/p>\n<p style=\"margin: 0px 0px 10px; color: #666666; font-family: Helvetica,Arial,sans-serif; font-size: 13px; font-style: normal; font-variant: normal; font-weight: normal; letter-spacing: normal; line-height: 23px; text-indent: 0px; text-transform: none; white-space: normal; widows: 1; word-spacing: 0px; text-align: justify; background-color: #ffffff;\">O trabalho gerou quatro artigos cient\u00edficos em revistas com grande fator de impacto (Journal of Physical Chemistry. C, Physical Chemistry Chemical Physics, Journal of Synchrotron Radiation) e duas patentes registradas no Instituto Nacional de Propriedade Industrial (Inpi).<\/p>\n<p style=\"margin: 0px 0px 10px; color: #666666; font-family: Helvetica,Arial,sans-serif; font-size: 13px; font-style: normal; font-variant: normal; font-weight: normal; letter-spacing: normal; line-height: 23px; text-indent: 0px; text-transform: none; white-space: normal; widows: 1; word-spacing: 0px; text-align: justify; background-color: #ffffff;\"><em>Foto: arquivo pessoal<\/em><\/p>\n<p style=\"margin: 0px 0px 10px; color: #666666; font-family: Helvetica,Arial,sans-serif; font-size: 13px; font-style: normal; font-variant: normal; font-weight: normal; letter-spacing: normal; line-height: 23px; text-indent: 0px; text-transform: none; white-space: normal; widows: 1; word-spacing: 0px; text-align: justify; background-color: #ffffff;\"><em>Fonte: Assessoria de Imprensa &#8211; UFSM<\/em><\/p>\n<p>&nbsp;<\/p>\n","protected":false},"excerpt":{"rendered":"<p>O professor Jocenir Boita, docente na \u00e1rea de F\u00edsica da UFSM campus Cachoeira do Sul, foi agraciado&nbsp;com o&nbsp;Pr\u00eamio UFRGS de Tese 2015, na \u00e1rea de Ci\u00eancias Exatas e da Terra, com o trabalho intitulado &#8220;Estudos por Espectroscopia de Absor\u00e7\u00e3o de Raios X in situ da Forma\u00e7\u00e3o e Reatividade de Nanopart\u00edculas Mono &#8211; e Bi &#8211; [&hellip;]<\/p>\n","protected":false},"author":27,"featured_media":0,"comment_status":"closed","ping_status":"closed","sticky":false,"template":"","format":"standard","meta":{"footnotes":""},"categories":[1],"tags":[],"class_list":["post-290","post","type-post","status-publish","format-standard","hentry","category-noticias"],"acf":[],"_links":{"self":[{"href":"https:\/\/www.ufsm.br\/unidades-universitarias\/cachoeira-do-sul\/wp-json\/wp\/v2\/posts\/290","targetHints":{"allow":["GET"]}}],"collection":[{"href":"https:\/\/www.ufsm.br\/unidades-universitarias\/cachoeira-do-sul\/wp-json\/wp\/v2\/posts"}],"about":[{"href":"https:\/\/www.ufsm.br\/unidades-universitarias\/cachoeira-do-sul\/wp-json\/wp\/v2\/types\/post"}],"author":[{"embeddable":true,"href":"https:\/\/www.ufsm.br\/unidades-universitarias\/cachoeira-do-sul\/wp-json\/wp\/v2\/users\/27"}],"replies":[{"embeddable":true,"href":"https:\/\/www.ufsm.br\/unidades-universitarias\/cachoeira-do-sul\/wp-json\/wp\/v2\/comments?post=290"}],"version-history":[{"count":0,"href":"https:\/\/www.ufsm.br\/unidades-universitarias\/cachoeira-do-sul\/wp-json\/wp\/v2\/posts\/290\/revisions"}],"wp:attachment":[{"href":"https:\/\/www.ufsm.br\/unidades-universitarias\/cachoeira-do-sul\/wp-json\/wp\/v2\/media?parent=290"}],"wp:term":[{"taxonomy":"category","embeddable":true,"href":"https:\/\/www.ufsm.br\/unidades-universitarias\/cachoeira-do-sul\/wp-json\/wp\/v2\/categories?post=290"},{"taxonomy":"post_tag","embeddable":true,"href":"https:\/\/www.ufsm.br\/unidades-universitarias\/cachoeira-do-sul\/wp-json\/wp\/v2\/tags?post=290"}],"curies":[{"name":"wp","href":"https:\/\/api.w.org\/{rel}","templated":true}]}}