{"id":292,"date":"2015-08-28T20:21:41","date_gmt":"2015-08-28T23:21:41","guid":{"rendered":"https:\/\/www.ufsm.br\/unidades-universitarias\/cachoeira-do-sul\/2015\/08\/28\/ufsm-cs-lanca-concurso-para-criacao-da-logomarca-da-semana-academica-do-campus\/"},"modified":"2015-08-28T20:21:41","modified_gmt":"2015-08-28T23:21:41","slug":"ufsm-cs-lanca-concurso-para-criacao-da-logomarca-da-semana-academica-do-campus","status":"publish","type":"post","link":"https:\/\/www.ufsm.br\/unidades-universitarias\/cachoeira-do-sul\/2015\/08\/28\/ufsm-cs-lanca-concurso-para-criacao-da-logomarca-da-semana-academica-do-campus","title":{"rendered":"UFSM-CS lan\u00e7a concurso para cria\u00e7\u00e3o da logomarca da Semana Acad\u00eamica do Campus"},"content":{"rendered":"<p>A UFSM-CS est\u00e1 lan\u00e7ando, de hoje at\u00e9 o dia 13 de setembro, o concurso para escolher a logomarca para a Semana Acad\u00eamica do Campus de Cachoeira do Sul.<img fetchpriority=\"high\" decoding=\"async\" class=\" size-full wp-image-291\" src=\"https:\/\/www.ufsm.br\/unidades-universitarias\/cachoeira-do-sul\/wp-content\/uploads\/sites\/376\/2015\/08\/cartaz-logo.jpg\" alt=\"\" width=\"908\" height=\"642\" srcset=\"https:\/\/www.ufsm.br\/app\/uploads\/sites\/376\/2015\/08\/cartaz-logo.jpg 908w, https:\/\/www.ufsm.br\/app\/uploads\/sites\/376\/2015\/08\/cartaz-logo-300x212.jpg 300w, https:\/\/www.ufsm.br\/app\/uploads\/sites\/376\/2015\/08\/cartaz-logo-768x543.jpg 768w\" sizes=\"(max-width: 908px) 100vw, 908px\" \/><\/p>\n","protected":false},"excerpt":{"rendered":"<p>A UFSM-CS est\u00e1 lan\u00e7ando, de hoje at\u00e9 o dia 13 de setembro, o concurso para escolher a logomarca para a Semana Acad\u00eamica do Campus de Cachoeira do Sul.<\/p>\n","protected":false},"author":27,"featured_media":291,"comment_status":"closed","ping_status":"closed","sticky":false,"template":"","format":"standard","meta":{"footnotes":""},"categories":[1],"tags":[],"class_list":["post-292","post","type-post","status-publish","format-standard","has-post-thumbnail","hentry","category-noticias"],"acf":[],"_links":{"self":[{"href":"https:\/\/www.ufsm.br\/unidades-universitarias\/cachoeira-do-sul\/wp-json\/wp\/v2\/posts\/292","targetHints":{"allow":["GET"]}}],"collection":[{"href":"https:\/\/www.ufsm.br\/unidades-universitarias\/cachoeira-do-sul\/wp-json\/wp\/v2\/posts"}],"about":[{"href":"https:\/\/www.ufsm.br\/unidades-universitarias\/cachoeira-do-sul\/wp-json\/wp\/v2\/types\/post"}],"author":[{"embeddable":true,"href":"https:\/\/www.ufsm.br\/unidades-universitarias\/cachoeira-do-sul\/wp-json\/wp\/v2\/users\/27"}],"replies":[{"embeddable":true,"href":"https:\/\/www.ufsm.br\/unidades-universitarias\/cachoeira-do-sul\/wp-json\/wp\/v2\/comments?post=292"}],"version-history":[{"count":0,"href":"https:\/\/www.ufsm.br\/unidades-universitarias\/cachoeira-do-sul\/wp-json\/wp\/v2\/posts\/292\/revisions"}],"wp:featuredmedia":[{"embeddable":true,"href":"https:\/\/www.ufsm.br\/unidades-universitarias\/cachoeira-do-sul\/wp-json\/wp\/v2\/media\/291"}],"wp:attachment":[{"href":"https:\/\/www.ufsm.br\/unidades-universitarias\/cachoeira-do-sul\/wp-json\/wp\/v2\/media?parent=292"}],"wp:term":[{"taxonomy":"category","embeddable":true,"href":"https:\/\/www.ufsm.br\/unidades-universitarias\/cachoeira-do-sul\/wp-json\/wp\/v2\/categories?post=292"},{"taxonomy":"post_tag","embeddable":true,"href":"https:\/\/www.ufsm.br\/unidades-universitarias\/cachoeira-do-sul\/wp-json\/wp\/v2\/tags?post=292"}],"curies":[{"name":"wp","href":"https:\/\/api.w.org\/{rel}","templated":true}]}}