{"id":2922,"date":"2021-04-07T11:50:08","date_gmt":"2021-04-07T14:50:08","guid":{"rendered":"https:\/\/www.ufsm.br\/unidades-universitarias\/cachoeira-do-sul\/?p=2922"},"modified":"2021-04-07T11:56:33","modified_gmt":"2021-04-07T14:56:33","slug":"revista-jesta-da-ufsm-cs-publica-sua-primeira-edicao-especial","status":"publish","type":"post","link":"https:\/\/www.ufsm.br\/unidades-universitarias\/cachoeira-do-sul\/2021\/04\/07\/revista-jesta-da-ufsm-cs-publica-sua-primeira-edicao-especial","title":{"rendered":"Revista Jesta da UFSM-CS publica sua primeira edi\u00e7\u00e3o especial"},"content":{"rendered":"\n<p style=\"text-align: justify\">O <em>Journal Of Exact Sciences and Technological Applications<\/em> (JESTA) est\u00e1 publicando sua primeira edi\u00e7\u00e3o especial, tendo como tem\u00e1tica o Empreendedorismo e desenvolvimento sustent\u00e1vel. Nesta edi\u00e7\u00e3o, est\u00e3o publicados artigos convidados, via fast-track, de autores participantes da 9\u00ba Confer\u00eancia Ib\u00e9rica de Empreendedorismo \u2013 CIEM, promovida pela Empreend \u2013 Associa\u00e7\u00e3o Portuguesa para o Empreendedorismo. A Confer\u00eancia tem como objetivo gerar um interc\u00e2mbio entre os universos cient\u00edfico e empresarial com o des\u00edgnio de compartilhar conhecimento, capacidades e experi\u00eancias contribuindo para o crescimento da economia e do desenvolvimento sustent\u00e1vel. Trata-se de uma das principais confer\u00eancias europeias sobre o tema.<\/p>\n<p style=\"text-align: justify\">Para o editor convidado desta edi\u00e7\u00e3o, Prof. Dr. Lucas Veiga Avila, docente do campus da UFSM em Cachoeira do Sul, a tem\u00e1tica de empreendedorismo e desenvolvimento sustent\u00e1vel \u00e9 um conceito internacionalizado que a cada dia v\u00eam criando novos espa\u00e7os e sinergia em organiza\u00e7\u00f5es de diferentes contextos e no campo da pesquisa cient\u00edfica. Muitos especialistas da \u00e1rea de neg\u00f3cios e engenharias consideram a express\u00e3o \u201cempreendedorismo orientado \u00e0 sustentabilidade\u201d como uma das grandes \u00e1reas da competitividade do mercado. O conceito de empreendedorismo sustent\u00e1vel (empreendedorismo orientado para o desenvolvimento sustent\u00e1vel), tamb\u00e9m \u00e9 utilizado para definir neg\u00f3cios que combinam a gera\u00e7\u00e3o de riquezas com o desenvolvimento respons\u00e1vel do meio social e ambiental.<\/p>\n<p style=\"text-align: justify\">A Revista Jesta destina-se a publica\u00e7\u00e3o de artigos cient\u00edficos e de revis\u00e3o em todas as sub\u00e1reas de qu\u00edmica, f\u00edsica e matem\u00e1tica e tamb\u00e9m de suas aplica\u00e7\u00f5es tecnol\u00f3gicas, voltadas principalmente \u00e0s engenharias, aplica\u00e7\u00f5es, procedimentos metodol\u00f3gicos e experimentos. Ela tem fluxo cont\u00ednuo para submiss\u00f5es, sendo que, assim que prontos para a publica\u00e7\u00e3o, os artigos ser\u00e3o disponibilizados online, limitados a duas edi\u00e7\u00f5es ao ano.\u00a0<\/p>\n<p style=\"text-align: justify\">A comiss\u00e3o de editores chefes de \u00e1rea da Revista Jesta \u00e9 composta por Prof. Dr. Glauber Rodrigues de Quadros (Matem\u00e1tica), Prof. Dr. Jocenir Boita (F\u00edsica), Prof. Dr. Alejandro Ruiz-Padillo (Aplica\u00e7\u00f5es Tecnol\u00f3gicas) e Profa. Dra. Debora Faoro (Qu\u00edmica).<\/p>\n<p style=\"text-align: justify\">Para acessar a edi\u00e7\u00e3o, clique no <a href=\"https:\/\/periodicos.ufsm.br\/JESTA\/issue\/view\/1482\/showToc\">link<\/a>.<\/p>\n","protected":false},"excerpt":{"rendered":"<p>O Journal Of Exact Sciences and Technological Applications (JESTA) est\u00e1 publicando sua primeira edi\u00e7\u00e3o especial, tendo como tem\u00e1tica o Empreendedorismo e desenvolvimento sustent\u00e1vel. Nesta edi\u00e7\u00e3o, est\u00e3o publicados artigos convidados, via fast-track, de autores participantes da 9\u00ba Confer\u00eancia Ib\u00e9rica de Empreendedorismo \u2013 CIEM, promovida pela Empreend \u2013 Associa\u00e7\u00e3o Portuguesa para o Empreendedorismo. A Confer\u00eancia tem como [&hellip;]<\/p>\n","protected":false},"author":293,"featured_media":0,"comment_status":"closed","ping_status":"closed","sticky":false,"template":"","format":"standard","meta":{"footnotes":""},"categories":[21,1,349,350],"tags":[],"class_list":["post-2922","post","type-post","status-publish","format-standard","hentry","category-banner","category-noticias","category-periodicos","category-revista-jesta"],"acf":[],"_links":{"self":[{"href":"https:\/\/www.ufsm.br\/unidades-universitarias\/cachoeira-do-sul\/wp-json\/wp\/v2\/posts\/2922","targetHints":{"allow":["GET"]}}],"collection":[{"href":"https:\/\/www.ufsm.br\/unidades-universitarias\/cachoeira-do-sul\/wp-json\/wp\/v2\/posts"}],"about":[{"href":"https:\/\/www.ufsm.br\/unidades-universitarias\/cachoeira-do-sul\/wp-json\/wp\/v2\/types\/post"}],"author":[{"embeddable":true,"href":"https:\/\/www.ufsm.br\/unidades-universitarias\/cachoeira-do-sul\/wp-json\/wp\/v2\/users\/293"}],"replies":[{"embeddable":true,"href":"https:\/\/www.ufsm.br\/unidades-universitarias\/cachoeira-do-sul\/wp-json\/wp\/v2\/comments?post=2922"}],"version-history":[{"count":0,"href":"https:\/\/www.ufsm.br\/unidades-universitarias\/cachoeira-do-sul\/wp-json\/wp\/v2\/posts\/2922\/revisions"}],"wp:attachment":[{"href":"https:\/\/www.ufsm.br\/unidades-universitarias\/cachoeira-do-sul\/wp-json\/wp\/v2\/media?parent=2922"}],"wp:term":[{"taxonomy":"category","embeddable":true,"href":"https:\/\/www.ufsm.br\/unidades-universitarias\/cachoeira-do-sul\/wp-json\/wp\/v2\/categories?post=2922"},{"taxonomy":"post_tag","embeddable":true,"href":"https:\/\/www.ufsm.br\/unidades-universitarias\/cachoeira-do-sul\/wp-json\/wp\/v2\/tags?post=2922"}],"curies":[{"name":"wp","href":"https:\/\/api.w.org\/{rel}","templated":true}]}}