{"id":2964,"date":"2021-05-20T15:59:44","date_gmt":"2021-05-20T18:59:44","guid":{"rendered":"https:\/\/www.ufsm.br\/unidades-universitarias\/cachoeira-do-sul\/?p=2964"},"modified":"2021-05-20T15:59:46","modified_gmt":"2021-05-20T18:59:46","slug":"projeto-de-extensao-desenvolvido-na-ufsm-cs-leva-conhecimento-de-matematica-atraves-de-canal-no-youtube","status":"publish","type":"post","link":"https:\/\/www.ufsm.br\/unidades-universitarias\/cachoeira-do-sul\/2021\/05\/20\/projeto-de-extensao-desenvolvido-na-ufsm-cs-leva-conhecimento-de-matematica-atraves-de-canal-no-youtube","title":{"rendered":"Projeto de extens\u00e3o desenvolvido na UFSM-CS leva conhecimento de matem\u00e1tica atrav\u00e9s de canal no Youtube"},"content":{"rendered":"\n<p style=\"text-align: justify\">O projeto de extens\u00e3o intitulado &#8220;Apoio Pedag\u00f3gico e Aulas Extracurriculares: Ci\u00eancias Exatas para Discentes do Ensino Fundamental e M\u00e9dio\u201d, desenvolvido pela Profa. Ana Luisa Soubhia e os acad\u00eamicos Gustavo Lenhardt Steffen e C\u00e9sar Teixeira Pacheco, busca auxiliar os estudantes a aprender e explorar conte\u00fados de Matem\u00e1tica, F\u00edsica e Qu\u00edmica.<\/p>\n<p style=\"text-align: justify\">Inicialmente, a ideia do projeto, que teve in\u00edcio em 2020, era atender alunos de uma escola p\u00fablica de Cachoeira do Sul com aulas presenciais de refor\u00e7o e oficinas visando prepar\u00e1-los para olimp\u00edadas de Matem\u00e1tica ofertadas na rede p\u00fablica, sendo o maior expoente a OBMEP (Olimp\u00edada Brasileira de Matem\u00e1tica das Escolas P\u00fablicas). Com o agravamento da pandemia e a suspens\u00e3o das aulas presenciais, os participantes do projeto precisaram adapt\u00e1-lo. Assim, surgiu o <a href=\"https:\/\/www.youtube.com\/channel\/UCXwFXZvf0H4XK7kMXYuN_MA\">canal no Youtube \u201cApoio Pedag\u00f3gico E Aulas Extracurriculares\u201d<\/a> .<\/p>\n<p style=\"text-align: justify\">O canal traz v\u00eddeos curtos e interativos, com uma linguagem f\u00e1cil e acess\u00edvel, de no m\u00e1ximo 20 minutos, abordando os conte\u00fados de matem\u00e1tica mais presentes na OBMEP. Ao todo foram desenvolvidas 32 aulas destes conte\u00fados, elaboradas ao longo de 2020, e que ser\u00e3o gravadas e postadas no canal ainda em 2021.<\/p>\n<p style=\"text-align: justify\">Segundo os participantes do projeto, apesar da ideia inicial ser voltada para auxiliar os estudantes de Cachoeira do Sul, com a adapta\u00e7\u00e3o feita e a cria\u00e7\u00e3o do canal no Youtube, eles expandiram exponencialmente o alcance do projeto. Al\u00e9m disso o material estar\u00e1 dispon\u00edvel de maneira vital\u00edcia ao p\u00fablico, podendo ainda ser compartilhado e postado em diversas redes e plataformas. \u201cCom esse projeto esperamos promover o ensino da matem\u00e1tica, de forma simples e pr\u00e1tica, trazendo exemplos para que os alunos percebam o quanto a matem\u00e1tica est\u00e1 presente no nosso dia a dia\u201d, afirma Gustavo Steffen.<\/p>\n<p>\u00a0<\/p>\n<p><img fetchpriority=\"high\" decoding=\"async\" class=\"size-medium wp-image-2965 aligncenter\" src=\"https:\/\/www.ufsm.br\/app\/uploads\/sites\/376\/2021\/05\/APOIO-PEDAGOGICO-E-AULAS-EXTRACURRICULAR-300x300.png\" alt=\"\" width=\"300\" height=\"300\" srcset=\"https:\/\/www.ufsm.br\/app\/uploads\/sites\/376\/2021\/05\/APOIO-PEDAGOGICO-E-AULAS-EXTRACURRICULAR-300x300.png 300w, https:\/\/www.ufsm.br\/app\/uploads\/sites\/376\/2021\/05\/APOIO-PEDAGOGICO-E-AULAS-EXTRACURRICULAR-1024x1024.png 1024w, https:\/\/www.ufsm.br\/app\/uploads\/sites\/376\/2021\/05\/APOIO-PEDAGOGICO-E-AULAS-EXTRACURRICULAR-150x150.png 150w, https:\/\/www.ufsm.br\/app\/uploads\/sites\/376\/2021\/05\/APOIO-PEDAGOGICO-E-AULAS-EXTRACURRICULAR-768x768.png 768w, https:\/\/www.ufsm.br\/app\/uploads\/sites\/376\/2021\/05\/APOIO-PEDAGOGICO-E-AULAS-EXTRACURRICULAR.png 1080w\" sizes=\"(max-width: 300px) 100vw, 300px\" \/><\/p>\n","protected":false},"excerpt":{"rendered":"<p>O projeto de extens\u00e3o intitulado &#8220;Apoio Pedag\u00f3gico e Aulas Extracurriculares: Ci\u00eancias Exatas para Discentes do Ensino Fundamental e M\u00e9dio\u201d, desenvolvido pela Profa. Ana Luisa Soubhia e os acad\u00eamicos Gustavo Lenhardt Steffen e C\u00e9sar Teixeira Pacheco, busca auxiliar os estudantes a aprender e explorar conte\u00fados de Matem\u00e1tica, F\u00edsica e Qu\u00edmica. Inicialmente, a ideia do projeto, que [&hellip;]<\/p>\n","protected":false},"author":293,"featured_media":0,"comment_status":"closed","ping_status":"closed","sticky":false,"template":"","format":"standard","meta":{"footnotes":""},"categories":[21,1],"tags":[],"class_list":["post-2964","post","type-post","status-publish","format-standard","hentry","category-banner","category-noticias"],"acf":[],"_links":{"self":[{"href":"https:\/\/www.ufsm.br\/unidades-universitarias\/cachoeira-do-sul\/wp-json\/wp\/v2\/posts\/2964","targetHints":{"allow":["GET"]}}],"collection":[{"href":"https:\/\/www.ufsm.br\/unidades-universitarias\/cachoeira-do-sul\/wp-json\/wp\/v2\/posts"}],"about":[{"href":"https:\/\/www.ufsm.br\/unidades-universitarias\/cachoeira-do-sul\/wp-json\/wp\/v2\/types\/post"}],"author":[{"embeddable":true,"href":"https:\/\/www.ufsm.br\/unidades-universitarias\/cachoeira-do-sul\/wp-json\/wp\/v2\/users\/293"}],"replies":[{"embeddable":true,"href":"https:\/\/www.ufsm.br\/unidades-universitarias\/cachoeira-do-sul\/wp-json\/wp\/v2\/comments?post=2964"}],"version-history":[{"count":0,"href":"https:\/\/www.ufsm.br\/unidades-universitarias\/cachoeira-do-sul\/wp-json\/wp\/v2\/posts\/2964\/revisions"}],"wp:attachment":[{"href":"https:\/\/www.ufsm.br\/unidades-universitarias\/cachoeira-do-sul\/wp-json\/wp\/v2\/media?parent=2964"}],"wp:term":[{"taxonomy":"category","embeddable":true,"href":"https:\/\/www.ufsm.br\/unidades-universitarias\/cachoeira-do-sul\/wp-json\/wp\/v2\/categories?post=2964"},{"taxonomy":"post_tag","embeddable":true,"href":"https:\/\/www.ufsm.br\/unidades-universitarias\/cachoeira-do-sul\/wp-json\/wp\/v2\/tags?post=2964"}],"curies":[{"name":"wp","href":"https:\/\/api.w.org\/{rel}","templated":true}]}}